{"id":964,"date":"2017-10-06T07:11:44","date_gmt":"2017-10-06T07:11:44","guid":{"rendered":"http:\/\/16lo.tarman.pl\/?p=964"},"modified":"2021-09-13T14:57:22","modified_gmt":"2021-09-13T14:57:22","slug":"osrodki-w-ktorych-mozna-uzyskac-pomoc-specjalistyczna","status":"publish","type":"post","link":"https:\/\/16lo.tarman.pl\/?p=964","title":{"rendered":"O\u015brodki, w kt\u00f3rych mo\u017cna uzyska\u0107 pomoc specjalistyczn\u0105"},"content":{"rendered":"\n<p><strong>Od 6 wrze\u015bnia dzia\u0142a ca\u0142odobowa, bezp\u0142atna, og\u00f3lnopolska infolinia dla dzieci i m\u0142odzie\u017cy oraz ich opiekun\u00f3w<\/strong> prze\u017cywaj\u0105cym k\u0142opoty i trudno\u015bci, spowodowane m.in. skutkami izolacji r\u00f3wie\u015bniczej podczas epidemii COVID-19 <strong>&nbsp;. Pod numerem telefonu&nbsp;800 800 605&nbsp;dzieci i m\u0142odzie\u017c, ale tak\u017ce rodzice, nauczyciele i pedagodzy b\u0119d\u0105 mogli uzyska\u0107 profesjonaln\u0105 pomoc do\u015bwiadczonych psycholog\u00f3w, pedagog\u00f3w i prawnik\u00f3w.<\/strong><\/p>\n<p>Aby skorzysta\u0107 z pomocy wystarczy zadzwoni\u0107&nbsp;na infolini\u0119, gdzie profesjonalni konsultanci odpowiedz\u0105 na wszystkie pytania, doradz\u0105, co mo\u017cna zrobi\u0107 w danej sytuacji.&nbsp;Rozm\u00f3wcy nie musz\u0105 si\u0119 przedstawia\u0107, maj\u0105 zapewnion\u0105 dyskrecj\u0119 i anonimowo\u015b\u0107.<\/p>\n<p>Zach\u0119camy tak\u017ce do skorzystania z kontaktu mailowego&nbsp;<a href=\"mailto:pomagamy@1815.pl\">pomagamy@1815.pl<\/a><\/p>\n\n\n\n<p style=\"text-align: center; background: white; margin: 3.75pt 0cm 3.75pt 0cm;\" align=\"center\"><strong><span style=\"font-size: 8.5pt; font-family: 'Tahoma','sans-serif';\">PORADNIE I O\u015aRODKI, W KT\u00d3RYCH MO\u017bNA UZYSKA\u0106 POMOC&nbsp; SPECJALISTYCZN\u0104<\/span><\/strong><\/p>\n<p align=\"center\">&nbsp;<\/p>\n<table width=\"855\">\n<tbody>\n<tr>\n<td colspan=\"6\" width=\"850\">&nbsp;<\/td>\n<\/tr>\n<tr>\n<td width=\"60\">\n<p><strong>Lp<\/strong><\/p>\n<\/td>\n<td width=\"163\">\n<p><strong>Rodzaj problemu<\/strong><\/p>\n<\/td>\n<td width=\"139\">\n<p><strong>Instytucja<\/strong><\/p>\n<\/td>\n<td width=\"128\">\n<p><strong>Adres&nbsp;&nbsp;&nbsp;&nbsp;&nbsp;&nbsp;&nbsp;&nbsp;&nbsp;&nbsp;&nbsp;&nbsp;&nbsp;<\/strong><\/p>\n<\/td>\n<td width=\"104\">\n<p><strong>Telefon&nbsp;&nbsp;&nbsp;&nbsp;&nbsp;&nbsp;&nbsp;&nbsp;&nbsp;<\/strong><\/p>\n<\/td>\n<td width=\"244\">\n<p><strong>link<\/strong><\/p>\n<\/td>\n<\/tr>\n<tr>\n<td width=\"60\">\n<p>1<\/p>\n<\/td>\n<td width=\"163\">\n<p>trudno\u015bci w pisaniu, czytaniu, liczeniu i m\u00f3wieniu, trudno\u015bci dydaktyczne i niepowodzenia szkolne, trudno\u015bci wychowawcze i emocjonalne, trudne sytuacje rodzinne<\/p>\n<\/td>\n<td width=\"139\">\n<p>PORADNIA PSYCHOLOGICZNO &#8211; PEDAGOGICZNA<\/p>\n<\/td>\n<td width=\"128\">\n<p>Tarn\u00f3w,<br \/>ul. Chyszowska 3<\/p>\n<\/td>\n<td width=\"104\">\n<p>14 655 99 96<br \/>14 655 99 95<\/p>\n<\/td>\n<td width=\"244\">\n<p><a href=\"http:\/\/www.ppptarnow.is.net.pl\/\"><strong>http:\/\/www.ppptarnow.is.net.pl\/<\/strong><\/a><\/p>\n<\/td>\n<\/tr>\n<tr>\n<td width=\"60\">\n<p>2<\/p>\n<\/td>\n<td width=\"163\">\n<p>niepokoj\u0105ce zachowania, b\u0105d\u017a objawy u siebie lub u dziecka\/wychowanka, trudne \u017cyciowo momenty, szukanie odpowiedzi na trudne pytania, trudno\u015bci w relacjach (z r\u00f3wie\u015bnikami lub rodzic\u00f3w z dzieckiem), trudna sytuacja rodzinna, \u017cyciowa lub szkolna, zaburzeniach w zachowaniu lub emocjach, trudno\u015bci adaptacyjne, l\u0119ki i fobie, tiki, niskie poczucie w\u0142asnej warto\u015bci, zaburzenia depresyjne, zaburzenia jedzenia, trudno\u015bci separacyjne, samookaleczanie, u\u017cywanie \u015brodk\u00f3w odurzaj\u0105cych, uzale\u017cnienie.<\/p>\n<\/td>\n<td width=\"139\">\n<p>SPECJALISTYCZNA PORADNIA PROFILAKTYCZNO &#8211; TERAPEUTYCZNA<\/p>\n<\/td>\n<td width=\"128\">\n<p>Tarn\u00f3w,<br \/>ul. Szujskiego 25<\/p>\n<\/td>\n<td width=\"104\">\n<p>14 622 27 96<\/p>\n<\/td>\n<td width=\"244\">\n<p><a href=\"http:\/\/www.sppt.tarnow.pl\/\"><strong>http:\/\/www.sppt.tarnow.pl\/<\/strong><\/a><\/p>\n<\/td>\n<\/tr>\n<tr>\n<td width=\"60\">\n<p>3<\/p>\n<\/td>\n<td width=\"163\">\n<p><br \/>problemy psychologiczne, emocjonalne, rodzinne<\/p>\n<\/td>\n<td width=\"139\">\n<p>O\u015aRODEK PORADNICTWA I TERAPII RODZIN DOM TERAPII<\/p>\n<\/td>\n<td width=\"128\">\n<p>Tarn\u00f3w,<br \/>&nbsp;ul. Wa\u0142owa 5\/7<\/p>\n<\/td>\n<td width=\"104\">\n<p>501 267 582<\/p>\n<\/td>\n<td width=\"244\">\n<p>&nbsp;<a href=\"http:\/\/domterapii.org\/kontakt-optir.html\"><strong>http:\/\/domterapii.org\/kontakt-optir.html<\/strong><\/a><\/p>\n<\/td>\n<\/tr>\n<tr>\n<td width=\"60\">\n<p>&nbsp;4<\/p>\n<\/td>\n<td width=\"163\">\n<p>&nbsp;problemy psychologiczne, emocjonalne,<\/p>\n<\/td>\n<td width=\"139\">\n<p>&nbsp;PORADNIA ZDROWIA PSYCHICZNEGO&nbsp;<\/p>\n<\/td>\n<td width=\"128\">\n<p>&nbsp;Tarn\u00f3w,<br \/>ul. Mostowa 6<\/p>\n<\/td>\n<td width=\"104\">\n<p>14 621 58 47<\/p>\n<\/td>\n<td width=\"244\">\n<p>&nbsp;<a href=\"https:\/\/zps.tarnow.pl\/poradnie\/poradnia-zdrowia-psychicznego\/\"><strong>https:\/\/zps.tarnow.pl\/poradnie\/poradnia-zdrowia-psychicznego\/<\/strong><\/a><\/p>\n<\/td>\n<\/tr>\n<tr>\n<td width=\"60\">\n<p>5<\/p>\n<\/td>\n<td width=\"163\">\n<p>do\u015bwiadczanie przemocy ze strony najbli\u017cszych, problemy psychologiczne,<\/p>\n<\/td>\n<td width=\"139\">\n<p>O\u015aRODEK INTERWENCJI KRYZYSOWEJ I WSPARCIA OFIAR PRZEMOCY<\/p>\n<\/td>\n<td width=\"128\">\n<p>Tarn\u00f3w,<br \/>&nbsp;ul. Szarych Szereg\u00f3w 1<\/p>\n<\/td>\n<td width=\"104\">\n<p>14 655 3636, &nbsp;<br \/>14 655 66 59<\/p>\n<\/td>\n<td width=\"244\">\n<p><a href=\"http:\/\/www.oik.tarnow.pl\/\"><strong>http:\/\/www.oik.tarnow.pl\/<\/strong><\/a><\/p>\n<\/td>\n<\/tr>\n<tr>\n<td width=\"60\">\n<p>6<\/p>\n<\/td>\n<td width=\"163\">\n<p>problemy rodzinne, z agresj\u0105, stosowaniem przemocy, komunikacj\u0105, ze \u015brodkami uzale\u017cniaj\u0105cymi, nag\u0142y lub przewlek\u0142y kryzys psychiczny, brak umiej\u0119tno\u015bci samodzielnego radzenia sobie,<\/p>\n<\/td>\n<td width=\"139\">\n<p>POWIATOWE CENTRUM POMOCY RODZINIE<\/p>\n<\/td>\n<td width=\"128\">\n<p>Tarn\u00f3w,<br \/>ul. Szujskiego 66<\/p>\n<\/td>\n<td width=\"104\">\n<p>14 621 56 83<\/p>\n<\/td>\n<td width=\"244\">\n<p><a href=\"http:\/\/www.pcprtarnow.pl\/\"><strong>http:\/\/www.pcprtarnow.pl\/<\/strong><\/a><\/p>\n<\/td>\n<\/tr>\n<tr>\n<td width=\"60\">\n<p>&nbsp;7<\/p>\n<\/td>\n<td width=\"163\">\n<p>&nbsp;problemy prawne, z uzale\u017cnieniami, rodzinne<\/p>\n<\/td>\n<td width=\"139\">\n<p>TARNOWSKIE TOWARZYSTWO PROFILAKTYKI SPO\u0141ECZNEJ&nbsp;<\/p>\n<\/td>\n<td width=\"128\">\n<p>&nbsp;Tarn\u00f3w,<br \/>ul. Tuchowska 21<\/p>\n<\/td>\n<td width=\"104\">\n<p>14 657 11 20<\/p>\n<\/td>\n<td width=\"244\">\n<p><a href=\"http:\/\/www.rynek4.org\/\"><strong>http:\/\/www.rynek4.org<\/strong><\/a><\/p>\n<\/td>\n<\/tr>\n<tr>\n<td width=\"60\">\n<p>8<\/p>\n<\/td>\n<td width=\"163\">\n<p>problemy rodzinne, finansowe, mieszkaniowe, z przemoc\u0105 w rodzinie, alkoholem, bezdomno\u015bci\u0105<\/p>\n<\/td>\n<td width=\"139\">\n<p>MIEJSKI O\u015aRODEK POMOCY SPO\u0141ECZNEJ<\/p>\n<\/td>\n<td width=\"128\">\n<p>Tarn\u00f3w,<br \/>ul. M.B. Fatimskiej 9<\/p>\n<\/td>\n<td width=\"104\">\n<p>14 627 61 46<\/p>\n<\/td>\n<td width=\"244\">\n<p><a href=\"http:\/\/www.mops.tarnow.pl\/index.php\/telefony\"><strong>http:\/\/www.mops.tarnow.pl\/index.php\/telefony<\/strong><\/a><\/p>\n<\/td>\n<\/tr>\n<tr>\n<td width=\"60\">\n<p>&nbsp;9<\/p>\n<\/td>\n<td width=\"163\">\n<p>&nbsp;problemy rodzinne, finansowe, mieszkaniowe, z przemoc\u0105 w rodzinie, alkoholem, bezdomno\u015bci\u0105<\/p>\n<\/td>\n<td width=\"139\">\n<p>&nbsp;GMINNYO\u015aRODEK POMOCY SPO\u0141ECZNEJ<\/p>\n<\/td>\n<td width=\"128\">\n<p>Tarn\u00f3w,<br \/>ul. Krakowska 19<\/p>\n<\/td>\n<td width=\"104\">\n<p>14 688 01 50<\/p>\n<\/td>\n<td width=\"244\">\n<p><a href=\"http:\/\/gops.gminatarnow.pl\/gops.html\"><strong>http:\/\/gops.gminatarnow.pl\/gops.html<\/strong><\/a><\/p>\n<\/td>\n<\/tr>\n<tr>\n<td width=\"60\">\n<p>10<\/p>\n<\/td>\n<td width=\"163\">\n<p>trudna \u017cyciowo sytuacja, problemy psychologiczne, prawne, z uzale\u017cnieniami, rodzinne,<\/p>\n<\/td>\n<td width=\"139\">\n<p>\u201eARKA\u201d PORADNIA SPECJALISTYCZNA I TELEFON ZAUFANIA&nbsp;<\/p>\n<\/td>\n<td width=\"128\">\n<p>Tarn\u00f3w,<br \/>&nbsp;Pl. Katedralny 6<\/p>\n<\/td>\n<td width=\"104\">\n<p>14 621 01 91<\/p>\n<\/td>\n<td width=\"244\">\n<p><a href=\"http:\/\/www.arka.diecezja.tarnow.pl\/\"><strong>http:\/\/www.arka.diecezja.tarnow.pl\/<\/strong><\/a><\/p>\n<\/td>\n<\/tr>\n<tr>\n<td width=\"60\">\n<p>&nbsp;11<\/p>\n<\/td>\n<td width=\"163\">\n<p>&nbsp;uzale\u017cnienia, problemy rodzinne zwi\u0105zane z uzale\u017cnieniami<\/p>\n<\/td>\n<td width=\"139\">\n<p>&nbsp;KRAKOWSKIE CENTRUM TERAPII UZALE\u017bNIE\u0143<\/p>\n<\/td>\n<td width=\"128\">\n<p>&nbsp;Krak\u00f3w,<br \/>&nbsp;ul. Wielicka 73<\/p>\n<\/td>\n<td width=\"104\">\n<p>12 425 57 84<\/p>\n<\/td>\n<td width=\"244\">\n<p><a href=\"http:\/\/www.kctu.pl\/\"><strong>http:\/\/www.kctu.pl\/<\/strong><\/a><\/p>\n<\/td>\n<\/tr>\n<tr>\n<td width=\"60\">\n<p>12<\/p>\n<\/td>\n<td width=\"163\">\n<p>uzale\u017cnienia, problemy rodzinne zwi\u0105zane z uzale\u017cnieniami<\/p>\n<\/td>\n<td width=\"139\">\n<p>PORADNIA LECZENIA UZALE\u017bNIE\u0143 I WSP\u00d3\u0141UZALE\u017bNIENIA<\/p>\n<\/td>\n<td width=\"128\">\n<p>Krak\u00f3w,<br \/>&nbsp;ul. Batorego 5<\/p>\n<\/td>\n<td width=\"104\">\n<p>12 633 35 31<\/p>\n<\/td>\n<td width=\"244\">\n<p><a href=\"http:\/\/www.pluiw.sdn.org.pl\/\"><strong>http:\/\/www.pluiw.sdn.org.pl\/<\/strong><\/a><\/p>\n<\/td>\n<\/tr>\n<tr>\n<td width=\"60\">\n<p>&nbsp;13<\/p>\n<\/td>\n<td width=\"163\">\n<p>&nbsp;problem z agresj\u0105, relacjami, l\u0119kami, zwi\u0105zanymi z chodzeniem do szko\u0142y, separacj\u0105 z rodzicami, kontaktami spo\u0142ecznymi, emocjami, nie\u015bmia\u0142o\u015bci\u0105, zani\u017con\u0105 samoocen\u0105, urazem psychicznym (\u015bmier\u0107 bliskiej osoby, wykorzystywanie seksualne), czynno\u015bciami natr\u0119tnymi, tikami, trudno\u015bciami w funkcjonowaniu w \u015brodowisku, konfliktem w rodzinie, pojawieniem si\u0119 rodze\u0144stwa, depresj\u0105, l\u0119kami, mutyzmem, moczeniem nocnym, zachowaniem, wychowawczy, zaburzeniami od\u017cywiania,<\/p>\n<\/td>\n<td width=\"139\">\n<p>&nbsp;KRAKOWSKI O\u015aRODEK TERAPII<\/p>\n<\/td>\n<td width=\"128\">\n<p>&nbsp;Krak\u00f3w,<br \/>ul. Helcl\u00f3w 23a<\/p>\n<\/td>\n<td width=\"104\">\n<p>12 422 18 58<\/p>\n<\/td>\n<td width=\"244\">\n<p><a href=\"http:\/\/kot.krakow.pl\/\"><strong>http:\/\/kot.krakow.pl\/<\/strong><\/a><\/p>\n<\/td>\n<\/tr>\n<tr>\n<td width=\"60\">\n<p>14<\/p>\n<\/td>\n<td width=\"163\">\n<p>zaburzenia zachowania, problem z radzeniem sobie z emocjami,<\/p>\n<\/td>\n<td width=\"139\">\n<p>KLINIKA PSYCHIATRII COLLEGIUM MEDICUM UJ<\/p>\n<\/td>\n<td width=\"128\">\n<p>Krak\u00f3w,<br \/>ul. Kopernika 21<\/p>\n<\/td>\n<td width=\"104\">\n<p>12 424 87 50<\/p>\n<\/td>\n<td width=\"244\">\n<p><a href=\"http:\/\/www.katedrapsychiatrii.wl.cm.uj.edu.pl\/zespol\/klinika-psychiatrii-dzieci-i-mlodziezy\/\"><strong>http:\/\/www.katedrapsychiatrii.wl.cm.uj.edu.pl\/zespol\/klinika-psychiatrii-dzieci-i-mlodziezy\/<\/strong><\/a><\/p>\n<\/td>\n<\/tr>\n<tr>\n<td width=\"60\">\n<p>15<\/p>\n<\/td>\n<td width=\"163\">\n<p>problemy prawne, psychologiczne, zwi\u0105zane z przest\u0119pstwem<\/p>\n<\/td>\n<td width=\"139\">\n<p>O\u015aRODEK POMOCY OSOBOM POKRZYWDZONYM PRZEST\u0118PSTWEM PRZY FUNDACJI IM. HETMANA JANA TARNOWSKIEGO&nbsp;<\/p>\n<\/td>\n<td width=\"128\">\n<p>&nbsp;Tarn\u00f3w,<br \/>&nbsp;ul. Krakowska 13\/10, III p.<\/p>\n<\/td>\n<td width=\"104\">\n<p>519 820 707, &nbsp;<br \/>513 066 341<\/p>\n<\/td>\n<td width=\"244\">\n<p><a href=\"https:\/\/fundacjatarnowskiego.pl\/osrodek-pomocy-osobom-pokrzywdzonym-przestepstwem\/\"><strong>https:\/\/fundacjatarnowskiego.pl\/osrodek-pomocy-osobom-pokrzywdzonym-przestepstwem\/<\/strong><\/a><\/p>\n<\/td>\n<\/tr>\n<tr>\n<td width=\"60\">\n<p>16<\/p>\n<\/td>\n<td width=\"163\">\n<p>problemy rodzinne, z agresj\u0105, stosowaniem przemocy<\/p>\n<\/td>\n<td width=\"139\">\n<p>OG\u00d3LNOPOLSKIE POGOTOWIE DLA OFIAR PRZEMOCY W RODZINIE<br \/>&nbsp;\u201eNIEBIESKA LINIA\u201d<\/p>\n<\/td>\n<td width=\"128\">\n<p>Warszawa , Al. Jerozolimskie 155<\/p>\n<\/td>\n<td width=\"104\">\n<p>801 12 00 02<\/p>\n<\/td>\n<td width=\"244\">\n<p>http:\/\/www.niebieskalinia.info<\/p>\n<p>e-mail:&nbsp;<a href=\"mailto:niebieskalinia@niebieskalinia.info\"><strong>niebieskalinia@niebieskalinia.info<\/strong><\/a><\/p>\n<\/td>\n<\/tr>\n<tr>\n<td width=\"60\">\n<p>&nbsp;17<\/p>\n<\/td>\n<td width=\"163\">\n<p>&nbsp;przemoc wobec kobiet, dyskryminacja kobiet w \u017cyciu prywatnym, publicznym i zawodowym<\/p>\n<\/td>\n<td width=\"139\">\n<p>&nbsp;CENTRUM PRAW KOBIET<\/p>\n<\/td>\n<td width=\"128\">\n<p>&nbsp;<\/p>\n<\/td>\n<td width=\"104\">\n<p>&nbsp;<\/p>\n<p>Telefon interwencyjny: 600 07 07 17 &nbsp;<\/p>\n<p>Telefon zaufania:<br \/>22 621 35 37<\/p>\n<\/td>\n<td width=\"244\">\n<p>&nbsp;<\/p>\n<\/td>\n<\/tr>\n<tr>\n<td width=\"60\">\n<p>18<\/p>\n<\/td>\n<td width=\"163\">\n<p>problem z uzale\u017cnieniami, przemoc\u0105, wsp\u00f3\u0142uzale\u017cnieniem<\/p>\n<\/td>\n<td width=\"139\">\n<p>PA\u0143STWOWA AGENCJA ROZWI\u0104ZYWANIA PROBLEM\u00d3W ALKOHOLOWYCH<\/p>\n<\/td>\n<td width=\"128\">\n<p>Warszawa, Al. Jerozolimskie 155<\/p>\n<\/td>\n<td width=\"104\">\n<p>22 250 63 25<\/p>\n<\/td>\n<td width=\"244\">\n<p><a href=\"http:\/\/www.parpa.pl\/\"><strong>http:\/\/www.parpa.pl<\/strong><\/a><\/p>\n<\/td>\n<\/tr>\n<tr>\n<td width=\"60\">\n<p>19<\/p>\n<\/td>\n<td width=\"163\">\n<p>&nbsp;ka\u017cdy problem<\/p>\n<\/td>\n<td width=\"139\">\n<p>&nbsp;BEZP\u0141ATNY TELEFON ZAUFANIA DLA DZIECI I M\u0141ODZIE\u017bY<\/p>\n<\/td>\n<td width=\"128\">\n<p>&nbsp;<\/p>\n<\/td>\n<td width=\"104\">\n<p>&nbsp;116 111<\/p>\n<\/td>\n<td width=\"244\">\n<p>&nbsp;<\/p>\n<\/td>\n<\/tr>\n<tr>\n<td width=\"60\">\n<p>20<\/p>\n<\/td>\n<td width=\"163\">\n<p>problem z alkoholem oraz z innymi substancjami psychoaktywnymi u dzieci i m\u0142odzie\u017cy,<\/p>\n<\/td>\n<td width=\"139\">\n<p>POMARA\u0143CZOWA LINIA<\/p>\n<\/td>\n<td width=\"128\">\n<p>&nbsp;<\/p>\n<\/td>\n<td width=\"104\">\n<p>0 801 140 068<\/p>\n<\/td>\n<td width=\"244\">\n<p>e-mail:<br \/><a href=\"mailto:pomoc@pomaranczowalinia.pl\"><strong>pomoc@pomaranczowalinia.pl<\/strong><\/a><\/p>\n<\/td>\n<\/tr>\n<\/tbody>\n<\/table>\n","protected":false},"excerpt":{"rendered":"<p>Od 6 wrze\u015bnia dzia\u0142a ca\u0142odobowa, bezp\u0142atna, og\u00f3lnopolska infolinia dla dzieci i m\u0142odzie\u017cy oraz ich opiekun\u00f3w [&#8230;]<\/p>\n","protected":false},"author":1,"featured_media":65360,"comment_status":"closed","ping_status":"closed","sticky":false,"template":"","format":"standard","meta":{"ngg_post_thumbnail":0},"categories":[177],"tags":[],"_links":{"self":[{"href":"https:\/\/16lo.tarman.pl\/index.php?rest_route=\/wp\/v2\/posts\/964"}],"collection":[{"href":"https:\/\/16lo.tarman.pl\/index.php?rest_route=\/wp\/v2\/posts"}],"about":[{"href":"https:\/\/16lo.tarman.pl\/index.php?rest_route=\/wp\/v2\/types\/post"}],"author":[{"embeddable":true,"href":"https:\/\/16lo.tarman.pl\/index.php?rest_route=\/wp\/v2\/users\/1"}],"replies":[{"embeddable":true,"href":"https:\/\/16lo.tarman.pl\/index.php?rest_route=%2Fwp%2Fv2%2Fcomments&post=964"}],"version-history":[{"count":9,"href":"https:\/\/16lo.tarman.pl\/index.php?rest_route=\/wp\/v2\/posts\/964\/revisions"}],"predecessor-version":[{"id":65361,"href":"https:\/\/16lo.tarman.pl\/index.php?rest_route=\/wp\/v2\/posts\/964\/revisions\/65361"}],"wp:featuredmedia":[{"embeddable":true,"href":"https:\/\/16lo.tarman.pl\/index.php?rest_route=\/wp\/v2\/media\/65360"}],"wp:attachment":[{"href":"https:\/\/16lo.tarman.pl\/index.php?rest_route=%2Fwp%2Fv2%2Fmedia&parent=964"}],"wp:term":[{"taxonomy":"category","embeddable":true,"href":"https:\/\/16lo.tarman.pl\/index.php?rest_route=%2Fwp%2Fv2%2Fcategories&post=964"},{"taxonomy":"post_tag","embeddable":true,"href":"https:\/\/16lo.tarman.pl\/index.php?rest_route=%2Fwp%2Fv2%2Ftags&post=964"}],"curies":[{"name":"wp","href":"https:\/\/api.w.org\/{rel}","templated":true}]}}