{"id":72372,"date":"2025-10-11T07:26:00","date_gmt":"2025-10-11T07:26:00","guid":{"rendered":"http:\/\/16lo.tarman.pl\/?p=72372"},"modified":"2025-10-11T07:30:18","modified_gmt":"2025-10-11T07:30:18","slug":"malopolskie-stypendium-im-sw-jana-pawla-ii-dla-mistrzow-edukacji","status":"publish","type":"post","link":"https:\/\/16lo.tarman.pl\/?p=72372","title":{"rendered":"Ma\u0142opolskie Stypendium\u00a0im. \u015bw. Jana Paw\u0142a II dla Mistrz\u00f3w Edukacji"},"content":{"rendered":"\n<p>Do 22 pa\u017adziernika 2025r. trawa nab\u00f3r wniosk\u00f3w do&nbsp;<strong>Ma\u0142opolskiego Stypendium&nbsp;im. \u015bw. Jana Paw\u0142a II dla Mistrz\u00f3w Edukacji<\/strong>&nbsp;dla najzdolniejszych&nbsp;ma\u0142opolskich uczni\u00f3w oraz student\u00f3w.&nbsp;&nbsp;<\/p>\n<p>Celem udzielenia wsparcia stypendialnego jest wzmocnienie potencja\u0142u szczeg\u00f3lnie uzdolnionych uczni\u00f3w oraz student\u00f3w w&nbsp;zakresie aktywno\u015bci spo\u0142ecznej, uzdolnie\u0144 artystycznych, osi\u0105gni\u0119\u0107 sportowych lub naukowych, a&nbsp;tak\u017ce promowanie w\u0142a\u015bciwej postawy wzgl\u0119dem realizowanego obowi\u0105zku szkolnego.<\/p>\n<p>W&nbsp;ramach&nbsp;<em>Ma\u0142opolskiego Stypendium im. \u015bw. Jana Paw\u0142a II dla Mistrz\u00f3w Edukacji<\/em>&nbsp;finansowanego ze \u015brodk\u00f3w w\u0142asnych Wojew\u00f3dztwa Ma\u0142opolskiego w&nbsp;roku szkolnym\/akademickim 2025\/2026 r. b\u0119d\u0105 przyznawane stypendia dla:<\/p>\n<p>UCZNI\u00d3W:&nbsp;klas 5-8 szko\u0142y podstawowej oraz&nbsp;szk\u00f3\u0142 ponadpodstawowych&nbsp;wszystkich typ\u00f3w (technik\u00f3w, lice\u00f3w, szk\u00f3\u0142 bran\u017cowych) i&nbsp;STUDENT\u00d3W PIERWSZEGO ROKU<\/p>\n<ul>\n<li>za szczeg\u00f3lne osi\u0105gni\u0119cia w&nbsp;zakresie aktywno\u015bci spo\u0142ecznej,<\/li>\n<li>za szczeg\u00f3lne osi\u0105gni\u0119cia artystyczne,<\/li>\n<li>za szczeg\u00f3lne osi\u0105gni\u0119cia sportowe,<\/li>\n<li>za szczeg\u00f3lne osi\u0105gni\u0119cia w&nbsp;naukach humanistycznych,<\/li>\n<li>za szczeg\u00f3lne osi\u0105gni\u0119cia w&nbsp;naukach \u015bcis\u0142ych,<\/li>\n<li>za szczeg\u00f3lne osi\u0105gni\u0119cia w&nbsp;zakresie multidyscyplinarnych osi\u0105gni\u0119\u0107.<\/li>\n<\/ul>\n<p>Stypendium przyznawane jest na okres jednego roku szkolnego\/akademickiego (12 miesi\u0119cy). Jego wysoko\u015b\u0107 uzale\u017cniona jest od etapu edukacyjnego i&nbsp;wynosi odpowiednio:<\/p>\n<ul>\n<li>w przypadku uczni\u00f3w szk\u00f3\u0142 ponadpodstawowych oraz student\u00f3w pierwszego roku: 6.000,00 z\u0142 brutto<\/li>\n<\/ul>\n<p>Stypendium podlega opodatkowaniu na zasadach og\u00f3lnych.<\/p>\n<p>Wnioski&nbsp;o przyznanie stypendium dla uczni\u00f3w i student\u00f3w szczeg\u00f3lnie uzdolnionych&nbsp;w&nbsp;ramach Ma\u0142opolskiego Stypendium im. \u015bw. Jana Paw\u0142a II dla Mistrz\u00f3w&nbsp;Edukacji mo\u017cna sk\u0142ada\u0107 w&nbsp;nast\u0119puj\u0105cy spos\u00f3b:<\/p>\n<ul>\n<li>poczt\u0105\/kurierem na adres: Urz\u0105d Marsza\u0142kowski Wojew\u00f3dztwa Ma\u0142opolskiego,<br \/>Rac\u0142awicka 56, 30-017 Krak\u00f3w, z&nbsp;dopiskiem:&nbsp;<em>Departament Edukacji \u2013 MPS JP2 2025\/2026.&nbsp;<\/em>O dochowaniu terminu decyduje data nadania listu\/przesy\u0142ki w&nbsp;plac\u00f3wce operatora publicznego.<\/li>\n<li>osobi\u015bcie \u2013 na dziennikach podawczych urz\u0119du, w&nbsp;zaklejonej kopercie z&nbsp;dopiskiem:&nbsp;<em>Departament Edukacji \u2013 MPS JP2 2025\/2026<\/em>&nbsp;w:\n<ul>\n<li>Krakowie: siedziba UMWM przy ul. Rac\u0142awickiej 56 \u2013 Dziennik Podawczy, budynek \u201eB\u201d,<\/li>\n<li>Nowym S\u0105czu: Agenda Zamiejscowa UMWM przy ul. Jagiello\u0144skiej 52 \u2013 Dziennik Podawczy Urz\u0119du Marsza\u0142kowskiego Wojew\u00f3dztwa Ma\u0142opolskiego,&nbsp;pi\u0119tro II, p. 206,<\/li>\n<li>Tarnowie: przy al. Solidarno\u015bci 5-9 \u2013 Dziennik Podawczy Urz\u0119du Marsza\u0142kowskiego Wojew\u00f3dztwa Ma\u0142opolskiego, pi\u0119tro I, p. 123,<\/li>\n<\/ul>\n<\/li>\n<\/ul>\n<p>z zastrze\u017ceniem, i\u017c Wnioskodawcy uprawnieni s\u0105 do wnoszenia aplikacji we wszystkich lokalizacjach, w&nbsp;kt\u00f3rych znajduj\u0105 si\u0119 stanowiska dziennika podawczego Urz\u0119du Marsza\u0142kowskiego Wojew\u00f3dztwa Ma\u0142opolskiego, w&nbsp;tym, w&nbsp;Agendach zamiejscowych UMWM w&nbsp;Miechowie, Nowym Targu, O\u015bwi\u0119cimiu, Suchej Beskidzkiej, Zakopanem, a&nbsp;tak\u017ce Lokalnych Punktach Informacyjnych Funduszy Europejskich w&nbsp;Krakowie, Chrzanowie, Nowym S\u0105czu, Nowym Targu i&nbsp;Tarnowie.<\/p>\n<p>Szczeg\u00f3\u0142owe&nbsp;informacje, w tym niezb\u0119dne formularze oraz dane kontaktowe do ubiegania si\u0119&nbsp;o&nbsp;stypendium dost\u0119pne s\u0105 na stronie internetowej:&nbsp;<a href=\"http:\/\/www.malopolska.pl\/\">www.malopolska.pl<\/a>,&nbsp;zak\u0142adka dla mieszka\u0144ca \/ edukacja \/<\/p>\n<p>Ma\u0142opolskie&nbsp;Programy Stypendialne, link:&nbsp;&nbsp;https:\/\/www.malopolska.pl\/regionalny-program-stypendialny\/malopolskie-stypendium-im-sw-jana-pawla-ii-dla-mistrzow-edukacji\/20252026<\/p>\n","protected":false},"excerpt":{"rendered":"<p>Do 22 pa\u017adziernika 2025r. trawa nab\u00f3r wniosk\u00f3w do&nbsp;Ma\u0142opolskiego Stypendium&nbsp;im. \u015bw. Jana Paw\u0142a II dla Mistrz\u00f3w [&#8230;]<\/p>\n","protected":false},"author":1,"featured_media":72374,"comment_status":"closed","ping_status":"closed","sticky":false,"template":"","format":"standard","meta":{"ngg_post_thumbnail":0},"categories":[1,7,361,103],"tags":[],"_links":{"self":[{"href":"https:\/\/16lo.tarman.pl\/index.php?rest_route=\/wp\/v2\/posts\/72372"}],"collection":[{"href":"https:\/\/16lo.tarman.pl\/index.php?rest_route=\/wp\/v2\/posts"}],"about":[{"href":"https:\/\/16lo.tarman.pl\/index.php?rest_route=\/wp\/v2\/types\/post"}],"author":[{"embeddable":true,"href":"https:\/\/16lo.tarman.pl\/index.php?rest_route=\/wp\/v2\/users\/1"}],"replies":[{"embeddable":true,"href":"https:\/\/16lo.tarman.pl\/index.php?rest_route=%2Fwp%2Fv2%2Fcomments&post=72372"}],"version-history":[{"count":2,"href":"https:\/\/16lo.tarman.pl\/index.php?rest_route=\/wp\/v2\/posts\/72372\/revisions"}],"predecessor-version":[{"id":72376,"href":"https:\/\/16lo.tarman.pl\/index.php?rest_route=\/wp\/v2\/posts\/72372\/revisions\/72376"}],"wp:featuredmedia":[{"embeddable":true,"href":"https:\/\/16lo.tarman.pl\/index.php?rest_route=\/wp\/v2\/media\/72374"}],"wp:attachment":[{"href":"https:\/\/16lo.tarman.pl\/index.php?rest_route=%2Fwp%2Fv2%2Fmedia&parent=72372"}],"wp:term":[{"taxonomy":"category","embeddable":true,"href":"https:\/\/16lo.tarman.pl\/index.php?rest_route=%2Fwp%2Fv2%2Fcategories&post=72372"},{"taxonomy":"post_tag","embeddable":true,"href":"https:\/\/16lo.tarman.pl\/index.php?rest_route=%2Fwp%2Fv2%2Ftags&post=72372"}],"curies":[{"name":"wp","href":"https:\/\/api.w.org\/{rel}","templated":true}]}}