{"id":713,"date":"2008-09-27T12:44:08","date_gmt":"2008-09-27T12:44:08","guid":{"rendered":"http:\/\/16lo.tarman.pl\/?p=713"},"modified":"2012-08-23T12:47:41","modified_gmt":"2012-08-23T12:47:41","slug":"tekst-slubowania","status":"publish","type":"post","link":"https:\/\/16lo.tarman.pl\/?p=713","title":{"rendered":"Tekst \u015blubowania"},"content":{"rendered":"<p style=\"text-align: justify;\"><strong>My uczennice i uczniowie XVI Liceum Og\u00f3lnokszta\u0142c\u0105cego im. Armii Krajowej w Tarnowie w dniu \u015bwi\u0119ta Patrona szko\u0142y stajemy przed Sztandarem Szko\u0142y, \u015bwiadomi chwili i powagi \u015blubujemy:<\/strong><\/p>\n<p style=\"text-align: justify;\">Przez wytrwa\u0142\u0105 nauk\u0119 i prac\u0119 wzrasta\u0107 na tych, kt\u00f3rzy b\u0119d\u0105 szanowa\u0107 godno\u015b\u0107 ka\u017cdego cz\u0142owieka.<\/p>\n<p style=\"text-align: justify;\"><strong>\u015alubujemy!<\/strong><\/p>\n<p style=\"text-align: justify;\">W codziennej naszej pracy wykorzystywa\u0107 zdobyt\u0105 wiedz\u0119 dla szcz\u0119\u015bcia i dobra wszystkich ludzi<\/p>\n<p style=\"text-align: justify;\"><strong>\u015alubujemy!<\/strong><\/p>\n<p style=\"text-align: justify;\">Strzec patriotycznej spu\u015bcizny, przekazywanej nam przez poprzednie pokolenia Polak\u00f3w<\/p>\n<p style=\"text-align: justify;\"><strong>\u015alubujemy!<\/strong><\/p>\n<p style=\"text-align: justify;\">Swe serca, my\u015bli i ca\u0142y m\u0142odzie\u0144czy zapa\u0142 po\u015bwi\u0119ci\u0107 dla Rzeczypospolitej Polskiej<\/p>\n<p style=\"text-align: justify;\"><strong>\u015alubujemy!<\/strong><\/p>\n<p style=\"text-align: justify;\">Kierowa\u0107 si\u0119 idea\u0142ami humanitaryzmu i demokracji<\/p>\n<p style=\"text-align: justify;\"><strong>\u015alubujemy!<\/strong><\/p>\n<p style=\"text-align: justify;\">Niech naszej uczniowskiej spo\u0142eczno\u015bci XVI Liceum Og\u00f3lnokszta\u0142c\u0105cego im. Armii Krajowej przy\u015bwieca has\u0142o semper fidelis \u2013 zawsze wierni Bogu, Honorowi, Ojczy\u017anie i Nauce<\/p>\n<p style=\"text-align: justify;\"><strong>Tak nam dopom\u00f3\u017c B\u00f3g!<\/strong><\/p>\n","protected":false},"excerpt":{"rendered":"<p>My uczennice i uczniowie XVI Liceum Og\u00f3lnokszta\u0142c\u0105cego im. Armii Krajowej w Tarnowie w dniu \u015bwi\u0119ta [&#8230;]<\/p>\n","protected":false},"author":1,"featured_media":0,"comment_status":"closed","ping_status":"closed","sticky":false,"template":"","format":"standard","meta":{"ngg_post_thumbnail":0},"categories":[106],"tags":[],"_links":{"self":[{"href":"https:\/\/16lo.tarman.pl\/index.php?rest_route=\/wp\/v2\/posts\/713"}],"collection":[{"href":"https:\/\/16lo.tarman.pl\/index.php?rest_route=\/wp\/v2\/posts"}],"about":[{"href":"https:\/\/16lo.tarman.pl\/index.php?rest_route=\/wp\/v2\/types\/post"}],"author":[{"embeddable":true,"href":"https:\/\/16lo.tarman.pl\/index.php?rest_route=\/wp\/v2\/users\/1"}],"replies":[{"embeddable":true,"href":"https:\/\/16lo.tarman.pl\/index.php?rest_route=%2Fwp%2Fv2%2Fcomments&post=713"}],"version-history":[{"count":5,"href":"https:\/\/16lo.tarman.pl\/index.php?rest_route=\/wp\/v2\/posts\/713\/revisions"}],"predecessor-version":[{"id":716,"href":"https:\/\/16lo.tarman.pl\/index.php?rest_route=\/wp\/v2\/posts\/713\/revisions\/716"}],"wp:attachment":[{"href":"https:\/\/16lo.tarman.pl\/index.php?rest_route=%2Fwp%2Fv2%2Fmedia&parent=713"}],"wp:term":[{"taxonomy":"category","embeddable":true,"href":"https:\/\/16lo.tarman.pl\/index.php?rest_route=%2Fwp%2Fv2%2Fcategories&post=713"},{"taxonomy":"post_tag","embeddable":true,"href":"https:\/\/16lo.tarman.pl\/index.php?rest_route=%2Fwp%2Fv2%2Ftags&post=713"}],"curies":[{"name":"wp","href":"https:\/\/api.w.org\/{rel}","templated":true}]}}