{"id":70511,"date":"2024-09-18T05:22:43","date_gmt":"2024-09-18T05:22:43","guid":{"rendered":"http:\/\/16lo.tarman.pl\/?p=70511"},"modified":"2024-09-18T05:22:43","modified_gmt":"2024-09-18T05:22:43","slug":"swieto-patrona-szkoly-w-dniu-27-wrzesnia-2024","status":"publish","type":"post","link":"https:\/\/16lo.tarman.pl\/?p=70511","title":{"rendered":"\u015awi\u0119to Patrona Szko\u0142y w dniu 27 wrze\u015bnia 2024"},"content":{"rendered":"\n<p><\/p>\n\n\n\n<p><\/p>\n\n\n\n<p><\/p>\n\n\n\n<p><\/p>\n\n\n\n<p><\/p>\n\n\n\n<p><\/p>\n\n\n\n<p><\/p>\n\n\n\n<p><\/p>\n\n\n\n<figure class=\"wp-block-image size-full\"><a href=\"http:\/\/16lo.tarman.pl\/wp-content\/uploads\/2024\/09\/zaproszenie-na-strone-szkoly-.jpg\"><img decoding=\"async\" loading=\"lazy\" width=\"764\" height=\"659\" src=\"http:\/\/16lo.tarman.pl\/wp-content\/uploads\/2024\/09\/zaproszenie-na-strone-szkoly-.jpg\" alt=\"\" class=\"wp-image-70512\" srcset=\"https:\/\/16lo.tarman.pl\/wp-content\/uploads\/2024\/09\/zaproszenie-na-strone-szkoly-.jpg 764w, https:\/\/16lo.tarman.pl\/wp-content\/uploads\/2024\/09\/zaproszenie-na-strone-szkoly--300x259.jpg 300w\" sizes=\"(max-width: 764px) 100vw, 764px\" \/><\/a><\/figure>\n","protected":false},"excerpt":{"rendered":"","protected":false},"author":1,"featured_media":70513,"comment_status":"closed","ping_status":"closed","sticky":false,"template":"","format":"standard","meta":{"ngg_post_thumbnail":0},"categories":[1,450],"tags":[],"_links":{"self":[{"href":"https:\/\/16lo.tarman.pl\/index.php?rest_route=\/wp\/v2\/posts\/70511"}],"collection":[{"href":"https:\/\/16lo.tarman.pl\/index.php?rest_route=\/wp\/v2\/posts"}],"about":[{"href":"https:\/\/16lo.tarman.pl\/index.php?rest_route=\/wp\/v2\/types\/post"}],"author":[{"embeddable":true,"href":"https:\/\/16lo.tarman.pl\/index.php?rest_route=\/wp\/v2\/users\/1"}],"replies":[{"embeddable":true,"href":"https:\/\/16lo.tarman.pl\/index.php?rest_route=%2Fwp%2Fv2%2Fcomments&post=70511"}],"version-history":[{"count":1,"href":"https:\/\/16lo.tarman.pl\/index.php?rest_route=\/wp\/v2\/posts\/70511\/revisions"}],"predecessor-version":[{"id":70514,"href":"https:\/\/16lo.tarman.pl\/index.php?rest_route=\/wp\/v2\/posts\/70511\/revisions\/70514"}],"wp:featuredmedia":[{"embeddable":true,"href":"https:\/\/16lo.tarman.pl\/index.php?rest_route=\/wp\/v2\/media\/70513"}],"wp:attachment":[{"href":"https:\/\/16lo.tarman.pl\/index.php?rest_route=%2Fwp%2Fv2%2Fmedia&parent=70511"}],"wp:term":[{"taxonomy":"category","embeddable":true,"href":"https:\/\/16lo.tarman.pl\/index.php?rest_route=%2Fwp%2Fv2%2Fcategories&post=70511"},{"taxonomy":"post_tag","embeddable":true,"href":"https:\/\/16lo.tarman.pl\/index.php?rest_route=%2Fwp%2Fv2%2Ftags&post=70511"}],"curies":[{"name":"wp","href":"https:\/\/api.w.org\/{rel}","templated":true}]}}