{"id":698,"date":"2008-09-27T12:22:10","date_gmt":"2008-09-27T12:22:10","guid":{"rendered":"http:\/\/16lo.tarman.pl\/?p=698"},"modified":"2012-08-23T12:28:02","modified_gmt":"2012-08-23T12:28:02","slug":"msza-sw-i-homilia","status":"publish","type":"post","link":"https:\/\/16lo.tarman.pl\/?p=698","title":{"rendered":"Msza \u015aw. i Homilia"},"content":{"rendered":"<p style=\"text-align: justify;\">\n<p style=\"text-align: justify;\"><strong>Homilia wyg\u0142oszona 27 wrze\u015bnia 2008 roku podczas Mszy \u015bw. w bazylice katedralnej w Tarnowie<\/strong><\/p>\n<p style=\"text-align: justify;\"><strong>przez ks. dr. por. Piotra Gajd\u0119- kapelana \u015aZ\u017bAK Okr\u0119g Tarn\u00f3w<\/strong><\/p>\n<p style=\"text-align: justify;\">1. Umi\u0142owani w Chrystusie! Zgromadzili\u015bmy si\u0119 dzisiaj w bazylice katedralnej w Tarnowie z okazji nadania XVI Liceum Og\u00f3lnokszta\u0142c\u0105cemu w Tarnowie imienia Armii Krajowej i po\u015bwi\u0119cenia sztandaru z wypisanym na nim zawo\u0142aniem: B\u00d3G-HONOR-OJCZYZNA-NAUKA. Znak ten jest wzorowany na sztandarze, kt\u00f3ry po\u015bwi\u0119ci\u0142 bp tarnowski L. Wa\u0142\u0119ga 28 maja 1927 r. a prezydent RP I. Mo\u015bciki uroczy\u015bcie wr\u0119czy\u0142 dow\u00f3dcy pu\u0142ku 16 pp, stacjonuj\u0105cego po I. wojnie \u015bwiatowej w naszym mie\u015bcie, kt\u00f3ry wykrwawi\u0142 si\u0119 w pierwszych dniach wrze\u015bnia 1939 r. w starciu z naje\u017ad\u017ac\u0105 hitlerowskim pod Pszczyn\u0105. Poleg\u0142o tam 300 oficer\u00f3w i \u017co\u0142nierzy tego pu\u0142ku. Jego duchowym spadkobierc\u0105 \u2013 w zwi\u0105zku z \u201eakcj\u0105 burza\u201d w 1944 r. \u2013 zosta\u0142 16 pp Armii Krajowej Ziemi Tarnowskiej. Tej Armii, w kt\u00f3rej podczas okupacji hitlerowskiej i komunistycznego zniewolenia bi\u0142o serce polskiego Narodu, armii podziemnego Pa\u0144stwa Polskiego, kt\u00f3re powsta\u0142o 69 lat temu. Dzisiejsza uroczysto\u015b\u0107 wpisuje si\u0119 r\u00f3wnie\u017c w 90. rocznic\u0119 odzyskania niepodleg\u0142o\u015bci przez nasz\u0105 Ojczyzn\u0119 w 1918 roku.<\/p>\n<p style=\"text-align: justify;\">\u00a0 2. Umi\u0142owani w Chrystusie! Dla obydwu tarnowskich pu\u0142k\u00f3w piechoty najdro\u017csz\u0105 by\u0142a sprawa Polski, sprawa Ojczyzny!<\/p>\n<p style=\"text-align: justify;\">\u00a0Poj\u0119cie \u201eOjczyzna\u201d odnosi si\u0119 do poczucia to\u017csamo\u015bci i przynale\u017cno\u015bci do pewnej wsp\u00f3lnoty, kt\u00f3re wyp\u0142ywa z duszy cz\u0142owieka. Ojczyzn\u0119 si\u0119 czuje. Nosi si\u0119 j\u0105 w sercu.<\/p>\n<p style=\"text-align: justify;\">\u00a0Mi\u0142o\u015bci do Ojczyzny mo\u017cemy si\u0119 uczy\u0107 ju\u017c od staro\u017cytnych Rzymian. Poeta rzymski i \u017co\u0142nierz Horacy, ur. w 65 roku przed Chrystusem, wypowiedzia\u0142 s\u0142ynne zdanie: \u201eO jak s\u0142odko i zaszczytnie jest umiera\u0107 za Ojczyzn\u0119\u201d (Quam dulce et decorum est pro patria mori). Inny s\u0142awny Rzymianin Seneka pisa\u0142, \u017ce \u201eOjczyzn\u0119 kocha si\u0119 nie dlatego, \u017ce wielka, ale dlatego, \u017ce w\u0142asna\u201d. Doda\u0142 te\u017c: \u201e\u017badne miejsce nie powinno by\u0107 dla ciebie milsze od Ojczyzny\u201d.<\/p>\n<p style=\"text-align: justify;\">\u00a0W nowo\u017cytnych czasach cesarz Napoleon Bonaparte (1769-1821) m\u00f3wi\u0142, \u017ce \u201e\u017bycie obywatela nale\u017cy do Ojczyzny\u201d. Konrad z III. cz\u0119\u015bci \u201eDziad\u00f3w\u201d, cierpi\u0105cy jak Prometeusz, m\u00f3wi\u0142: \u201eJa i Ojczyzna to jedno\u201d. W \u201eKonradzie Wallenrodzie\u201d Adam Mickiewicz (1798-1855) o swoim bohaterze napisa\u0142, i\u017c \u201eSzcz\u0119\u015bcia w domu nie znalaz\u0142, bo go nie by\u0142o w Ojczy\u017anie\u201d.<\/p>\n<p style=\"text-align: justify;\">\u00a0Mi\u0142o\u015b\u0107 do Ojczyzny sprawi\u0142a, \u017ce Polska w 1918 r. odzyska\u0142a utracon\u0105 wolno\u015b\u0107. Nar\u00f3d w niewoli wo\u0142a\u0142 nieustannie, cierpliwie i wytrwale: \u201ePrzed Twe o\u0142tarze zanosim b\u0142aganie, Ojczyzn\u0119 woln\u0105, racz nam wr\u00f3ci\u0107 Panie!\u201d. Ten \u015bpiew, krzyk rozpaczy, nadziei i wiary przebija\u0142 niebiosa, mobilizowa\u0142 Polak\u00f3w w kraju ojczystym i na wygnaniu.<\/p>\n<p style=\"text-align: justify;\">\u00a0Prymas tysi\u0105clecia \u2013 s\u0142uga Bo\u017cy kard. S. Wyszy\u0144ski \u2013 w 1963 r. napisa\u0142: \u201eKocham Ojczyzn\u0119 wi\u0119cej ni\u017c w\u0142asne serce i wszystko, co czyni\u0119 dla Ko\u015bcio\u0142a, czyni\u0119 dla niej\u201d[1]. Podobnie abp Ignacy Tokarczuk z Przemy\u015bla m\u00f3wi, \u017ce dla niego po Bogu najwa\u017cniejsza jest Ojczyzna.<\/p>\n<p style=\"text-align: justify;\">\u00a03. Ojczy\u017anie nale\u017cy si\u0119 wdzi\u0119czno\u015b\u0107. Wielu m\u0142odych ludzi, kt\u00f3rzy wyjechali za granic\u0119 jako emigranci zarobkowi, pytaj\u0105: Wdzi\u0119czni Ojczy\u017anie? Za co? Ci sami wszak\u017ce koczuj\u0105 na lotniskach w wielu cz\u0119\u015bciach Europy i \u015bwiata, byle tylko w Wigili\u0119 Bo\u017cego Narodzenia zasi\u0105\u015b\u0107 z rodzin\u0105 do \u015bwi\u0105tecznego sto\u0142u, byle w gronie najbli\u017cszych uda\u0107 si\u0119 do ko\u015bcio\u0142a na \u201epasterk\u0119\u201d. Prze\u017cywaj\u0105 bowiem t\u0119sknot\u0119 nie tylko za najbli\u017csz\u0105 rodzin\u0105, ale i za rodzim\u0105 i wyj\u0105tkow\u0105 polsk\u0105 tradycj\u0105 \u0142amania si\u0119 op\u0142atkiem i wybaczania sobie win.<\/p>\n<p style=\"text-align: justify;\">\u00a0 4. Podczas ka\u017cdej pielgrzymki do Polski Ojciec \u015awi\u0119ty Jan Pawe\u0142 II m\u00f3wi\u0142 o mi\u0142o\u015bci wzgl\u0119dem Ojczyzny i odpowiedzialno\u015bci za ni\u0105. Parafrazowa\u0142 s\u0142owa Norwida, \u017ce \u201eOjczyzna to wielki zbiorowy obowi\u0105zek\u201d. Uczy\u0142 nas \u2013 po latach komunistycznego zniewolenia \u2013 zn\u00f3w by\u0107 dumnymi z polsko\u015bci, z naszych dziej\u00f3w, mimo \u017ce Polska to poprzez wieki ziemia tragiczna. T\u0142umaczy\u0142, \u017ce poca\u0142unek sk\u0142adany przez niego na polskiej ziemi ma dla niego szczeg\u00f3lne znaczenie: \u201eJest to jakby poca\u0142unek z\u0142o\u017cony na r\u0119kach matki \u2013 albowiem Ojczyzna jest nasz\u0105 matk\u0105 ziemsk\u0105. Jest matk\u0105, kt\u00f3ra wiele wycierpia\u0142a i wci\u0105\u017c na nowo cierpi. Dlatego te\u017c ma prawo do szczeg\u00f3lnej mi\u0142o\u015bci\u201d. Uczy\u0142, \u017ce Ojczyzna wymaga szacunku i mi\u0142o\u015bci, nale\u017cy j\u0105 czci\u0107 podobnie jak swoich rodzic\u00f3w (IV. Przykazanie Bo\u017ce). Wielokrotnie Papie\u017c Polak wyra\u017ca\u0142 wdzi\u0119czno\u015b\u0107 Ojczy\u017anie, rodzicom, Ko\u015bcio\u0142owi, nauczycielom i wychowawcom \u2013 za przekazane dziedzictwo przodk\u00f3w, wobec kt\u00f3rych czu\u0142 si\u0119 d\u0142u\u017cnikiem. W Radzyminie pod Warszaw\u0105 podczas uroczysto\u015bci w 1999 r. wspomnia\u0142, \u017ce urodzi\u0142 si\u0119 18 maja 1920 r., kiedy bolszewicy atakowali stolic\u0119 Polski, dlatego nosi w sobie od urodzenia d\u0142ug wdzi\u0119czno\u015bci wobec tych, kt\u00f3rzy podj\u0119li w\u00f3wczas walk\u0119 z naje\u017ad\u017ac\u0105 i zwyci\u0119\u017cyli, p\u0142ac\u0105c cen\u0119 swojego \u017cycia.<\/p>\n<p style=\"text-align: justify;\">\u00a05. Papie\u017c Polak Jan Pawe\u0142 II wielokrotnie m\u00f3wi\u0142 o zobowi\u0105zaniu do sp\u0142acania d\u0142ugu zaci\u0105gni\u0119tego wobec Ojczyzny. \u201eOjczyzno moja kochana, Polsko, (&#8230;) B\u00f3g ci\u0119 wywy\u017csza i wyszczeg\u00f3lnia, ale umiej by\u0107 wdzi\u0119czna\u201d. Pozostawi\u0142 nam niejako w testamencie pami\u0119tne s\u0142owa wyg\u0142oszone na krakowskich b\u0142oniach: \u201eProsz\u0119 was, aby\u015bcie ca\u0142e to duchowe dziedzictwo, kt\u00f3remu na imi\u0119 Polska, raz jeszcze przyj\u0119li z wiar\u0105, nadziej\u0105 i mi\u0142o\u015bci\u0105 \u2013 tak\u0105, jak\u0105 zaszczepia w nas Chrystus we chrzcie \u015bwi\u0119tym\u201d. Wo\u0142a\u0142: \u201eNie chciejcie Ojczyzny, kt\u00f3ra was nic nie kosztuje!\u201d.<\/p>\n<p style=\"text-align: justify;\">\u00a06. Umi\u0142owani w Chrystusie! Nadanie XVI LO w Tarnowie zaszczytnego imienia Armii Krajowej i posiadanie w\u0142asnego sztandaru z pi\u0119knym zawo\u0142aniem: B\u00d3G-HONOR-OJCZYZNA-NAUKA i z god\u0142em Polski Walcz\u0105cej, to nie tylko wyr\u00f3\u017cnienie, ale i zobowi\u0105zanie.<\/p>\n<p style=\"text-align: justify;\">Niech dostojne s\u0142owo B\u00d3G przypomina, \u017ce jest On \u201epierwszym \u017ar\u00f3d\u0142em rado\u015bci i nadziei cz\u0142owieka. Pozosta\u0144cie wierni do\u015bwiadczeniu pokole\u0144, kt\u00f3re \u017cy\u0142y na polskiej ziemi z Bogiem w sercu i z modlitw\u0105 na ustach. (&#8230;) Zachowujcie jak skarb najwi\u0119kszy to, co by\u0142o \u017ar\u00f3d\u0142em duchowej si\u0142y naszych ojc\u00f3w\u201d (JP II).<\/p>\n<p style=\"text-align: justify;\">Niech s\u0142owo HONOR na sztandarze przypomina wszystkim, \u017ce jeste\u015bmy stworzeni na obraz i podobie\u0144stwo Boga-Storzyciela, dzi\u0119ki czemu wszyscy ludzie, rodzice, wychowawcy, nauczyciele i uczniowie, odkupieni przez Chrystusa, ciesz\u0105 si\u0119 godno\u015bci\u0105 dzieci Bo\u017cych.<\/p>\n<p style=\"text-align: justify;\">Niech s\u0142owo OJCZYZNA przypomina wszystkim pokoleniom, \u017ce jest ona nasz\u0105 matk\u0105 ziemsk\u0105. Polska- jak uczy\u0142 Papie\u017c z rodu Polak\u00f3w \u2013 \u201ejest matk\u0105 szczeg\u00f3ln\u0105. Nie\u0142atwe s\u0105 jej dzieje, zw\u0142aszcza na przestrzeni ostatnich stuleci. Jest matk\u0105, kt\u00f3ra wiele przecierpia\u0142a i wci\u0105\u017c na nowo cierpi. Dlatego te\u017c ma prawo do mi\u0142o\u015bci szczeg\u00f3lnej\u201d.<\/p>\n<p style=\"text-align: justify;\">\u00a0Niech s\u0142owo NAUKA na licealnym sztandarze zach\u0119ca i zobowi\u0105zuje uczni\u00f3w do odpowiedzialno\u015bci za posiadane uzdolnienia i za swoj\u0105 przysz\u0142o\u015b\u0107, niech pobudza do pilno\u015bci i wytrwa\u0142o\u015bci w zdobywaniu rzetelnej wiedzy oraz religijnego i patriotycznego wychowania.<\/p>\n<p style=\"text-align: justify;\">Niech god\u0142o Polski Walcz\u0105cej b\u0119dzie dla uczni\u00f3w XVI LO w Tarnowie przypomnieniem bohaterskich czyn\u00f3w wolno\u015bciowych i krwi przelanej przez \u017co\u0142nierzy AK, zw\u0142aszcza w okresie \u201eakcji burza\u201d, w Powstaniu Warszawskim i w czasie komunistycznego zniewolenia, niech b\u0119dzie przestrog\u0105 przed zamienianiem daru wolno\u015bci na obyczajow\u0105 bezwstydn\u0105 swawol\u0119, przed szerzeniem nienawi\u015bci oraz popadaniem w niewol\u0119 grzesznych na\u0142og\u00f3w, co \u015bwiat k\u0142amliwie nazywa post\u0119pem i nowoczesno\u015bci\u0105; niech poucza o tym, \u017ce \u201ecz\u0142owiek jest wielki nie przez to, co posiada, lecz przez to, kim jest; nie przez to, co ma, lecz przez to, czym dzieli si\u0119 z innymi\u201d (JP II).<\/p>\n<p style=\"text-align: justify;\">\u00a0Niech sztandar z god\u0142em Polski Walcz\u0105cej, po\u015bwi\u0119cony dzisiaj w tej katedralnej \u015bwi\u0105tyni b\u0119dzie dla ca\u0142ej spo\u0142eczno\u015bci XVI LO w Tarnowie zobowi\u0105zuj\u0105cym znakiem dochowania wierno\u015bci wybranemu zawo\u0142aniu: B\u00d3G-HONOR-OJCZYZNA-NAUKA. Amen.<\/p>\n<p style=\"text-align: justify;\">\u00a0&#8212;&#8212;&#8212;&#8212;&#8212;&#8212;&#8212;&#8212;&#8212;&#8212;&#8212;&#8212;&#8212;&#8212;&#8212;&#8212;&#8212;&#8212;&#8212;&#8212;&#8212;&#8212;&#8212;&#8212;&#8212;&#8212;&#8211;<\/p>\n<p style=\"text-align: justify;\">\u00a0[1] S. Wyszy\u0144ski, Kocham Ojczyzn\u0119 wi\u0119cej ni\u017c w\u0142asne serce, Cz\u0119stych. 2002, s. 5.<\/p>\n<p style=\"text-align: justify;\">\n<p style=\"text-align: justify;\">\n","protected":false},"excerpt":{"rendered":"<p>Homilia wyg\u0142oszona 27 wrze\u015bnia 2008 roku podczas Mszy \u015bw. w bazylice katedralnej w Tarnowie przez [&#8230;]<\/p>\n","protected":false},"author":1,"featured_media":0,"comment_status":"closed","ping_status":"closed","sticky":false,"template":"","format":"standard","meta":{"ngg_post_thumbnail":0},"categories":[106],"tags":[],"_links":{"self":[{"href":"https:\/\/16lo.tarman.pl\/index.php?rest_route=\/wp\/v2\/posts\/698"}],"collection":[{"href":"https:\/\/16lo.tarman.pl\/index.php?rest_route=\/wp\/v2\/posts"}],"about":[{"href":"https:\/\/16lo.tarman.pl\/index.php?rest_route=\/wp\/v2\/types\/post"}],"author":[{"embeddable":true,"href":"https:\/\/16lo.tarman.pl\/index.php?rest_route=\/wp\/v2\/users\/1"}],"replies":[{"embeddable":true,"href":"https:\/\/16lo.tarman.pl\/index.php?rest_route=%2Fwp%2Fv2%2Fcomments&post=698"}],"version-history":[{"count":2,"href":"https:\/\/16lo.tarman.pl\/index.php?rest_route=\/wp\/v2\/posts\/698\/revisions"}],"predecessor-version":[{"id":700,"href":"https:\/\/16lo.tarman.pl\/index.php?rest_route=\/wp\/v2\/posts\/698\/revisions\/700"}],"wp:attachment":[{"href":"https:\/\/16lo.tarman.pl\/index.php?rest_route=%2Fwp%2Fv2%2Fmedia&parent=698"}],"wp:term":[{"taxonomy":"category","embeddable":true,"href":"https:\/\/16lo.tarman.pl\/index.php?rest_route=%2Fwp%2Fv2%2Fcategories&post=698"},{"taxonomy":"post_tag","embeddable":true,"href":"https:\/\/16lo.tarman.pl\/index.php?rest_route=%2Fwp%2Fv2%2Ftags&post=698"}],"curies":[{"name":"wp","href":"https:\/\/api.w.org\/{rel}","templated":true}]}}