{"id":694,"date":"2008-09-27T12:12:44","date_gmt":"2008-09-27T12:12:44","guid":{"rendered":"http:\/\/16lo.tarman.pl\/?p=694"},"modified":"2014-10-07T11:22:39","modified_gmt":"2014-10-07T11:22:39","slug":"27-wrzesnia-2008-r-uroczystosc-nadania-imienia-szkole","status":"publish","type":"post","link":"https:\/\/16lo.tarman.pl\/?p=694","title":{"rendered":"27 wrze\u015bnia 2008 r. &#8211; uroczysto\u015b\u0107 nadania imienia szkole"},"content":{"rendered":"<p style=\"text-align: justify;\">&#8222;B\u00f3g, honor, ojczyzna, nauka&#8221;- takie s\u0142owa przy\u015bwiecaj\u0105 i zdobi\u0105 sztandar naszej szko\u0142y XVI LO im. Armii Krajowej. 27 wrze\u015bnia XVI LO prze\u017cywa\u0142o swoje wielkie \u015bwi\u0119to, nadanie imienia Armii Krajowej. Uroczysto\u015bci z tym zwi\u0105zane, rozpocz\u0119\u0142y si\u0119 od udzia\u0142u zaproszonych go\u015bci, pedagog\u00f3w oraz m\u0142odzie\u017cy naszej szko\u0142y we mszy \u015bw. w tarnowskiej katedrze, gdzie po\u015bwi\u0119cony zosta\u0142 sztandar. Nast\u0119pnie, wraz z zaproszonymi go\u015b\u0107mi- by\u0142ymi \u017co\u0142nierzami AK, przedstawicielami w\u0142adz Tarnowa, prezydentem miasta Tarnowa Ryszardem \u015aciga\u0142\u0105, pani\u0105 wiceprezydent Dorot\u0105 Skrzyniarz, wicemarsza\u0142kiem woj. ma\u0142opolskiego Romanem Ciepiel\u0105, radn\u0105 woj. ma\u0142opolskiego E. Zi\u0119b\u0105, starost\u0105 Tarnowa M. Krasem, pos\u0142em na Sejm J. Rojkiem, przewodnicz\u0105cym miasta Tarnowa oraz radnymi miasta Tarnowa, dow\u00f3dc\u0105 32 ODN Krak\u00f3w- Balice p\u0142k. dyplomowanym pilotem A. Poluszy\u0144skim, komendantem miejskiej policji, stra\u017cy po\u017carnej, przemaszerowali\u015bmy do tarnowskiego Rynku, na kt\u00f3rym odby\u0142o si\u0119 przekazanie sztandaru ufundowanego przez \u017co\u0142nierzy \u015awiatowego Zwi\u0105zku \u017bo\u0142nierzy AK ko\u0142a w Tarnowie i Rodzin nie\u017cyj\u0105cych \u017co\u0142nierzy AK.<\/p>\n<p style=\"text-align: justify;\">Aktem nadania imienia szko\u0142y, Prezydent Miasta Tarnowa przekaza\u0142 m\u0142odzie\u017cy przes\u0142anie:<\/p>\n<p style=\"text-align: justify;\">&#8222;\u017bycz\u0119, by Akowskie przes\u0142anie &#8222;B\u00f3g, Honor, Ojczyzna&#8221; by\u0142o dla ca\u0142ej spo\u0142eczno\u015bci szkolnej drogowskazem na drodze odwa\u017cnego d\u0105\u017cenia do budowania nie tylko materialnych, ale przede wszystkim duchowych obszar\u00f3w dobra, a &#8222;Nauka&#8221; niech uczyni z Was i kolejnych pokole\u0144 uczni\u00f3w Szko\u0142y godnych nast\u0119pc\u00f3w idei \u017co\u0142nierzy Armii Krajowej&#8221;.<\/p>\n<p style=\"text-align: justify;\">Nast\u0119pnie, w rytm muzyki orkiestry Zak\u0142ad\u00f3w Azotowych, uczestnicy uroczysto\u015bci przemaszerowali pod ko\u015bci\u00f3\u0142 Filipin\u00f3w, w kt\u00f3rym w nawie bocznej znajduje si\u0119 p\u0142yta po\u015bwi\u0119cona \u017co\u0142nierzom AK. W tym miejscu uczcili\u015bmy 69 rocznic\u0119 powstania Pa\u0144stwa Podziemnego, o czym w kilku s\u0142owach wspomnia\u0142 prezes ko\u0142a mjr Zbigniew Bana\u015b. M\u0142odzie\u017c w tym w\u0142a\u015bnie miejscu uczci\u0142a pami\u0119\u0107 nie\u017cyj\u0105cych \u017co\u0142nierzy zapaleniem zniczy i z\u0142o\u017ceniem wi\u0105zanki kwiat\u00f3w.<\/p>\n<p style=\"text-align: justify;\">Z kolei udali\u015bmy si\u0119 do auli Urz\u0119du Wojew\u00f3dzkiego, gdzie mia\u0142o miejsce \u015blubowanie.<\/p>\n<p style=\"text-align: justify;\">Przyby\u0142ych do auli go\u015bci, serdecznie przywita\u0142a Pani Dyrektor XVI LO Ewa Witecka, kt\u00f3ra przytoczy\u0142a s\u0142owa prof. W\u0142adys\u0142awa Bartoszewskiego &#8222;Patriotyzm jest warto\u015bci\u0105 na rzecz godno\u015bci drugiego cz\u0142owieka&#8221;. Przypomnia\u0142a te\u017c, \u017ce dzi\u015b ka\u017cdy Polak wie, kim byli bojownicy Armii Krajowej , jakie maj\u0105 zas\u0142ugi w walce o woln\u0105 Polsk\u0119 i jakie jest ich miejsce w historii.<\/p>\n<p style=\"text-align: justify;\">Armia Krajowa by\u0142a jedyn\u0105 w pe\u0142nym tego s\u0142owa znaczeniu najwi\u0119ksz\u0105 armi\u0105 jak\u0105 znaj\u0105 dzieje nowoczesnej Europy. Specjalny szacunek i trwa\u0142e miejsce w naszej pami\u0119ci nale\u017cy si\u0119 oddzia\u0142om tarnowskiej Armii Krajowej. To w\u0142a\u015bnie tarnowscy \u017co\u0142nierze Armii Krajowej zorganizowali w pierwszym roku wojny drog\u0119 kuriersk\u0105 przez Tarn\u00f3w do Budapesztu, drog\u0119 przerzutu dla \u017co\u0142nierzy polskich do formuj\u0105cych si\u0119 na zachodzie Jednostek Wojska Polskiego, to oni zorganizowanej Akcj\u0119 II i III Most.<\/p>\n<p style=\"text-align: justify;\">Pani Dyrektor przypomnia\u0142a te\u017c, \u017ce za najwa\u017cniejszy cel stawiamy sobie piel\u0119gnowanie pami\u0119ci historycznej i gruntowanie patriotyzmu. Uczniowie naszej szko\u0142y nosz\u0105 na co dzie\u0144 mundury wojskowe by w ten spos\u00f3b nawi\u0105za\u0107 do idei polskiej wojskowo\u015bci. Czujemy si\u0119 przez to spadkobiercami wielkiego etosu, etosu Armii Krajowej, spadkobiercami testamentu pokole\u0144.<\/p>\n<p style=\"text-align: justify;\">By nale\u017cycie odda\u0107 cze\u015b\u0107 i ho\u0142d naszym patronem- \u017co\u0142nierzom AK, zaprojektowali\u015bmy sztandar, kt\u00f3ry nawi\u0105zuje do tradycji sztandar\u00f3w wojskowych , a s\u0142owa napisane na sztandarze b\u0119d\u0105 nasz\u0105 wizyt\u00f3wk\u0105, b\u0119d\u0105 kszta\u0142towa\u0107 m\u0142odych patriot\u00f3w- godnych \u017co\u0142nierzy Armii Krajowej.<\/p>\n<p style=\"text-align: justify;\">Nast\u0119pnie, odby\u0142a si\u0119 kr\u00f3tka cz\u0119\u015b\u0107 artystyczna, kt\u00f3ra by\u0142a po\u015bwi\u0119cona &#8222;Dla tych, kt\u00f3rych historia pisana by\u0142a pami\u0119ci\u0105&#8221;. Owacjom nie by\u0142o ko\u0144ca, a m\u0142odzie\u017c naszej grupy teatralnej otrzyma\u0142a drobne upominki od w\u0142adz Tarnowa.<\/p>\n<p style=\"text-align: justify;\">W imieniu Dyrektora Departamentu Wychowania i Promocji Obronno\u015bci K. Sikory, Ministerstwa Obrony Narodowej, p\u0142k. J. Pertkiewicz przekaza\u0142 XVI LO im. Armii Krajowej, znak Polski Walcz\u0105cej- symbol umieszczony na sztandarze- miedzian\u0105 kotwic\u0119, kt\u00f3ra od tego momentu b\u0119dzie wita\u0142a uczni\u00f3w i go\u015bci naszej szko\u0142y.<\/p>\n","protected":false},"excerpt":{"rendered":"<p>&#8222;B\u00f3g, honor, ojczyzna, nauka&#8221;- takie s\u0142owa przy\u015bwiecaj\u0105 i zdobi\u0105 sztandar naszej szko\u0142y XVI LO im. [&#8230;]<\/p>\n","protected":false},"author":1,"featured_media":0,"comment_status":"closed","ping_status":"closed","sticky":false,"template":"","format":"standard","meta":{"ngg_post_thumbnail":0},"categories":[212,106],"tags":[],"_links":{"self":[{"href":"https:\/\/16lo.tarman.pl\/index.php?rest_route=\/wp\/v2\/posts\/694"}],"collection":[{"href":"https:\/\/16lo.tarman.pl\/index.php?rest_route=\/wp\/v2\/posts"}],"about":[{"href":"https:\/\/16lo.tarman.pl\/index.php?rest_route=\/wp\/v2\/types\/post"}],"author":[{"embeddable":true,"href":"https:\/\/16lo.tarman.pl\/index.php?rest_route=\/wp\/v2\/users\/1"}],"replies":[{"embeddable":true,"href":"https:\/\/16lo.tarman.pl\/index.php?rest_route=%2Fwp%2Fv2%2Fcomments&post=694"}],"version-history":[{"count":4,"href":"https:\/\/16lo.tarman.pl\/index.php?rest_route=\/wp\/v2\/posts\/694\/revisions"}],"predecessor-version":[{"id":696,"href":"https:\/\/16lo.tarman.pl\/index.php?rest_route=\/wp\/v2\/posts\/694\/revisions\/696"}],"wp:attachment":[{"href":"https:\/\/16lo.tarman.pl\/index.php?rest_route=%2Fwp%2Fv2%2Fmedia&parent=694"}],"wp:term":[{"taxonomy":"category","embeddable":true,"href":"https:\/\/16lo.tarman.pl\/index.php?rest_route=%2Fwp%2Fv2%2Fcategories&post=694"},{"taxonomy":"post_tag","embeddable":true,"href":"https:\/\/16lo.tarman.pl\/index.php?rest_route=%2Fwp%2Fv2%2Ftags&post=694"}],"curies":[{"name":"wp","href":"https:\/\/api.w.org\/{rel}","templated":true}]}}