{"id":68333,"date":"2023-02-13T15:05:29","date_gmt":"2023-02-13T15:05:29","guid":{"rendered":"http:\/\/16lo.tarman.pl\/?p=68333"},"modified":"2023-02-27T16:04:39","modified_gmt":"2023-02-27T16:04:39","slug":"konkurs-jezyka-niemieckiego","status":"publish","type":"post","link":"https:\/\/16lo.tarman.pl\/?p=68333","title":{"rendered":"Konkurs j\u0119zyka niemieckiego"},"content":{"rendered":"\n<p><strong>ZAPROSZENIE DO UDZIA\u0141U W 8 EDYCJI OG\u00d3LNOPOLSKIEGO KONKURSU J\u0118ZYKA NIEMIECKIEGO \u201eTurbolandeskunde\u201d!<\/strong><\/p>\n<p>&nbsp;<\/p>\n<p>Przed nami dru\u017cynowy konkurs j\u0119zyka niemieckiego. W tym konkursie mo\u017cecie sprawdzi\u0107 swoj\u0105 wiedz\u0119 nie tylko z j\u0119zyka niemieckiego, ale i w zakresie krajoznawstwa tz. wiedzy z geografii, historii, polityki kraj\u00f3w niemieckiego obszaru j\u0119zykowego. Tegoroczny temat to Austria.<\/p>\n<p>Dobieracie si\u0119 w 3- osobowe dru\u017cyny i wsp\u00f3lnie rozwi\u0105zujecie test na etapie szkolnym w dniu 10 marca 2023 r. Zg\u0142oszenia do nauczyciela j niemieckiego do ko\u0144ca lutego 2023 r. Dru\u017cyny dobieracie dowolnie i mo\u017cliwy udzia\u0142 r\u00f3wnie\u017c os\u00f3b nie ucz\u0105cych si\u0119 j\u0119zyka niemieckiego.<\/p>\n<p>Test w formie dwuj\u0119zycznej (pytania s\u0105 jednocze\u015bnie w j\u0119zyku polskim i niemieckim) b\u0119dzie zawiera\u0142 pytania zamkni\u0119te oraz otwarte na temat m.in. geografii, historii, gospodarki, kultury oraz reali\u00f3w kraj\u00f3w niemieckiego obszaru j\u0119zykowego.<\/p>\n<p>Najlepsza dru\u017cyna w szkole przechodzi na nast\u0119pnego etapu i b\u0119dzie nas reprezentowa\u0107 na etapie regionalnym w dniu 21 kwietnia 2023 r. w murach tarnowskiej ANS!<\/p>\n<p>W dniu 21.04.23 r. zwyci\u0119skie grupy I etapu konkursu w tym samym sk\u0142adzie osobowym odpowiadaj\u0105 na pytania zar\u00f3wno w j\u0119zyku polskim, jak i niemieckim zawarte w prezentacji multimedialnej z zakresu wiedzy na temat wskazanego kraju niemieckiego obszaru j\u0119zykowego. Uczestnicy losuj\u0105 pytania z puli za jeden (test wyboru po polsku), dwa (test wyboru po niemiecku) lub trzy punkty (pytania otwarte po niemiecku).<\/p>\n<p>Etap Og\u00f3lnopolski -III etap odb\u0119dzie si\u0119 04.06.2022 w Goethe Institut Krakau r. i b\u0119dzie mia\u0142 form\u0119 mini-projektu.<\/p>\n<p>&nbsp;<\/p>\n<p><em><strong>Zapraszamy!<\/strong><\/em><\/p>\n<p><em><strong>Koordynator&nbsp; mgr &nbsp;Agnieszka&nbsp; Ju\u015bko<\/strong><\/em><\/p>\n<p>&nbsp;<\/p>\n\n\n\n<div class=\"wp-block-image\"><figure class=\"aligncenter is-resized\"><img decoding=\"async\" loading=\"lazy\" src=\"http:\/\/16lo.tarman.pl\/wp-content\/uploads\/2023\/02\/6.Turbo2023-1-724x1024.jpg\" alt=\"\" class=\"wp-image-68339\" width=\"543\" height=\"768\" srcset=\"https:\/\/16lo.tarman.pl\/wp-content\/uploads\/2023\/02\/6.Turbo2023-1-724x1024.jpg 724w, https:\/\/16lo.tarman.pl\/wp-content\/uploads\/2023\/02\/6.Turbo2023-1-212x300.jpg 212w, https:\/\/16lo.tarman.pl\/wp-content\/uploads\/2023\/02\/6.Turbo2023-1-768x1086.jpg 768w\" sizes=\"(max-width: 543px) 100vw, 543px\" \/><\/figure><\/div>\n\n\n\n<div class=\"wp-block-file\"><a href=\"http:\/\/16lo.tarman.pl\/wp-content\/uploads\/2023\/02\/4.Zakres-wymagan.docx\">4.Zakres-wymagan<\/a><a href=\"http:\/\/16lo.tarman.pl\/wp-content\/uploads\/2023\/02\/4.Zakres-wymagan.docx\" class=\"wp-block-file__button\" download>Pobierz<\/a><\/div>\n\n\n\n<div class=\"wp-block-file\"><a href=\"http:\/\/16lo.tarman.pl\/wp-content\/uploads\/2023\/02\/2.TURBOLANDESKUNDE-REGULAMIN.docx\">2.TURBOLANDESKUNDE-REGULAMIN<\/a><a href=\"http:\/\/16lo.tarman.pl\/wp-content\/uploads\/2023\/02\/2.TURBOLANDESKUNDE-REGULAMIN.docx\" class=\"wp-block-file__button\" download>Pobierz<\/a><\/div>\n\n\n\n<div class=\"wp-block-file\"><a href=\"http:\/\/16lo.tarman.pl\/wp-content\/uploads\/2023\/02\/5.Zgoda_.docx\">5.Zgoda_<\/a><a href=\"http:\/\/16lo.tarman.pl\/wp-content\/uploads\/2023\/02\/5.Zgoda_.docx\" class=\"wp-block-file__button\" download>Pobierz<\/a><\/div>\n","protected":false},"excerpt":{"rendered":"<p>ZAPROSZENIE DO UDZIA\u0141U W 8 EDYCJI OG\u00d3LNOPOLSKIEGO KONKURSU J\u0118ZYKA NIEMIECKIEGO \u201eTurbolandeskunde\u201d! &nbsp; Przed nami dru\u017cynowy [&#8230;]<\/p>\n","protected":false},"author":1,"featured_media":68337,"comment_status":"closed","ping_status":"closed","sticky":false,"template":"","format":"standard","meta":{"ngg_post_thumbnail":0},"categories":[1,165,146,114,401,18,427],"tags":[],"_links":{"self":[{"href":"https:\/\/16lo.tarman.pl\/index.php?rest_route=\/wp\/v2\/posts\/68333"}],"collection":[{"href":"https:\/\/16lo.tarman.pl\/index.php?rest_route=\/wp\/v2\/posts"}],"about":[{"href":"https:\/\/16lo.tarman.pl\/index.php?rest_route=\/wp\/v2\/types\/post"}],"author":[{"embeddable":true,"href":"https:\/\/16lo.tarman.pl\/index.php?rest_route=\/wp\/v2\/users\/1"}],"replies":[{"embeddable":true,"href":"https:\/\/16lo.tarman.pl\/index.php?rest_route=%2Fwp%2Fv2%2Fcomments&post=68333"}],"version-history":[{"count":2,"href":"https:\/\/16lo.tarman.pl\/index.php?rest_route=\/wp\/v2\/posts\/68333\/revisions"}],"predecessor-version":[{"id":68340,"href":"https:\/\/16lo.tarman.pl\/index.php?rest_route=\/wp\/v2\/posts\/68333\/revisions\/68340"}],"wp:featuredmedia":[{"embeddable":true,"href":"https:\/\/16lo.tarman.pl\/index.php?rest_route=\/wp\/v2\/media\/68337"}],"wp:attachment":[{"href":"https:\/\/16lo.tarman.pl\/index.php?rest_route=%2Fwp%2Fv2%2Fmedia&parent=68333"}],"wp:term":[{"taxonomy":"category","embeddable":true,"href":"https:\/\/16lo.tarman.pl\/index.php?rest_route=%2Fwp%2Fv2%2Fcategories&post=68333"},{"taxonomy":"post_tag","embeddable":true,"href":"https:\/\/16lo.tarman.pl\/index.php?rest_route=%2Fwp%2Fv2%2Ftags&post=68333"}],"curies":[{"name":"wp","href":"https:\/\/api.w.org\/{rel}","templated":true}]}}