{"id":664,"date":"2010-09-28T16:10:27","date_gmt":"2010-09-28T16:10:27","guid":{"rendered":"http:\/\/16lo.tarman.pl\/?p=664"},"modified":"2014-10-07T11:21:06","modified_gmt":"2014-10-07T11:21:06","slug":"dobre-imie-to-szlachetne-dziedzictwo-swieto-patrona-szkoly","status":"publish","type":"post","link":"https:\/\/16lo.tarman.pl\/?p=664","title":{"rendered":"Dobre imi\u0119 to szlachetne dziedzictwo &#8211; \u015awi\u0119to Patrona Szko\u0142y"},"content":{"rendered":"<p style=\"text-align: justify;\">Dobre imi\u0119 to szlachetne dziedzictwo<\/p>\n<p style=\"text-align: justify;\"><a href=\"http:\/\/16lo.tarman.pl\/wp-content\/uploads\/2012\/08\/TOPL0432.jpg\"><img decoding=\"async\" loading=\"lazy\" class=\"alignleft size-thumbnail wp-image-665\" title=\"TOPL0432\" src=\"http:\/\/16lo.tarman.pl\/wp-content\/uploads\/2012\/08\/TOPL0432-150x150.jpg\" alt=\"\" width=\"150\" height=\"150\" \/><\/a>Te s\u0142owa rozbrzmiewa\u0142y w budynku naszej szko\u0142y w dniu 28 wrze\u015bnia 2009 roku. By\u0142 to dzie\u0144 szczeg\u00f3lny. Po raz pierwszy, ju\u017c prawie w dziesi\u0119cioletniej historii XVI Liceum, obchodzili\u015bmy \u015awi\u0119to Patrona Szko\u0142y &#8211; Armii Krajowej.<\/p>\n<p style=\"text-align: justify;\">\u00a0W tym dniu zbieg\u0142y si\u0119 dwie rocznice; 70 lat temu, 1 wrze\u015bnia 1939 roku, powsta\u0142o Polskie Pa\u0144stwo Podziemne, a niewiele p\u00f3\u017aniej jego zbrojne rami\u0119 Armia Krajowa, rok temu 27 wrze\u015bnia na pi\u0119knym tarnowskim rynku, nasza szko\u0142a przyj\u0119\u0142a imi\u0119 Armii Krajowej i sztandar, ufundowany przez \u017co\u0142nierzy skupionych w \u015awiatowym Zwi\u0105zku AK, Ko\u0142a Tarn\u00f3w.<\/p>\n<p style=\"text-align: justify;\">\u00a0Uroczysto\u015b\u0107 rozpocz\u0119\u0142a si\u0119 w holu szko\u0142y, w kt\u00f3rym zgromadzi\u0142o si\u0119 wielu znakomitych go\u015bci. Przy d\u017awi\u0119kach werbli, a wcze\u015bniej Sygnale tr\u0105bki, Prezydent miasta Tarnowa Pan Ryszard \u015aciga\u0142a, Prezes \u015aZ\u017bAK, Ko\u0142a Tarn\u00f3w, mjr Zbigniew Bana\u015b, dyrektor szko\u0142y Ewa Witecka i ucze\u0144 Mateusz Rzo\u0144ca uroczy\u015bcie ods\u0142onili tablic\u0119, upami\u0119tniaj\u0105c\u0105 dzie\u0144 nadania imienia i sztandaru naszej szkole.<\/p>\n<p style=\"text-align: justify;\">\u00a0Semper fidelis \u2013 Deo, Honori, Patriae, Litteris to testament pokoleniowy, kt\u00f3ry zosta\u0142 przekazany przez \u017co\u0142nierzy AK naszej szkolnej spo\u0142eczno\u015bci.<\/p>\n<p style=\"text-align: justify;\">\u00a0\u201eZostali\u015bmy spadkobiercami najwi\u0119kszej idei, jak r\u00f3wnie\u017c fragmentu historii Polski\u201d \u2013 tymi s\u0142owami dyrektorka szko\u0142y, Pani Ewa Witecka nawi\u0105za\u0142a do tej historycznej dla szko\u0142y chwili. \u201e Zawsze b\u0119dziemy pami\u0119ta\u0107 o zaufaniu, kt\u00f3rym obdarzyli nas nasi Przyjaciele, \u017bo\u0142nierze Armii Krajowej\u201d. Nast\u0119pnie kapelan \u017co\u0142nierzy AK, Ksi\u0105dz dr Piotr Gajda po\u015bwi\u0119ci\u0142 ods\u0142oni\u0119t\u0105 tablic\u0119. Wsp\u00f3lna modlitwa zako\u0144czy\u0142a pierwsz\u0105 cz\u0119\u015b\u0107 tej niezwyk\u0142ej uroczysto\u015bci.<\/p>\n<p style=\"text-align: justify;\">\u00a0W Auli Urz\u0119du Marsza\u0142kowskiego oczekiwa\u0142a nas m\u0142odzie\u017c klas pierwszych. Dla nich to dzie\u0144 wyj\u0105tkowy. Z\u0142o\u017cenie \u015blubowania na sztandar i pasowanie na uczni\u00f3w klas militarnych. Wsp\u00f3lne od\u015bpiewanie hymnu pa\u0144stwowego stworzy\u0142o atmosfer\u0119 powagi i zamy\u015blenia. Najlepsi uczniowie klas pierwszych zostali wywo\u0142ani do z\u0142o\u017cenia Roty \u015blubowania na sztandar szko\u0142y. W imieniu wszystkich uczni\u00f3w klas pierwszych przyrzekali by\u0107 godnymi nast\u0119pcami Patrona Szko\u0142y.<\/p>\n<p style=\"text-align: justify;\">\u00a0Wezwanie \u201e Tak nam dopom\u00f3\u017c B\u00f3g\u201d zako\u0144czy\u0142o \u015blubowanie. Potem d\u0142ugo rozbrzmiewa\u0142 okrzyk \u201e Ku chwale Ojczyzny\u201d w czasie pasowania przez komendant\u00f3w s\u0142u\u017cb mundurowych; p\u0142k Zbigniewa Wa\u015bniowskiego dow. 32 ODN Krak\u00f3w \u2013 Balice, inspektora Zbigniewa Ostrowskiego Komendanta Miejskiego Komendy Policji w Tarnowie oraz brygadiera Tadeusza Sitko, komendanta Miejskiej Stra\u017cy Po\u017carnej w Tarnowie. Szczeg\u00f3lnie zosta\u0142a wyr\u00f3\u017cniona m\u0142odzie\u017c klasy europejskiej, kt\u00f3rej gratulacje z okazji pasowania na uczni\u00f3w klasy pierwszej z\u0142o\u017cy\u0142 Pan Prezydent Ryszard \u015aciga\u0142a. Pami\u0119tali\u015bmy o rocznicy powstania PPP i AK. Kr\u00f3tka sesja naukowa, wyk\u0142adowcami kt\u00f3rej byli pracownicy naukowi polskich uczelni, po\u015bwi\u0119cona zosta\u0142a genezie i historii AK oraz \u017co\u0142nierzy w niej dzia\u0142aj\u0105cych, kt\u00f3rych historia przez d\u0142ugie lata \u201e by\u0142a pisana pami\u0119ci\u0105\u201d.<\/p>\n<p style=\"text-align: justify;\">Nawi\u0105zuj\u0105c do wydarze\u0144 tamtych lat, na zako\u0144czenie uroczysto\u015bci, wszyscy zgromadzeni w Auli: zaproszeni go\u015bcie, \u017co\u0142nierze AK i ich Rodziny skupieni w Kole Tarn\u00f3w, licznie przybyli Rodzice uczni\u00f3w klas pierwszych, m\u0142odzie\u017c naszego liceum, grono pedagogiczne, pracownicy administracji i obs\u0142ugi za\u015bpiewali kilka pie\u015bni partyzanckich. W tak mi\u0142ej i niepowtarzalnej atmosferze zako\u0144czyli\u015bmy kolejne wa\u017cne wydarzenie w naszej szkole. Na d\u0142ugo zostanie w naszej pami\u0119ci , a na zawsze w anna\u0142ach XVI Liceum Og\u00f3lnokszta\u0142c\u0105cego im. AK w Tarnowie.<\/p>\n<p style=\"text-align: justify;\">Serdecznie dzi\u0119kujemy za \u017cyczenia z\u0142o\u017cone na r\u0119ce Pani dyrektor, a przes\u0142ane z r\u00f3\u017cnych zak\u0105tk\u00f3w kraju i z zagranicy.<\/p>\n<p style=\"text-align: justify;\"><strong><p>no images were found<\/p>\n<\/strong><\/p>\n","protected":false},"excerpt":{"rendered":"<p>Dobre imi\u0119 to szlachetne dziedzictwo Te s\u0142owa rozbrzmiewa\u0142y w budynku naszej szko\u0142y w dniu 28 [&#8230;]<\/p>\n","protected":false},"author":1,"featured_media":0,"comment_status":"closed","ping_status":"closed","sticky":false,"template":"","format":"standard","meta":{"ngg_post_thumbnail":0},"categories":[212,102],"tags":[],"_links":{"self":[{"href":"https:\/\/16lo.tarman.pl\/index.php?rest_route=\/wp\/v2\/posts\/664"}],"collection":[{"href":"https:\/\/16lo.tarman.pl\/index.php?rest_route=\/wp\/v2\/posts"}],"about":[{"href":"https:\/\/16lo.tarman.pl\/index.php?rest_route=\/wp\/v2\/types\/post"}],"author":[{"embeddable":true,"href":"https:\/\/16lo.tarman.pl\/index.php?rest_route=\/wp\/v2\/users\/1"}],"replies":[{"embeddable":true,"href":"https:\/\/16lo.tarman.pl\/index.php?rest_route=%2Fwp%2Fv2%2Fcomments&post=664"}],"version-history":[{"count":4,"href":"https:\/\/16lo.tarman.pl\/index.php?rest_route=\/wp\/v2\/posts\/664\/revisions"}],"predecessor-version":[{"id":4158,"href":"https:\/\/16lo.tarman.pl\/index.php?rest_route=\/wp\/v2\/posts\/664\/revisions\/4158"}],"wp:attachment":[{"href":"https:\/\/16lo.tarman.pl\/index.php?rest_route=%2Fwp%2Fv2%2Fmedia&parent=664"}],"wp:term":[{"taxonomy":"category","embeddable":true,"href":"https:\/\/16lo.tarman.pl\/index.php?rest_route=%2Fwp%2Fv2%2Fcategories&post=664"},{"taxonomy":"post_tag","embeddable":true,"href":"https:\/\/16lo.tarman.pl\/index.php?rest_route=%2Fwp%2Fv2%2Ftags&post=664"}],"curies":[{"name":"wp","href":"https:\/\/api.w.org\/{rel}","templated":true}]}}