{"id":66069,"date":"2022-01-23T18:28:13","date_gmt":"2022-01-23T18:28:13","guid":{"rendered":"http:\/\/16lo.tarman.pl\/?p=66069"},"modified":"2022-01-23T18:30:50","modified_gmt":"2022-01-23T18:30:50","slug":"xii-edycja-konkursu-jezyka-niemieckiego-fit-in-deutsch","status":"publish","type":"post","link":"https:\/\/16lo.tarman.pl\/?p=66069","title":{"rendered":"XII Edycja Konkursu J\u0119zyka Niemieckiego \u201eFit in Deutsch\u201d"},"content":{"rendered":"\n<p>Szanowni Pa\u0144stwo!&nbsp;<\/p>\n<p><strong>Polskie Stowarzyszenie Nauczycieli J\u0119zyka Niemieckiego- Oddzia\u0142 Tarn\u00f3w, Ma\u0142e Centrum Biblioteczne Instytutu Goethego w Tarnowie mieszcz\u0105ce si\u0119 przy XVI LO im. Armii Krajowe w Tarnowie<\/strong><strong>&nbsp;<\/strong>zapraszaj\u0105 do udzia\u0142u w&nbsp;<strong>XII Edycji<\/strong>&nbsp;<strong>Konkursu J\u0119zyka Niemieckiego \u201eFit in Deutsch\u201d,<\/strong>&nbsp;kt\u00f3ry odb\u0119dzie si\u0119&nbsp;&nbsp;<strong>23 marca 2022 r. <\/strong>o godz. 10.00 w auli PWSZ w Tarnowie.<\/p>\n<p>Konkurs obj\u0119ty Honorowym Patronatem nast\u0119puj\u0105cych instytucji:<\/p>\n<ul>\n<li>Ma\u0142opolskiego Kuratora O\u015bwiaty,<\/li>\n<li>Prezydenta Miasta Tarnowa,<\/li>\n<li>Starosty Tarnowskiego oraz<\/li>\n<li>Rektor Pa\u0144stwowej Wy\u017cszej Szko\u0142y Zawodowej w Tarnowie.<\/li>\n<\/ul>\n<p>Konkurs skierowany jest do wszystkich typ\u00f3w szk\u00f3\u0142 (szko\u0142y podstawowe, szko\u0142y \u015brednie), rozgrywany na trzech poziomach j\u0119zykowych (A1, A2, B1).<\/p>\n<p>Konkurs ma form\u0119 pisemn\u0105 i sprawdza umiej\u0119tno\u015bci uczni\u00f3w w zakresie s\u0142uchani, czytania, pisania oraz znajomo\u015b\u0107 \u015brodk\u00f3w leksykalno- gramatycznych&nbsp; na wz\u00f3r egzamin\u00f3w j\u0119zykowych organizowanych przez Goethe- Institut.<\/p>\n<p>Zg\u0142oszenia przyjmuje koordynator konkursu, mgr Agnieszka Ju\u015bko, do&nbsp;<strong>20 lutego<\/strong>&nbsp;2022 r. na adres <a href=\"centrumbibl.tarnow@gmail.com\">centrumbibl.tarnow@gmail.com<\/a><\/p>\n<p>G\u0142\u00f3wnym fundatorem nagr\u00f3d jest, jak co roku, Goethe- Institut Krakau. &nbsp;<\/p>\n<p>Opr\u00f3cz nagr\u00f3d ksi\u0105\u017ckowych Instytut Goethego w Krakowie ufundowa\u0142 stypendia egzaminacyjnych dla laureat\u00f3w konkursu, dzi\u0119ki kt\u00f3rym uczniowie b\u0119d\u0105 mogli podej\u015b\u0107 bezp\u0142atnie do egzamin\u00f3w Instytutu Goethego w czerwcu 2022 r. w Centrum Egzaminacyjnym przy PWSZ w Tarnowie.<\/p>\n<p>Szczeg\u00f3\u0142owe informacje znajduj\u0105 si\u0119 w regulaminie.<\/p>\n<p>Informujemy r\u00f3wnie\u017c, i\u017c&nbsp; w Centrum Bibliotecznym przy XVI LO istnieje mo\u017cliwo\u015b\u0107 wypo\u017cyczenia materia\u0142\u00f3w przygotowuj\u0105cych do konkursu.<\/p>\n<p>Zapraszamy do udzia\u0142u!<\/p>\n<p>Z powa\u017caniem&nbsp;<\/p>\n<p>Agnieszka Ju\u015bko- Koordynator Konkursu, Wiceprezes PSNJN- Oddzia\u0142 Tarn\u00f3w, Opiekun Ma\u0142ego Centrum Bibliotecznego Instytutu Goethego w Tarnowie<\/p>\n\n\n\n<div class=\"wp-block-file\"><a href=\"http:\/\/16lo.tarman.pl\/wp-content\/uploads\/2022\/01\/Regulamin-konkursu-Fit-marzec-2022.doc\">Regulamin konkursu Fit marzec 2022<\/a><a href=\"http:\/\/16lo.tarman.pl\/wp-content\/uploads\/2022\/01\/Regulamin-konkursu-Fit-marzec-2022.doc\" class=\"wp-block-file__button\" download>Pobierz<\/a><\/div>\n\n\n\n<figure class=\"wp-block-image\"><img decoding=\"async\" loading=\"lazy\" width=\"1024\" height=\"702\" src=\"http:\/\/16lo.tarman.pl\/wp-content\/uploads\/2022\/01\/29505196d28bb42efdade5b8b4456deb-0-e1642962463624-1024x702.jpg\" alt=\"\" class=\"wp-image-66071\" srcset=\"https:\/\/16lo.tarman.pl\/wp-content\/uploads\/2022\/01\/29505196d28bb42efdade5b8b4456deb-0-e1642962463624-1024x702.jpg 1024w, https:\/\/16lo.tarman.pl\/wp-content\/uploads\/2022\/01\/29505196d28bb42efdade5b8b4456deb-0-e1642962463624-300x206.jpg 300w, https:\/\/16lo.tarman.pl\/wp-content\/uploads\/2022\/01\/29505196d28bb42efdade5b8b4456deb-0-e1642962463624-768x527.jpg 768w, https:\/\/16lo.tarman.pl\/wp-content\/uploads\/2022\/01\/29505196d28bb42efdade5b8b4456deb-0-e1642962463624.jpg 1654w\" sizes=\"(max-width: 1024px) 100vw, 1024px\" \/><\/figure>\n","protected":false},"excerpt":{"rendered":"<p>Szanowni Pa\u0144stwo!&nbsp; Polskie Stowarzyszenie Nauczycieli J\u0119zyka Niemieckiego- Oddzia\u0142 Tarn\u00f3w, Ma\u0142e Centrum Biblioteczne Instytutu Goethego w [&#8230;]<\/p>\n","protected":false},"author":1,"featured_media":66070,"comment_status":"closed","ping_status":"closed","sticky":false,"template":"","format":"standard","meta":{"ngg_post_thumbnail":0},"categories":[1,165,146,114,401],"tags":[],"_links":{"self":[{"href":"https:\/\/16lo.tarman.pl\/index.php?rest_route=\/wp\/v2\/posts\/66069"}],"collection":[{"href":"https:\/\/16lo.tarman.pl\/index.php?rest_route=\/wp\/v2\/posts"}],"about":[{"href":"https:\/\/16lo.tarman.pl\/index.php?rest_route=\/wp\/v2\/types\/post"}],"author":[{"embeddable":true,"href":"https:\/\/16lo.tarman.pl\/index.php?rest_route=\/wp\/v2\/users\/1"}],"replies":[{"embeddable":true,"href":"https:\/\/16lo.tarman.pl\/index.php?rest_route=%2Fwp%2Fv2%2Fcomments&post=66069"}],"version-history":[{"count":3,"href":"https:\/\/16lo.tarman.pl\/index.php?rest_route=\/wp\/v2\/posts\/66069\/revisions"}],"predecessor-version":[{"id":66076,"href":"https:\/\/16lo.tarman.pl\/index.php?rest_route=\/wp\/v2\/posts\/66069\/revisions\/66076"}],"wp:featuredmedia":[{"embeddable":true,"href":"https:\/\/16lo.tarman.pl\/index.php?rest_route=\/wp\/v2\/media\/66070"}],"wp:attachment":[{"href":"https:\/\/16lo.tarman.pl\/index.php?rest_route=%2Fwp%2Fv2%2Fmedia&parent=66069"}],"wp:term":[{"taxonomy":"category","embeddable":true,"href":"https:\/\/16lo.tarman.pl\/index.php?rest_route=%2Fwp%2Fv2%2Fcategories&post=66069"},{"taxonomy":"post_tag","embeddable":true,"href":"https:\/\/16lo.tarman.pl\/index.php?rest_route=%2Fwp%2Fv2%2Ftags&post=66069"}],"curies":[{"name":"wp","href":"https:\/\/api.w.org\/{rel}","templated":true}]}}