{"id":62961,"date":"2020-04-07T06:32:24","date_gmt":"2020-04-07T06:32:24","guid":{"rendered":"http:\/\/16lo.tarman.pl\/?p=62961"},"modified":"2020-04-07T06:32:26","modified_gmt":"2020-04-07T06:32:26","slug":"probny-egzamin-maturalny-z-biologi-i-wiedza-o-spoleczenstwie-poziom-rozszerzony","status":"publish","type":"post","link":"https:\/\/16lo.tarman.pl\/?p=62961","title":{"rendered":"PR\u00d3BNY EGZAMIN MATURALNY Z BIOLOGI I WIEDZA O SPO\u0141ECZE\u0143STWIE &#8211; POZIOM ROZSZERZONY"},"content":{"rendered":"\n<h4>&nbsp;<\/h4>\n<h4>&nbsp;<\/h4>\n<h4>&nbsp;<\/h4>\n<h4>&nbsp;<\/h4>\n<h4>&nbsp;<\/h4>\n<h4>&nbsp;<\/h4>\n<h4>PR\u00d3BNY EGZAMIN MATURALNY Z BIOLOGII (PR)<\/h4>\n<hr \/>\n<pre>1. Arkusz dla os\u00f3b bez dysfunkcji oraz uczni\u00f3w z dysleksj\u0105 rozwojow\u0105<br \/><br \/><\/pre>\n<table>\n<tbody>\n<tr>\n<td><a href=\"http:\/\/pliki.oke.krakow.pl\/PEM\/BI\/PR\/MBI-R1_1P.pdf\" target=\"_blank\" rel=\"noopener noreferrer\">Arkusz egzaminacyjny<\/a><\/td>\n<\/tr>\n<\/tbody>\n<\/table>\n<pre><br \/><br \/>2. Arkusz dla os\u00f3b z autyzmem, w tym z zespo\u0142em Aspergera<br \/><br \/><\/pre>\n<table>\n<tbody>\n<tr>\n<td><a href=\"http:\/\/pliki.oke.krakow.pl\/PEM\/BI\/PR\/MBI-R1_2P.pdf\" target=\"_blank\" rel=\"noopener noreferrer\">Arkusz egzaminacyjny<\/a><\/td>\n<\/tr>\n<\/tbody>\n<\/table>\n<pre><br \/><br \/>3. Arkusz dla os\u00f3b s\u0142abowidz\u0105cych<br \/><br \/><\/pre>\n<table>\n<tbody>\n<tr>\n<td><a href=\"http:\/\/pliki.oke.krakow.pl\/PEM\/BI\/PR\/MBI-R1_4P.pdf\" target=\"_blank\" rel=\"noopener noreferrer\">Arkusz egzaminacyjny<\/a><\/td>\n<\/tr>\n<\/tbody>\n<\/table>\n<pre><br \/><br \/>4. Arkusz dla os\u00f3b nies\u0142ysz\u0105cych<\/pre>\n<center>\n<table style=\"width: 100.341%; height: 113px;\">\n<tbody>\n<tr style=\"height: 118px;\">\n<td style=\"height: 118px;\">\n<pre><a href=\"http:\/\/pliki.oke.krakow.pl\/PEM\/BI\/PR\/MBI-R1_7P.pdf\" target=\"_blank\" rel=\"noopener noreferrer\">Arkusz egzaminacyjny<\/a><\/pre>\n<\/td>\n<\/tr>\n<\/tbody>\n<\/table>\n<h4>&nbsp;<\/h4>\n<h4 style=\"text-align: left;\">PR\u00d3BNY EGZAMIN MATURALNY Z WIEDZY O SPO\u0141ECZE\u0143STWIE (PR)<\/h4>\n<hr \/>\n<pre style=\"text-align: left;\">1. Arkusz dla os\u00f3b bez dysfunkcji oraz uczni\u00f3w z dysleksj\u0105 rozwojow\u0105<br \/><br \/><\/pre>\n<table>\n<tbody>\n<tr>\n<td><a href=\"http:\/\/pliki.oke.krakow.pl\/PEM\/WO\/PR\/MWO-R1_1P.pdf\" target=\"_blank\" rel=\"noopener noreferrer\">Arkusz egzaminacyjny<\/a><\/td>\n<\/tr>\n<\/tbody>\n<\/table>\n<pre style=\"text-align: left;\"><br \/><br \/>2. Arkusz dla os\u00f3b z autyzmem, w tym z zespo\u0142em Aspergera<br \/><br \/><\/pre>\n<table>\n<tbody>\n<tr>\n<td><a href=\"http:\/\/pliki.oke.krakow.pl\/PEM\/WO\/PR\/MWO-R1_2P.pdf\" target=\"_blank\" rel=\"noopener noreferrer\">Arkusz egzaminacyjny<\/a><\/td>\n<\/tr>\n<\/tbody>\n<\/table>\n<pre style=\"text-align: left;\"><br \/><br \/>3. Arkusz dla os\u00f3b s\u0142abowidz\u0105cych<br \/><br \/><\/pre>\n<table>\n<tbody>\n<tr>\n<td><a href=\"http:\/\/pliki.oke.krakow.pl\/PEM\/WO\/PR\/MWO-R1_4P.pdf\" target=\"_blank\" rel=\"noopener noreferrer\">Arkusz egzaminacyjny<\/a><\/td>\n<\/tr>\n<\/tbody>\n<\/table>\n<pre style=\"text-align: left;\"><br \/><br \/>4. Arkusz dla os\u00f3b nies\u0142ysz\u0105cych<\/pre>\n<\/center><center>\n<table>\n<tbody>\n<tr>\n<td style=\"text-align: left;\">\n<pre><a href=\"http:\/\/pliki.oke.krakow.pl\/PEM\/WO\/PR\/MWO-R1_7P.pdf\" target=\"_blank\" rel=\"noopener noreferrer\">Arkusz egzaminacyjny<\/a><\/pre>\n<\/td>\n<\/tr>\n<\/tbody>\n<\/table>\n<\/center>\n","protected":false},"excerpt":{"rendered":"<p>&nbsp; &nbsp; &nbsp; &nbsp; &nbsp; &nbsp; PR\u00d3BNY EGZAMIN MATURALNY Z BIOLOGII (PR) 1. Arkusz dla [&#8230;]<\/p>\n","protected":false},"author":1,"featured_media":62899,"comment_status":"closed","ping_status":"closed","sticky":false,"template":"","format":"standard","meta":{"ngg_post_thumbnail":0},"categories":[372,371],"tags":[],"_links":{"self":[{"href":"https:\/\/16lo.tarman.pl\/index.php?rest_route=\/wp\/v2\/posts\/62961"}],"collection":[{"href":"https:\/\/16lo.tarman.pl\/index.php?rest_route=\/wp\/v2\/posts"}],"about":[{"href":"https:\/\/16lo.tarman.pl\/index.php?rest_route=\/wp\/v2\/types\/post"}],"author":[{"embeddable":true,"href":"https:\/\/16lo.tarman.pl\/index.php?rest_route=\/wp\/v2\/users\/1"}],"replies":[{"embeddable":true,"href":"https:\/\/16lo.tarman.pl\/index.php?rest_route=%2Fwp%2Fv2%2Fcomments&post=62961"}],"version-history":[{"count":4,"href":"https:\/\/16lo.tarman.pl\/index.php?rest_route=\/wp\/v2\/posts\/62961\/revisions"}],"predecessor-version":[{"id":62965,"href":"https:\/\/16lo.tarman.pl\/index.php?rest_route=\/wp\/v2\/posts\/62961\/revisions\/62965"}],"wp:featuredmedia":[{"embeddable":true,"href":"https:\/\/16lo.tarman.pl\/index.php?rest_route=\/wp\/v2\/media\/62899"}],"wp:attachment":[{"href":"https:\/\/16lo.tarman.pl\/index.php?rest_route=%2Fwp%2Fv2%2Fmedia&parent=62961"}],"wp:term":[{"taxonomy":"category","embeddable":true,"href":"https:\/\/16lo.tarman.pl\/index.php?rest_route=%2Fwp%2Fv2%2Fcategories&post=62961"},{"taxonomy":"post_tag","embeddable":true,"href":"https:\/\/16lo.tarman.pl\/index.php?rest_route=%2Fwp%2Fv2%2Ftags&post=62961"}],"curies":[{"name":"wp","href":"https:\/\/api.w.org\/{rel}","templated":true}]}}