{"id":61507,"date":"2019-12-23T12:29:26","date_gmt":"2019-12-23T12:29:26","guid":{"rendered":"http:\/\/16lo.tarman.pl\/?p=61507"},"modified":"2020-01-09T06:20:24","modified_gmt":"2020-01-09T06:20:24","slug":"wspolne-szkolne-koledowanie","status":"publish","type":"post","link":"https:\/\/16lo.tarman.pl\/?p=61507","title":{"rendered":"Wsp\u00f3lne szkolne kol\u0119dowanie"},"content":{"rendered":"\n<p>Kol\u0119dy towarzysz\u0105 nam nie tylko w wiecz\u00f3r w wigilijny, ale tak\u017ce podczas ca\u0142ego okresu \u015bwi\u0105tecznego. Jest to jedna z pi\u0119kniejszych tradycji staropolskich. Nazwa \u201ekol\u0119da\u201d pochodzi od \u0142aci\u0144skiego wyrazu calendae, oznaczaj\u0105cego w pa\u0144stwie rzymskim pierwszy dzie\u0144 ka\u017cdego miesi\u0105ca. Pocz\u0105tkowo bowiem kol\u0119dami nazywano w Polsce pie\u015bni noworoczne. Dzisiaj terminem tym okre\u015bla si\u0119 pie\u015bni ko\u015bcielne i domowe o Bo\u017cym Narodzeniu. Najstarsze polskie kol\u0119dy, prze\u0142o\u017cone z kancjona\u0142\u00f3w \u0142aci\u0144skich i czeskich pochodz\u0105 z XV wieku. Jednocze\u015bnie tworzone by\u0142y pastora\u0142ki \u2013 weso\u0142e i skoczne kol\u0119dy o tematyce pasterskiej. Podczas tegorocznych jase\u0142ek cz\u0142onkowie Ko\u0142a Teatralnego oraz Samorz\u0105du Szkolnego wprowadzili nas w \u015bwi\u0105teczny nastr\u00f3j dzi\u0119ki wsp\u00f3lnemu kol\u0119dowaniu.&nbsp;<\/p>\n\n\n\n<figure class=\"wp-block-embed-youtube wp-block-embed is-type-video is-provider-youtube wp-embed-aspect-16-9 wp-has-aspect-ratio\"><div class=\"wp-block-embed__wrapper\">\n<iframe loading=\"lazy\"  id=\"_ytid_42043\"  width=\"860\" height=\"484\"  data-origwidth=\"860\" data-origheight=\"484\" src=\"https:\/\/www.youtube.com\/embed\/cObqj2Upq8o?enablejsapi=1&#038;autoplay=0&#038;cc_load_policy=0&#038;cc_lang_pref=&#038;iv_load_policy=1&#038;loop=0&#038;modestbranding=0&#038;rel=0&#038;fs=1&#038;playsinline=0&#038;autohide=2&#038;theme=dark&#038;color=red&#038;controls=1&#038;\" class=\"__youtube_prefs__  epyt-is-override  no-lazyload\" title=\"YouTube player\"  allow=\"accelerometer; autoplay; clipboard-write; encrypted-media; gyroscope; picture-in-picture\" allowfullscreen data-no-lazy=\"1\" data-skipgform_ajax_framebjll=\"\"><\/iframe>\n<\/div><\/figure>\n","protected":false},"excerpt":{"rendered":"<p>Kol\u0119dy towarzysz\u0105 nam nie tylko w wiecz\u00f3r w wigilijny, ale tak\u017ce podczas ca\u0142ego okresu \u015bwi\u0105tecznego. [&#8230;]<\/p>\n","protected":false},"author":1,"featured_media":61508,"comment_status":"closed","ping_status":"closed","sticky":false,"template":"","format":"standard","meta":{"ngg_post_thumbnail":0},"categories":[1,296,353],"tags":[],"_links":{"self":[{"href":"https:\/\/16lo.tarman.pl\/index.php?rest_route=\/wp\/v2\/posts\/61507"}],"collection":[{"href":"https:\/\/16lo.tarman.pl\/index.php?rest_route=\/wp\/v2\/posts"}],"about":[{"href":"https:\/\/16lo.tarman.pl\/index.php?rest_route=\/wp\/v2\/types\/post"}],"author":[{"embeddable":true,"href":"https:\/\/16lo.tarman.pl\/index.php?rest_route=\/wp\/v2\/users\/1"}],"replies":[{"embeddable":true,"href":"https:\/\/16lo.tarman.pl\/index.php?rest_route=%2Fwp%2Fv2%2Fcomments&post=61507"}],"version-history":[{"count":2,"href":"https:\/\/16lo.tarman.pl\/index.php?rest_route=\/wp\/v2\/posts\/61507\/revisions"}],"predecessor-version":[{"id":61622,"href":"https:\/\/16lo.tarman.pl\/index.php?rest_route=\/wp\/v2\/posts\/61507\/revisions\/61622"}],"wp:featuredmedia":[{"embeddable":true,"href":"https:\/\/16lo.tarman.pl\/index.php?rest_route=\/wp\/v2\/media\/61508"}],"wp:attachment":[{"href":"https:\/\/16lo.tarman.pl\/index.php?rest_route=%2Fwp%2Fv2%2Fmedia&parent=61507"}],"wp:term":[{"taxonomy":"category","embeddable":true,"href":"https:\/\/16lo.tarman.pl\/index.php?rest_route=%2Fwp%2Fv2%2Fcategories&post=61507"},{"taxonomy":"post_tag","embeddable":true,"href":"https:\/\/16lo.tarman.pl\/index.php?rest_route=%2Fwp%2Fv2%2Ftags&post=61507"}],"curies":[{"name":"wp","href":"https:\/\/api.w.org\/{rel}","templated":true}]}}