{"id":61475,"date":"2019-12-20T11:41:01","date_gmt":"2019-12-20T11:41:01","guid":{"rendered":"http:\/\/16lo.tarman.pl\/?p=61475"},"modified":"2021-01-19T15:21:30","modified_gmt":"2021-01-19T15:21:30","slug":"nakreceni-na-niemiecki","status":"publish","type":"post","link":"https:\/\/16lo.tarman.pl\/?p=61475","title":{"rendered":"\u201eNakr\u0119ceni na niemiecki\u201d"},"content":{"rendered":"\n<div>W ramach projektu Deutsch Plus nauka na lekcji j\u0119zyka niemieckiego&nbsp;w naszej szkole odbywa si\u0119 r\u00f3\u017cnymi i zaskakuj\u0105cymi metodami. &nbsp;Uczennice z klasy 1Cg \u201eza\u0142o\u017cy\u0142y vloga\u201d.&nbsp; W pierwszym odcinku skupi\u0142y si\u0119 na sprawach szkolnych. Kolejne odcinki niebawem.<\/div>\n<div>Celem projektu jest&nbsp;urozmaicenie zaj\u0119\u0107&nbsp;jak r\u00f3wnie\u017c rozw\u00f3j kompetencji kluczowych \u2013 w tym m.in. j\u0119zykowych i spo\u0142ecznych.<\/div>\n\n\n\n<figure class=\"wp-block-embed-youtube wp-block-embed is-type-video is-provider-youtube wp-embed-aspect-16-9 wp-has-aspect-ratio\"><div class=\"wp-block-embed__wrapper\">\n<iframe loading=\"lazy\"  id=\"_ytid_28678\"  width=\"860\" height=\"484\"  data-origwidth=\"860\" data-origheight=\"484\" src=\"https:\/\/www.youtube.com\/embed\/nEb4tsw4J-o?enablejsapi=1&#038;autoplay=0&#038;cc_load_policy=0&#038;cc_lang_pref=&#038;iv_load_policy=1&#038;loop=0&#038;modestbranding=0&#038;rel=0&#038;fs=1&#038;playsinline=0&#038;autohide=2&#038;theme=dark&#038;color=red&#038;controls=1&#038;\" class=\"__youtube_prefs__  epyt-is-override  no-lazyload\" title=\"YouTube player\"  allow=\"accelerometer; autoplay; clipboard-write; encrypted-media; gyroscope; picture-in-picture\" allowfullscreen data-no-lazy=\"1\" data-skipgform_ajax_framebjll=\"\"><\/iframe>\n<\/div><\/figure>\n\n\n\n<figure class=\"wp-block-embed-youtube wp-block-embed is-type-video is-provider-youtube wp-embed-aspect-4-3 wp-has-aspect-ratio\"><div class=\"wp-block-embed__wrapper\">\n<iframe loading=\"lazy\"  id=\"_ytid_93380\"  width=\"860\" height=\"484\"  data-origwidth=\"860\" data-origheight=\"484\" src=\"https:\/\/www.youtube.com\/embed\/09hy9FUFmpk?enablejsapi=1&#038;autoplay=0&#038;cc_load_policy=0&#038;cc_lang_pref=&#038;iv_load_policy=1&#038;loop=0&#038;modestbranding=0&#038;rel=0&#038;fs=1&#038;playsinline=0&#038;autohide=2&#038;theme=dark&#038;color=red&#038;controls=1&#038;\" class=\"__youtube_prefs__  epyt-is-override  no-lazyload\" title=\"YouTube player\"  allow=\"accelerometer; autoplay; clipboard-write; encrypted-media; gyroscope; picture-in-picture\" allowfullscreen data-no-lazy=\"1\" data-skipgform_ajax_framebjll=\"\"><\/iframe>\n<\/div><\/figure>\n","protected":false},"excerpt":{"rendered":"<p>W ramach projektu Deutsch Plus nauka na lekcji j\u0119zyka niemieckiego&nbsp;w naszej szkole odbywa si\u0119 r\u00f3\u017cnymi [&#8230;]<\/p>\n","protected":false},"author":1,"featured_media":61477,"comment_status":"closed","ping_status":"closed","sticky":false,"template":"","format":"standard","meta":{"ngg_post_thumbnail":0},"categories":[1,165,296,353,114],"tags":[],"_links":{"self":[{"href":"https:\/\/16lo.tarman.pl\/index.php?rest_route=\/wp\/v2\/posts\/61475"}],"collection":[{"href":"https:\/\/16lo.tarman.pl\/index.php?rest_route=\/wp\/v2\/posts"}],"about":[{"href":"https:\/\/16lo.tarman.pl\/index.php?rest_route=\/wp\/v2\/types\/post"}],"author":[{"embeddable":true,"href":"https:\/\/16lo.tarman.pl\/index.php?rest_route=\/wp\/v2\/users\/1"}],"replies":[{"embeddable":true,"href":"https:\/\/16lo.tarman.pl\/index.php?rest_route=%2Fwp%2Fv2%2Fcomments&post=61475"}],"version-history":[{"count":1,"href":"https:\/\/16lo.tarman.pl\/index.php?rest_route=\/wp\/v2\/posts\/61475\/revisions"}],"predecessor-version":[{"id":61478,"href":"https:\/\/16lo.tarman.pl\/index.php?rest_route=\/wp\/v2\/posts\/61475\/revisions\/61478"}],"wp:featuredmedia":[{"embeddable":true,"href":"https:\/\/16lo.tarman.pl\/index.php?rest_route=\/wp\/v2\/media\/61477"}],"wp:attachment":[{"href":"https:\/\/16lo.tarman.pl\/index.php?rest_route=%2Fwp%2Fv2%2Fmedia&parent=61475"}],"wp:term":[{"taxonomy":"category","embeddable":true,"href":"https:\/\/16lo.tarman.pl\/index.php?rest_route=%2Fwp%2Fv2%2Fcategories&post=61475"},{"taxonomy":"post_tag","embeddable":true,"href":"https:\/\/16lo.tarman.pl\/index.php?rest_route=%2Fwp%2Fv2%2Ftags&post=61475"}],"curies":[{"name":"wp","href":"https:\/\/api.w.org\/{rel}","templated":true}]}}