{"id":59221,"date":"2019-04-05T10:59:41","date_gmt":"2019-04-05T10:59:41","guid":{"rendered":"http:\/\/16lo.tarman.pl\/?p=59221"},"modified":"2019-04-05T10:59:44","modified_gmt":"2019-04-05T10:59:44","slug":"szanowni-panstwo-2","status":"publish","type":"post","link":"https:\/\/16lo.tarman.pl\/?p=59221","title":{"rendered":"SZANOWNI PA\u0143STWO"},"content":{"rendered":"\n<p>Na dzie\u0144 dzisiejszy&nbsp; trwaj\u0105 rozmowy mi\u0119dzy stron\u0105 rz\u0105dow\u0105, a\nprzedstawicielami zwi\u0105zk\u00f3w zawodowych. Wszyscy tkwimy w niepewno\u015bci. Istnieje\ndu\u017ce prawdopodobie\u0144stwo, \u017ce od 8 kwietnia 2019 r. nasza szko\u0142a przyst\u0105pi do\nstrajku. Na podstawie przeprowadzonego referendum 93% nauczycieli bior\u0105cych\nudzia\u0142 w g\u0142osowaniu opowiedzia\u0142o si\u0119 za przyst\u0105pieniem do akcji strajkowej,\nkt\u00f3ra planowana jest od dnia 8 kwietnia, a\u017c do odwo\u0142ania.&nbsp; W tym czasie b\u0119d\u0105 realizowane&nbsp; zaj\u0119cia dydaktyczne w miar\u0119 mo\u017cliwo\u015bci.\nRealizacja zada\u0144 opieku\u0144czych szko\u0142y w dniach strajku b\u0119dzie realizowana, je\u015bli\nilo\u015b\u0107 nauczycieli pracuj\u0105cych b\u0119dzie niewystarczaj\u0105ca do realizacji zaj\u0119\u0107\ndydaktycznych. Dlatego prosz\u0119 Pa\u0144stwa o wyrozumia\u0142o\u015b\u0107 i informacj\u0119 zwrotn\u0105 do\nwychowawc\u00f3w klas, ilu uczni\u00f3w b\u0119dzie korzysta\u0107 z tej formy zaj\u0119\u0107. W przypadku\nodwo\u0142ania akcji strajkowej szko\u0142a b\u0119dzie pracowa\u0107 zgodnie z ustalonym\nharmonogramem. O wszelkich zmianach poinformuj\u0119 Pa\u0144stwa na bie\u017c\u0105co. Zdaj\u0119&nbsp; sobie spraw\u0119, \u017ce protest wi\u0105\u017ce si\u0119 z\ntrudno\u015bciami dla Was i Waszych dzieci. Prosimy jednak o wyrozumia\u0142o\u015b\u0107 i\nzrozumienie. Do\u0142o\u017c\u0119 wszelkich stara\u0144, aby zminimalizowa\u0107 negatywne skutki akcji\nprotestacyjnej.<\/p>\n\n\n\n<p>Piotr Dusza<\/p>\n\n\n\n<p>Dyrektor szko\u0142y <\/p>\n\n\n\n<p>Tarn\u00f3w dn. 05.04.2019 r.<\/p>\n","protected":false},"excerpt":{"rendered":"<p>Na dzie\u0144 dzisiejszy&nbsp; trwaj\u0105 rozmowy mi\u0119dzy stron\u0105 rz\u0105dow\u0105, a przedstawicielami zwi\u0105zk\u00f3w zawodowych. Wszyscy tkwimy w [&#8230;]<\/p>\n","protected":false},"author":1,"featured_media":0,"comment_status":"closed","ping_status":"closed","sticky":false,"template":"","format":"standard","meta":{"ngg_post_thumbnail":0},"categories":[7,342],"tags":[],"_links":{"self":[{"href":"https:\/\/16lo.tarman.pl\/index.php?rest_route=\/wp\/v2\/posts\/59221"}],"collection":[{"href":"https:\/\/16lo.tarman.pl\/index.php?rest_route=\/wp\/v2\/posts"}],"about":[{"href":"https:\/\/16lo.tarman.pl\/index.php?rest_route=\/wp\/v2\/types\/post"}],"author":[{"embeddable":true,"href":"https:\/\/16lo.tarman.pl\/index.php?rest_route=\/wp\/v2\/users\/1"}],"replies":[{"embeddable":true,"href":"https:\/\/16lo.tarman.pl\/index.php?rest_route=%2Fwp%2Fv2%2Fcomments&post=59221"}],"version-history":[{"count":1,"href":"https:\/\/16lo.tarman.pl\/index.php?rest_route=\/wp\/v2\/posts\/59221\/revisions"}],"predecessor-version":[{"id":59222,"href":"https:\/\/16lo.tarman.pl\/index.php?rest_route=\/wp\/v2\/posts\/59221\/revisions\/59222"}],"wp:attachment":[{"href":"https:\/\/16lo.tarman.pl\/index.php?rest_route=%2Fwp%2Fv2%2Fmedia&parent=59221"}],"wp:term":[{"taxonomy":"category","embeddable":true,"href":"https:\/\/16lo.tarman.pl\/index.php?rest_route=%2Fwp%2Fv2%2Fcategories&post=59221"},{"taxonomy":"post_tag","embeddable":true,"href":"https:\/\/16lo.tarman.pl\/index.php?rest_route=%2Fwp%2Fv2%2Ftags&post=59221"}],"curies":[{"name":"wp","href":"https:\/\/api.w.org\/{rel}","templated":true}]}}