{"id":58921,"date":"2019-03-29T09:16:40","date_gmt":"2019-03-29T09:16:40","guid":{"rendered":"http:\/\/16lo.tarman.pl\/?p=58921"},"modified":"2019-03-29T09:16:45","modified_gmt":"2019-03-29T09:16:45","slug":"wyniki-szkolnego-etapu-xi-edycji-fit-in-deutsch","status":"publish","type":"post","link":"https:\/\/16lo.tarman.pl\/?p=58921","title":{"rendered":"WYNIKI SZKOLNEGO ETAPU XI EDYCJI  \u201eFIT IN DEUTSCH\u201d"},"content":{"rendered":"\n<p><strong><em>Honorowy\nPatronat Ma\u0142opolskiego Kuratora O\u015bwiaty, <\/em><\/strong><\/p>\n\n\n\n<p><strong><em>Prezydenta\nMiasta Tarnowa, Starosty Tarnowskiego <\/em><\/strong><\/p>\n\n\n\n<p><strong><em>oraz\nRektora PWSZ w Tarnowie<\/em><\/strong><\/p>\n\n\n\n<p><strong>Polskie Stowarzyszenie\nNauczycieli J\u0119zyka Niemieckiego- Oddzia\u0142 Tarn\u00f3w, Ma\u0142e Centrum Biblioteczne\nInstytutu Goethego w Tarnowie przy XVI LO im. Armii Krajowej, III LO im. Adama\nMickiewicza oraz PWSZ w Tarnowie, <\/strong>zapraszaj\u0105 do udzia\u0142u w <strong>XI Edycji<\/strong> <strong>Konkursu J\u0119zyka Niemieckiego\n&#8222;Fit in Deutsch&#8221;,<\/strong> kt\u00f3ry odb\u0119dzie si\u0119&nbsp; <strong>29 marca <\/strong>o godz. 10.00 w auli PWSZ w\nTarnowie.<\/p>\n\n\n\n<p>Nasz\u0105 szko\u0142\u0119 reprezentowa\u0107 b\u0119d\u0105 nast\u0119puj\u0105cy uczniowie:<\/p>\n\n\n\n<p>Poziom B1:<\/p>\n\n\n\n<p>Jaros\u0142aw \u0141\u0105tka<\/p>\n\n\n\n<p>Poziom A2:<\/p>\n\n\n\n<p>Nicola Grabka<\/p>\n\n\n\n<p>Daria Czupryna<\/p>\n\n\n\n<p>Joanna Wojnicka<\/p>\n\n\n\n<p><strong><em>GRATULUJEMY!<\/em><\/strong><\/p>\n\n\n\n<p><em>Wa\u017cne! Prosimy\nr\u00f3wnie\u017c o zgody rodzic\u00f3w na samodzielny powr\u00f3t po konkursie do domu (dotyczy\nos\u00f3b niepe\u0142noletnich). Zbi\u00f3rka w pi\u0105tek w PWSZ, budynek C, aula na parterze\ngodz. 9.00. &nbsp;Opieka: p. Agnieszka Ju\u015bko <\/em><\/p>\n\n\n\n<p>Nagrody- stypendia egzaminacyjne Instytutu\nGoethego oraz nagrody rzeczowe. <\/p>\n\n\n\n<p><strong>Instytut Goethego w Krakowie<\/strong>, jak co roku, ufundowa\u0142 stypendia egzaminacyjnych dla laureat\u00f3w konkursu, dzi\u0119ki kt\u00f3rym uczniowie b\u0119d\u0105 mogli podej\u015b\u0107 bezp\u0142atnie do egzamin\u00f3w Instytutu Goethego w maju i czerwcu 2019 r. w Centrum Egzaminacyjnym przy PWSZ w Tarnowie.<\/p>\n\n\n\n<div class=\"wp-block-image\"><figure class=\"aligncenter\"><img decoding=\"async\" loading=\"lazy\" width=\"650\" height=\"205\" src=\"http:\/\/16lo.tarman.pl\/wp-content\/uploads\/2019\/03\/patronat.jpg\" alt=\"\" class=\"wp-image-58922\" srcset=\"https:\/\/16lo.tarman.pl\/wp-content\/uploads\/2019\/03\/patronat.jpg 650w, https:\/\/16lo.tarman.pl\/wp-content\/uploads\/2019\/03\/patronat-300x95.jpg 300w\" sizes=\"(max-width: 650px) 100vw, 650px\" \/><\/figure><\/div>\n","protected":false},"excerpt":{"rendered":"<p>Honorowy Patronat Ma\u0142opolskiego Kuratora O\u015bwiaty, Prezydenta Miasta Tarnowa, Starosty Tarnowskiego oraz Rektora PWSZ w Tarnowie [&#8230;]<\/p>\n","protected":false},"author":1,"featured_media":0,"comment_status":"closed","ping_status":"closed","sticky":false,"template":"","format":"standard","meta":{"ngg_post_thumbnail":0},"categories":[146,342],"tags":[],"_links":{"self":[{"href":"https:\/\/16lo.tarman.pl\/index.php?rest_route=\/wp\/v2\/posts\/58921"}],"collection":[{"href":"https:\/\/16lo.tarman.pl\/index.php?rest_route=\/wp\/v2\/posts"}],"about":[{"href":"https:\/\/16lo.tarman.pl\/index.php?rest_route=\/wp\/v2\/types\/post"}],"author":[{"embeddable":true,"href":"https:\/\/16lo.tarman.pl\/index.php?rest_route=\/wp\/v2\/users\/1"}],"replies":[{"embeddable":true,"href":"https:\/\/16lo.tarman.pl\/index.php?rest_route=%2Fwp%2Fv2%2Fcomments&post=58921"}],"version-history":[{"count":1,"href":"https:\/\/16lo.tarman.pl\/index.php?rest_route=\/wp\/v2\/posts\/58921\/revisions"}],"predecessor-version":[{"id":58923,"href":"https:\/\/16lo.tarman.pl\/index.php?rest_route=\/wp\/v2\/posts\/58921\/revisions\/58923"}],"wp:attachment":[{"href":"https:\/\/16lo.tarman.pl\/index.php?rest_route=%2Fwp%2Fv2%2Fmedia&parent=58921"}],"wp:term":[{"taxonomy":"category","embeddable":true,"href":"https:\/\/16lo.tarman.pl\/index.php?rest_route=%2Fwp%2Fv2%2Fcategories&post=58921"},{"taxonomy":"post_tag","embeddable":true,"href":"https:\/\/16lo.tarman.pl\/index.php?rest_route=%2Fwp%2Fv2%2Ftags&post=58921"}],"curies":[{"name":"wp","href":"https:\/\/api.w.org\/{rel}","templated":true}]}}