{"id":52527,"date":"2018-04-04T06:03:17","date_gmt":"2018-04-04T06:03:17","guid":{"rendered":"http:\/\/16lo.tarman.pl\/?p=52527"},"modified":"2018-04-04T12:11:23","modified_gmt":"2018-04-04T12:11:23","slug":"x-edycja-konkursu-jezyka-niemieckiego-fit-in-deutsch-wyniki","status":"publish","type":"post","link":"https:\/\/16lo.tarman.pl\/?p=52527","title":{"rendered":"X Edycja Konkursu J\u0119zyka Niemieckiego \u201eFit in Deutsch\u201d &#8211; wyniki"},"content":{"rendered":"<p style=\"text-align: justify;\"><em><strong>X- Jubileuszowa Edycja Konkursu J\u0119zyka Niemieckiego dla szk\u00f3\u0142 podstawowych, gimnazjalnych i \u015brednich!&nbsp;<\/strong><\/em><\/p>\n<p style=\"text-align: justify;\">W dniu 9 marca 2018 r. w budynku Pa\u0144stwowej Wy\u017cszej Szko\u0142y Zawodowej odby\u0142a si\u0119 X Edycja Konkursu J\u0119zyka Niemieckiego \u201eFit in Deutsch\u201d organizowanego przez Tarnowski Oddzia\u0142 Polskiego Stowarzyszenia Nauczycieli J\u0119zyka Niemieckiego, Ma\u0142e Centrum Biblioteczne Instytutu Goethego przy XVI Liceum Og\u00f3lnokszta\u0142c\u0105cym im. Armii Krajowej, PWSZ oraz III LO w Tarnowie. A specyfik\u0105 konkursu jest fakt, i\u017c uczniowie rywalizuj\u0105 w nim na 3 poziomach j\u0119zykowych.&nbsp;<\/p>\n<p style=\"text-align: justify;\">W tym roku konkurs&nbsp; obj\u0119ty zosta\u0142 honorowym patronatem Ma\u0142opolskiego Kuratora O\u015bwiaty, Prezydenta Miasta Tarnowa, Starosty Tarnowskiego oraz Rektora Pa\u0144stwowej Wy\u017cszej Szko\u0142y Zawodowej w Tarnowie.<\/p>\n<p style=\"text-align: justify;\">W inauguracji konkursu wzi\u0105\u0142 udzia\u0142 Pan Artur Puci\u0142owski- Dyrektor Tarnowskiej Delegatury Ma\u0142opolskiego Kuratorium O\u015bwiaty oraz Pan Wojciech Dzido- Referent ds. wsp\u00f3\u0142pracy pedagogicznej Instytutu Goethego w Krakowie, za\u015b PWSZ reprezentowa\u0142a Pani dr Joanna Graca, Dyrektor Instytutu Humanistycznego.<\/p>\n<p style=\"text-align: justify;\">Konkurs nadzorowa\u0142a komisja w sk\u0142adzie:<\/p>\n<ul style=\"text-align: justify;\">\n<li>przewodnicz\u0105ca- Pani Aneta Styrkowiec, prezes Oddzia\u0142u Tarn\u00f3w PSNJN,<\/li>\n<li>Pani Agnieszka Ju\u015bko- koordynator Konkursu, wiceprezes PSNJN- Oddzia\u0142 Tarn\u00f3w,<\/li>\n<li>Pani Agata B\u0105k- nauczyciel Sp nr 18 im. J. Kochanowskiego w Tarnowie oraz Gimnazjum z Zespole Szk\u00f3\u0142 im. J. P II w Olszynach,<\/li>\n<li>Pani Beata Wide\u0142, nauczyciel Sp nr 9 im. Orl\u0105t Lwowskich w Tarnowie,<\/li>\n<li>dr Rados\u0142aw Pytlik- Zast\u0119pca Kierownika Zak\u0142adu Filologii Pa\u0144stwowej Wy\u017cszej Szko\u0142y Zawodowej.<\/li>\n<\/ul>\n<p style=\"text-align: justify;\">Celem konkursu jest promowanie nauki j\u0119zyka niemieckiego w kontek\u015bcie wieloj\u0119zyczno\u015bci i zach\u0119canie uczni\u00f3w do uzyskiwania mi\u0119dzynarodowych certyfikat\u00f3w Instytutu Goethego. G\u0142\u00f3wnymi fundatorami nagr\u00f3d s\u0105 rokrocznie: <strong>Instytut Goethego w Krakowie, Polskie Stowarzyszenia Nauczycieli J\u0119zyka Niemieckiego- Oddzia\u0142 Tarn\u00f3w, Starosta Tarnowski, Roman \u0141ucarz, oraz Urz\u0105d Miasta Tarnowa.<\/strong> Laureaci pierwszych miejsc otrzymuj\u0105 opr\u00f3cz nagr\u00f3d rzeczowych stypendia egzaminacyjne Instytutu Goethego tz. mo\u017cliwo\u015b\u0107 bezp\u0142atnego uzyskania certyfikat\u00f3w j\u0119zykowych Instytutu Goethego w <strong>sesji egzaminacyjnej 12 maja 2018 r. <\/strong>Egzaminy te organizowane b\u0119d\u0105 w Centrum Egzaminacyjnym Instytutu Goethego mieszcz\u0105cym si\u0119 przy PWSZ w Tarnowie. Dzi\u0119kujemy wszystkim fundatorom nagr\u00f3d oraz PWSZ za udost\u0119pnienie auli na przeprowadzenie konkursu.<\/p>\n<p style=\"text-align: justify;\">Szczeg\u00f3lne podzi\u0119kowania kierujemy r\u00f3wnie\u017c za wsparcie medialne do P. Lidii Ja\u017awi\u0144skiej- reprezentuj\u0105cej niezale\u017cny serwis informacyjny KADR oraz P. Paw\u0142owi Topolskiemu.<\/p>\n<p style=\"text-align: justify;\">Galeria na stronie miasta:&nbsp;<\/p>\n<p style=\"text-align: left;\">&nbsp;<a href=\"http:\/\/www.tarnow.pl\/Galeria\/Galeria-Edukacja-i-Nauka\/Galeria-Edukacja-i-Nauka-2018\/Inauguracja-X-edycji-konkursu-jezyka-niemieckiego\">http:\/\/www.tarnow.pl\/Galeria\/Galeria-Edukacja-i-Nauka\/Galeria-Edukacja-i-Nauka-2018\/Inauguracja-X-edycji-konkursu-jezyka-niemieckiego<\/a><\/p>\n<p style=\"text-align: left;\">Facebook Kadr&nbsp;<a href=\"https:\/\/web.facebook.com\/pg\/NSerwisKADR\/photos\/?tab=album&amp;album_id=2056001618009263\">https:\/\/web.facebook.com\/pg\/NSerwisKADR\/photos\/?tab=album&amp;album_id=2056001618009263<\/a><\/p>\n<p style=\"text-align: left;\">oraz&nbsp;<a href=\"https:\/\/web.facebook.com\/NSerwisKADR\/videos\/2055945151348243\/?q=kadr%209%20marca\">https:\/\/web.facebook.com\/NSerwisKADR\/videos\/2055945151348243\/?q=kadr%209%20marca<\/a><\/p>\n<p style=\"text-align: justify;\">W&nbsp; tegorocznej jubileuszowej Edycji Konkursu J\u0119zyka Niemieckiego uczestniczy\u0142o ponad 100 uczni\u00f3w z 37 szk\u00f3\u0142 podstawowych, gimnazjalnych oraz ponadpodstawowych z ca\u0142ego regionu.&nbsp;Nale\u017c\u0105 do nich:<\/p>\n<ol style=\"text-align: justify;\">\n<li>Zesp\u00f3\u0142 Szk\u00f3\u0142 Spo\u0142ecznych im. Ks. Prof. J. Tischnera w Tarnowie<\/li>\n<li>SP nr 2 im. S. Konarskiego w Tarnowie<\/li>\n<li>Niepubliczne Niep\u0142atne Gimnazjum \u201eU Konarskiego\u201d w Tarnowie<\/li>\n<li>SP nr 10 im. Romana \u201eSybiraka\u201d Sanguszki w Tarnowie<\/li>\n<li>SP nr 14 im. Stefana Jaracza w Tarnowie<\/li>\n<li>SP nr 18 im. Jana Kochanowskiego w Tarnowie<\/li>\n<li>SP nr 1 im. Klementyny Hoffmanowej w Tarnowie<\/li>\n<li>XXI LO Sportowe z Oddzia\u0142ami Gimnazjalnymi w Tarnowie<\/li>\n<li>Pa\u0142ac M\u0142odzie\u017cy w Tarnowie<\/li>\n<li>ZSO nr 1 w Tarnowie<\/li>\n<li>SP nr 8 im. Krzysztofa Kamila Baczy\u0144skiego w Tarnowie<\/li>\n<li>SP nr 24 z Oddzia\u0142ami Dwuj\u0119zycznymi w Tarnowie<\/li>\n<li>Zesp\u00f3\u0142 Szk\u00f3\u0142 Technicznych im. Ignacego Mo\u015bcickiego w Tarnowie<\/li>\n<li>III LO im A. Mickiewicza w Tarnowie<\/li>\n<li>XVI LO im. Armii Krajowej w Tarnowie<\/li>\n<li>V LO im. Janusza Korczaka w Tarnowie<\/li>\n<li>Zesp\u00f3\u0142 Szk\u00f3\u0142 Niepublicznych Stowarzyszenia \u201eSi\u00f3demka\u201d w Tarnowie<\/li>\n<li>Zesp\u00f3\u0142 Szk\u00f3\u0142 Ponadgimnazjalnych nr 1 w Brzesku<\/li>\n<li>SP nr 3 w D\u0119bicy<\/li>\n<li>SP im. Elizy Orzeszkowej w Radgoszczy<\/li>\n<li>SP im. Marii Konopnickiej w Luszowicach<\/li>\n<li>Zesp\u00f3\u0142 Szk\u00f3\u0142 nr 1 im. Stanis\u0142awa Staszica w Bochni<\/li>\n<li>SP im Hetmana Jana Tarnowskiego w Tarnowcu<\/li>\n<li>SP im. Kardyna\u0142a Stefana Wyszy\u0144skiego w Ryglicach<\/li>\n<li>SP im J. P II w Olszynach<\/li>\n<li>SP im. Stanis\u0142awa Lubomirskiego w Nowym Wi\u015bniczu<\/li>\n<li>I LO im. B. Nowodworskiego w Krakowie<\/li>\n<li>SP nr 1 im. A. Krajowej w Szynwa\u0142dzie<\/li>\n<li>SP im. A. Mickiewicza w Szczucinie<\/li>\n<li>SP im. Ks. Jana Twardowskiego w K\u0142aju<\/li>\n<li>SP im. S. Staszica w Tuchowie<\/li>\n<li>SP im. Majora Henryka Sucharskiego w Koszycach Wielkich<\/li>\n<li>SP im. Bronis\u0142awa Czecha w Ple\u015bnej<\/li>\n<li>ZSP im. W\u0142adys\u0142awa Stanis\u0142awa Reymonta w Brniu<\/li>\n<li>SP im. Batalionu \u201eBarbara\u201d AK w Paw\u0119zowie<\/li>\n<li>SP im. Janusza Korczaka w W\u0119grzcach Wielkich<\/li>\n<li>SP w Gromniku<\/li>\n<\/ol>\n<p style=\"text-align: justify;\">Gratulujemy wszystkim uczestnikom wysokiego poziomu j\u0119zykowego!<\/p>\n<p style=\"text-align: justify;\">Najlepszymi okazali si\u0119:&nbsp;<\/p>\n<p style=\"text-align: justify;\"><em><strong>Poziom A1:<\/strong><\/em><\/p>\n<ul style=\"text-align: justify;\">\n<li>1 miejsce: Patrycja Korniat- Szko\u0142a Podstawowa nr 8 w Tarnowie (opiekun p. Alicja Starzec)<\/li>\n<li>2 miejsce: Weronika S\u00f3wka- Zesp\u00f3\u0142 Szk\u00f3\u0142 w Gromniku (opiekun p. Aneta Styrkowiec)<\/li>\n<li>3 miejsce: Zofia \u017bak- Pa\u0142ac M\u0142odzie\u017cy w Tarnowie (opiekun p. Jolanta Pot\u0119pa)<\/li>\n<li>Wyr\u00f3\u017cnienie: Wiktoria Ferenc- Szko\u0142a Podstawowa nr 3 w D\u0119bicy (opiekun p. Anna Krzy\u017cak)<\/li>\n<\/ul>\n<p style=\"text-align: justify;\"><em><strong>Poziom A2:<\/strong><\/em><\/p>\n<ul style=\"text-align: justify;\">\n<li>1 miejsce: Aleksandra Szczebak- Sp nr 24 z Oddzia\u0142ami Dwuj\u0119zycznymi w Tarnowie (opiekun p. Dominika Woskowicz)<\/li>\n<li>2 miejsce: Julia Sus- Pa\u0142ac M\u0142odzie\u017cy w Tarnowie (opiekun p. Jolanta Pot\u0119pa)<\/li>\n<li>3 miejsce: Sylwia Barn\u00f3g- Gimnazjum nr 10 w Tarnowie (opiekun p. Magdalena Kr\u00f3l)<\/li>\n<li>Wyr\u00f3\u017cnienie: Katarzyna Dul\u0119ba- Zesp\u00f3\u0142 Szk\u00f3\u0142 Technicznych nr 1 w Tarnowie (opiekun. p. Anna Misiaszek)<\/li>\n<\/ul>\n<p style=\"text-align: justify;\"><em><strong>Poziom B1:<\/strong><\/em><\/p>\n<ul style=\"text-align: justify;\">\n<li>1 miejsce: &nbsp;Patrycja Bielat- V LO w Tarnowie (opiekun p. Ma\u0142gorzata Ziobro)<\/li>\n<li>2 miejsce: Dominik Krok- SP w W\u0119grzcach Wielkich (opiekun p. Joanna Rokosz- Lechwar)<\/li>\n<li>3 miejsce: Zuzanna Marszalik- III LO w Tarnowie (opiekun p. Agnieszka Ju\u015bko)<\/li>\n<li>Wyr\u00f3\u017cnienie: Adrian Onik- III LO w Tarnowie (opiekun p. Jacek Kobielski)<\/li>\n<\/ul>\n<p style=\"text-align: justify;\">Uroczyste rozdanie nagr\u00f3d odb\u0119dzie si\u0119 w PWSZ (budynek C) w dniu 13 kwietnia 2018 r. w go. Dok\u0142adna godzina i numer sali zostan\u0105 podane mailowo opiekunom uczni\u00f3w.&nbsp;<\/p>\n<p style=\"text-align: justify;\">Dzi\u0119kujemy nauczycielom za przygotowanie do&nbsp; konkursu i zapraszamy na nast\u0119pne edycje!&nbsp;<\/p>\n<p style=\"text-align: justify;\">Opracowa\u0142a: Agnieszka Ju\u015bko<\/p>\n","protected":false},"excerpt":{"rendered":"<p>X- Jubileuszowa Edycja Konkursu J\u0119zyka Niemieckiego dla szk\u00f3\u0142 podstawowych, gimnazjalnych i \u015brednich!&nbsp; W dniu 9 [&#8230;]<\/p>\n","protected":false},"author":1,"featured_media":0,"comment_status":"closed","ping_status":"closed","sticky":false,"template":"","format":"standard","meta":{"ngg_post_thumbnail":0},"categories":[146,114,322],"tags":[],"_links":{"self":[{"href":"https:\/\/16lo.tarman.pl\/index.php?rest_route=\/wp\/v2\/posts\/52527"}],"collection":[{"href":"https:\/\/16lo.tarman.pl\/index.php?rest_route=\/wp\/v2\/posts"}],"about":[{"href":"https:\/\/16lo.tarman.pl\/index.php?rest_route=\/wp\/v2\/types\/post"}],"author":[{"embeddable":true,"href":"https:\/\/16lo.tarman.pl\/index.php?rest_route=\/wp\/v2\/users\/1"}],"replies":[{"embeddable":true,"href":"https:\/\/16lo.tarman.pl\/index.php?rest_route=%2Fwp%2Fv2%2Fcomments&post=52527"}],"version-history":[{"count":2,"href":"https:\/\/16lo.tarman.pl\/index.php?rest_route=\/wp\/v2\/posts\/52527\/revisions"}],"predecessor-version":[{"id":52529,"href":"https:\/\/16lo.tarman.pl\/index.php?rest_route=\/wp\/v2\/posts\/52527\/revisions\/52529"}],"wp:attachment":[{"href":"https:\/\/16lo.tarman.pl\/index.php?rest_route=%2Fwp%2Fv2%2Fmedia&parent=52527"}],"wp:term":[{"taxonomy":"category","embeddable":true,"href":"https:\/\/16lo.tarman.pl\/index.php?rest_route=%2Fwp%2Fv2%2Fcategories&post=52527"},{"taxonomy":"post_tag","embeddable":true,"href":"https:\/\/16lo.tarman.pl\/index.php?rest_route=%2Fwp%2Fv2%2Ftags&post=52527"}],"curies":[{"name":"wp","href":"https:\/\/api.w.org\/{rel}","templated":true}]}}