{"id":73098,"date":"2026-04-28T06:21:57","date_gmt":"2026-04-28T06:21:57","guid":{"rendered":"https:\/\/16lo.tarman.pl\/?p=73098"},"modified":"2026-04-28T06:21:57","modified_gmt":"2026-04-28T06:21:57","slug":"wyniki-regionalnego-etapu-konkursu-jezyka-niemieckiego-turbolandeskunde","status":"publish","type":"post","link":"http:\/\/16lo.tarman.pl\/?p=73098","title":{"rendered":"WYNIKI REGIONALNEGO ETAPU KONKURSU J\u0118ZYKA NIEMIECKIEGO \u201eTURBOLANDESKUNDE\u201d"},"content":{"rendered":"\n<p>17 kwietnia 2026 r w murach Akademii Tarnowskiej odby\u0142 si\u0119 etap regionalny XI Edycji<br \/>Konkursu J\u0119zyka Niemieckiego Turbolandeskunde- w\u0119dr\u00f3wka po krajach niemieckiego<br \/>obszaru j\u0119zykowego.<br \/>Temat przewodni tegorocznej edycji to Austria.<br \/>Konkurs obj\u0119ty Honorowym Patronatem Rektora Akademii Tarnowskiej. Organizowany<br \/>przez Polskie Stowarzyszenie Nauczycieli J\u0119zyka Niemieckiego- Oddzia\u0142 Tarn\u00f3w oraz Ma\u0142e<br \/>Centrum Biblioteczne Instytutu Goethego mieszcz\u0105ce si\u0119 przy XVI LO im. Armii Krajowej w<br \/>Tarnowie.<br \/>Fundatorzy nagr\u00f3d to Tarnowski Oddzia\u0142 PSNJN oraz wydawnictwo Cornelsen.<br \/>W konkursie na etapie szkolnym bra\u0142o udzia\u0142 400 uczni\u00f3w z ca\u0142ego regionu.<br \/>Ostatecznie na etapie regionalnym rywalizowa\u0142o ze sob\u0105 15 dru\u017cyn.<br \/>1. I Liceum Og\u00f3lnokszta\u0142c\u0105ce im. Kazimierza Brodzi\u0144skiego w Tarnowie<br \/>2. II Liceum Og\u00f3lnokszta\u0142c\u0105ce im. Hetmana Jana Tarnowskiego w Tarnowie<br \/>3. III Liceum Og\u00f3lnokszta\u0142c\u0105ce im. Adama Mickiewicza w Tarnowie<br \/>4. IV Liceum Og\u00f3lnokszta\u0142c\u0105ce w ZSO nr 1 w Tarnowie<br \/>5. V Liceum Og\u00f3lnokszta\u0142c\u0105ce im. Janusza Korczaka<br \/>6. Zesp\u00f3\u0142 Szk\u00f3\u0142 Mechaniczno- Elektrycznych w Tarnowie<br \/>7. Zesp\u00f3l Szk\u00f3\u0142 Technicznych im. Ignacego Mo\u015bcickiego w Tarnowie<br \/>8. Zesp\u00f3\u0142 Szk\u00f3\u0142 Ekonomiczno- Ogrodniczych w Tarnowie<br \/>9. Zesp\u00f3\u0142 Szk\u00f3\u0142 Ekonomiczno- Gastronomicznych im. J\u00f3zefa Pi\u0142sudskiego w Tarnowie<br \/>10. Zesp\u00f3\u0142 Szk\u00f3\u0142 Elektryczno-Mechanicznych w Nowym S\u0105czu<br \/>11. Liceum Og\u00f3lnokszta\u0142c\u0105ce im. Marii Sk\u0142odowskiej- Curie w Starym S\u0105czu<br \/>12. Liceum Og\u00f3lnokszta\u0142c\u0105ce im. Miko\u0142aja Kopernika w Brzesku<br \/>13. Liceum Og\u00f3lnokszta\u0142c\u0105ce im. Miko\u0142aja Kopernika w Tuchowie<br \/>14. II Liceum Og\u00f3lnokszta\u0142c\u0105ce im. ks. J. Twardowskiego w D\u0119bicy<br \/>15. Zesp\u00f3\u0142 Szk\u00f3\u0142 Zawodowych im. Stanis\u0142awa Wyspia\u0144skiego w Bobowej<\/p>\n<p>Serdeczne gratulacje dla Liceum Og\u00f3lnokszta\u0142c\u0105cego w Tuchowie, kt\u00f3re b\u0119dzie<br \/>reprezentowa\u0107 nasz region na etapie og\u00f3lnopolskim.<br \/>1 miejsce- Liceum Og\u00f3lnokszta\u0142c\u0105ce im. Miko\u0142aja Kopernika w Tuchowie<br \/>Mateusz Adamczyk<br \/>Borys R\u00f3\u017cycki<br \/>Filip \u0141\u0105tka<br \/>Opiekun: p. Beata Niemiec-Ryba<br \/>2 miejsce: II Liceum Og\u00f3lnokszta\u0142c\u0105ce im. Hetmana Jana Tarnowskiego w Tarnowie<br \/>Dru\u017cyna:<br \/>Brajan Drwal<br \/>Kamila Sk\u00f3rka<br \/>Kornelia Matras<br \/>Opiekun: p. Anna Karasi\u0144ska<br \/>3 miejsce: IV Liceum Og\u00f3lnokszta\u0142c\u0105ce w ZSO nr 1 w Tarnowie<br \/>Dru\u017cyna:<\/p>\n<p>Juliana Pytel<br \/>Milena Szczupak<br \/>Aleksander Ty\u0144ski<br \/>Opiekun: p. Teresa \u015awi\u0119tnicka<br \/>4 miejsce- wyr\u00f3\u017cnienie<br \/>Zesp\u00f3\u0142 Szk\u00f3\u0142 Mechaniczno -Elektrycznych w Tarnowie<br \/>Dru\u017cyna:<br \/>Kacper Sadko<br \/>Kamil Kot<br \/>Jakub Fira<br \/>Opiekun: p. Iwona Kordzikowska<br \/>Dyrektor XVI LO, p. Piotra Dusza oraz p. Beata Hadasz dokonali wr\u0119czenia dyplom\u00f3w<br \/>uczestnikom etapu regionalnego. Ponadto p. Beata Hadasz poprowadzi\u0142a warsztaty dla<br \/>m\u0142odzie\u017cy z ramienia Goethe-Institut Krakau.<br \/>Przy konkursie pracowa\u0142a komisja w sk\u0142adzie:<br \/>Przewodnicz\u0105ca p. Aneta Styrkowiec- Zesp\u00f3\u0142 Szk\u00f3\u0142 w Gromniku, wiceprezes PSNJN- Oddzia\u0142<br \/>Tarn\u00f3w,<br \/>Cz\u0142onkowie: p. Anna Kudra\u0144ska- Zesp\u00f3\u0142 Szk\u00f3\u0142 w \u017babnie, cz\u0142onek Zarz\u0105du PSNJN- Oddzia\u0142<br \/>Tarn\u00f3w,<br \/>p. Iwona Kordzikowska- Zesp\u00f3\u0142 Szkol Mechaniczno- Elektrycznych w Tarnowie, cz\u0142onek<br \/>Zarz\u0105du- Oddzia\u0142 Tarn\u00f3w.<br \/>Dzi\u0119kujemy r\u00f3wnie\u017c uczennicom XVI LO im. Armii Krajowej za wsparcie organizacyjne.<br \/>Zdj\u0119cia na stronie fb Oddzia\u0142u:<br \/>https:\/\/www.facebook.com\/permalink.php?story_fbid=pfbid02MmMp7mQXPA4YB2evhpxb<br \/>ob5JAss8d5e3ZyZwe33vv3e5wwNwajSnJCQLgQALXPE9l&amp;amp;id=61580251360755<br \/>Serdecznie gratulujemy i \u017cyczymy powodzenia na dalszym etapie!!!<br \/>Koordynator<br \/>Agnieszka Ju\u015bko- XVI LO im. Armii Krajowej w Tarnowie, prezes PSNJN- Oddzia\u0142 Tarn\u00f3w<\/p>\n\n\n\n\n\n<figure class=\"wp-block-gallery has-nested-images columns-default is-cropped wp-block-gallery-1 is-layout-flex\">\n<figure class=\"wp-block-image size-large\"><img decoding=\"async\" loading=\"lazy\" width=\"1024\" height=\"771\" data-id=\"73100\"  src=\"https:\/\/16lo.tarman.pl\/wp-content\/uploads\/2026\/04\/IMG_20260417_140843-1024x771.jpg\" alt=\"\" class=\"wp-image-73100\" srcset=\"http:\/\/16lo.tarman.pl\/wp-content\/uploads\/2026\/04\/IMG_20260417_140843-1024x771.jpg 1024w, http:\/\/16lo.tarman.pl\/wp-content\/uploads\/2026\/04\/IMG_20260417_140843-300x226.jpg 300w, http:\/\/16lo.tarman.pl\/wp-content\/uploads\/2026\/04\/IMG_20260417_140843-768x578.jpg 768w, http:\/\/16lo.tarman.pl\/wp-content\/uploads\/2026\/04\/IMG_20260417_140843-1536x1156.jpg 1536w, http:\/\/16lo.tarman.pl\/wp-content\/uploads\/2026\/04\/IMG_20260417_140843.jpg 1711w\" sizes=\"(max-width: 1024px) 100vw, 1024px\" \/><\/figure>\n\n\n\n<figure class=\"wp-block-image size-large\"><img decoding=\"async\" loading=\"lazy\" width=\"1024\" height=\"981\" data-id=\"73102\"  src=\"https:\/\/16lo.tarman.pl\/wp-content\/uploads\/2026\/04\/godlo_AT-1024x981.jpg\" alt=\"\" class=\"wp-image-73102\" srcset=\"http:\/\/16lo.tarman.pl\/wp-content\/uploads\/2026\/04\/godlo_AT-1024x981.jpg 1024w, http:\/\/16lo.tarman.pl\/wp-content\/uploads\/2026\/04\/godlo_AT-300x287.jpg 300w, http:\/\/16lo.tarman.pl\/wp-content\/uploads\/2026\/04\/godlo_AT-768x736.jpg 768w, http:\/\/16lo.tarman.pl\/wp-content\/uploads\/2026\/04\/godlo_AT-1536x1472.jpg 1536w, http:\/\/16lo.tarman.pl\/wp-content\/uploads\/2026\/04\/godlo_AT-2048x1962.jpg 2048w\" sizes=\"(max-width: 1024px) 100vw, 1024px\" \/><\/figure>\n\n\n\n<figure class=\"wp-block-image size-large\"><img decoding=\"async\" loading=\"lazy\" width=\"1024\" height=\"771\" data-id=\"73099\"  src=\"https:\/\/16lo.tarman.pl\/wp-content\/uploads\/2026\/04\/IMG_20260417_141429-1024x771.jpg\" alt=\"\" class=\"wp-image-73099\" srcset=\"http:\/\/16lo.tarman.pl\/wp-content\/uploads\/2026\/04\/IMG_20260417_141429-1024x771.jpg 1024w, http:\/\/16lo.tarman.pl\/wp-content\/uploads\/2026\/04\/IMG_20260417_141429-300x226.jpg 300w, http:\/\/16lo.tarman.pl\/wp-content\/uploads\/2026\/04\/IMG_20260417_141429-768x578.jpg 768w, http:\/\/16lo.tarman.pl\/wp-content\/uploads\/2026\/04\/IMG_20260417_141429-1536x1156.jpg 1536w, http:\/\/16lo.tarman.pl\/wp-content\/uploads\/2026\/04\/IMG_20260417_141429.jpg 1715w\" sizes=\"(max-width: 1024px) 100vw, 1024px\" \/><\/figure>\n\n\n\n<figure class=\"wp-block-image size-large\"><img decoding=\"async\" loading=\"lazy\" width=\"1024\" height=\"549\" data-id=\"73101\"  src=\"https:\/\/16lo.tarman.pl\/wp-content\/uploads\/2026\/04\/Turbolandeskunde-2026-wszytskie-druzyny-1024x549.jpg\" alt=\"\" class=\"wp-image-73101\" srcset=\"http:\/\/16lo.tarman.pl\/wp-content\/uploads\/2026\/04\/Turbolandeskunde-2026-wszytskie-druzyny-1024x549.jpg 1024w, http:\/\/16lo.tarman.pl\/wp-content\/uploads\/2026\/04\/Turbolandeskunde-2026-wszytskie-druzyny-300x161.jpg 300w, http:\/\/16lo.tarman.pl\/wp-content\/uploads\/2026\/04\/Turbolandeskunde-2026-wszytskie-druzyny-768x412.jpg 768w, http:\/\/16lo.tarman.pl\/wp-content\/uploads\/2026\/04\/Turbolandeskunde-2026-wszytskie-druzyny-1536x824.jpg 1536w, http:\/\/16lo.tarman.pl\/wp-content\/uploads\/2026\/04\/Turbolandeskunde-2026-wszytskie-druzyny.jpg 1956w\" sizes=\"(max-width: 1024px) 100vw, 1024px\" \/><\/figure>\n\n\n\n<figure class=\"wp-block-image size-large\"><img decoding=\"async\" loading=\"lazy\" width=\"1024\" height=\"771\" data-id=\"73103\"  src=\"https:\/\/16lo.tarman.pl\/wp-content\/uploads\/2026\/04\/zwycieska-druzyna-Turbolandeskunde-2026-1024x771.jpg\" alt=\"\" class=\"wp-image-73103\" srcset=\"http:\/\/16lo.tarman.pl\/wp-content\/uploads\/2026\/04\/zwycieska-druzyna-Turbolandeskunde-2026-1024x771.jpg 1024w, http:\/\/16lo.tarman.pl\/wp-content\/uploads\/2026\/04\/zwycieska-druzyna-Turbolandeskunde-2026-300x226.jpg 300w, http:\/\/16lo.tarman.pl\/wp-content\/uploads\/2026\/04\/zwycieska-druzyna-Turbolandeskunde-2026-768x579.jpg 768w, http:\/\/16lo.tarman.pl\/wp-content\/uploads\/2026\/04\/zwycieska-druzyna-Turbolandeskunde-2026-1536x1157.jpg 1536w, http:\/\/16lo.tarman.pl\/wp-content\/uploads\/2026\/04\/zwycieska-druzyna-Turbolandeskunde-2026.jpg 1601w\" sizes=\"(max-width: 1024px) 100vw, 1024px\" \/><\/figure>\n<\/figure>\n","protected":false},"excerpt":{"rendered":"<p>17 kwietnia 2026 r w murach Akademii Tarnowskiej odby\u0142 si\u0119 etap regionalny XI EdycjiKonkursu J\u0119zyka [&#8230;]<\/p>\n","protected":false},"author":1,"featured_media":73101,"comment_status":"closed","ping_status":"closed","sticky":false,"template":"","format":"standard","meta":{"ngg_post_thumbnail":0},"categories":[85],"tags":[],"_links":{"self":[{"href":"http:\/\/16lo.tarman.pl\/index.php?rest_route=\/wp\/v2\/posts\/73098"}],"collection":[{"href":"http:\/\/16lo.tarman.pl\/index.php?rest_route=\/wp\/v2\/posts"}],"about":[{"href":"http:\/\/16lo.tarman.pl\/index.php?rest_route=\/wp\/v2\/types\/post"}],"author":[{"embeddable":true,"href":"http:\/\/16lo.tarman.pl\/index.php?rest_route=\/wp\/v2\/users\/1"}],"replies":[{"embeddable":true,"href":"http:\/\/16lo.tarman.pl\/index.php?rest_route=%2Fwp%2Fv2%2Fcomments&post=73098"}],"version-history":[{"count":1,"href":"http:\/\/16lo.tarman.pl\/index.php?rest_route=\/wp\/v2\/posts\/73098\/revisions"}],"predecessor-version":[{"id":73104,"href":"http:\/\/16lo.tarman.pl\/index.php?rest_route=\/wp\/v2\/posts\/73098\/revisions\/73104"}],"wp:featuredmedia":[{"embeddable":true,"href":"http:\/\/16lo.tarman.pl\/index.php?rest_route=\/wp\/v2\/media\/73101"}],"wp:attachment":[{"href":"http:\/\/16lo.tarman.pl\/index.php?rest_route=%2Fwp%2Fv2%2Fmedia&parent=73098"}],"wp:term":[{"taxonomy":"category","embeddable":true,"href":"http:\/\/16lo.tarman.pl\/index.php?rest_route=%2Fwp%2Fv2%2Fcategories&post=73098"},{"taxonomy":"post_tag","embeddable":true,"href":"http:\/\/16lo.tarman.pl\/index.php?rest_route=%2Fwp%2Fv2%2Ftags&post=73098"}],"curies":[{"name":"wp","href":"https:\/\/api.w.org\/{rel}","templated":true}]}}