{"id":73017,"date":"2026-04-22T02:55:06","date_gmt":"2026-04-22T02:55:06","guid":{"rendered":"https:\/\/16lo.tarman.pl\/?p=73017"},"modified":"2026-04-22T02:55:06","modified_gmt":"2026-04-22T02:55:06","slug":"zakonczenie-roku-szkolnego-klas-czwartych-2","status":"publish","type":"post","link":"http:\/\/16lo.tarman.pl\/?p=73017","title":{"rendered":"Zako\u0144czenie roku szkolnego klas czwartych"},"content":{"rendered":"\n<p>W pi\u0105tek dnia 24 kwietnia 2026r. o godz. 9.40 odb\u0119dzie si\u0119 uroczyste zako\u0144czenie roku szkolnego klas IV.<\/p>\n<p>Msza \u015aw. w ko\u015bciele \u015bw. Krzy\u017ca i \u015bw. Filipa Neri w Tarnowie odb\u0119dzie si\u0119 o godzinie 8.30.<\/p>\n","protected":false},"excerpt":{"rendered":"<p>W pi\u0105tek dnia 24 kwietnia 2026r. o godz. 9.40 odb\u0119dzie si\u0119 uroczyste zako\u0144czenie roku szkolnego [&#8230;]<\/p>\n","protected":false},"author":1,"featured_media":70152,"comment_status":"closed","ping_status":"closed","sticky":false,"template":"","format":"standard","meta":{"ngg_post_thumbnail":0},"categories":[1],"tags":[],"_links":{"self":[{"href":"http:\/\/16lo.tarman.pl\/index.php?rest_route=\/wp\/v2\/posts\/73017"}],"collection":[{"href":"http:\/\/16lo.tarman.pl\/index.php?rest_route=\/wp\/v2\/posts"}],"about":[{"href":"http:\/\/16lo.tarman.pl\/index.php?rest_route=\/wp\/v2\/types\/post"}],"author":[{"embeddable":true,"href":"http:\/\/16lo.tarman.pl\/index.php?rest_route=\/wp\/v2\/users\/1"}],"replies":[{"embeddable":true,"href":"http:\/\/16lo.tarman.pl\/index.php?rest_route=%2Fwp%2Fv2%2Fcomments&post=73017"}],"version-history":[{"count":1,"href":"http:\/\/16lo.tarman.pl\/index.php?rest_route=\/wp\/v2\/posts\/73017\/revisions"}],"predecessor-version":[{"id":73018,"href":"http:\/\/16lo.tarman.pl\/index.php?rest_route=\/wp\/v2\/posts\/73017\/revisions\/73018"}],"wp:featuredmedia":[{"embeddable":true,"href":"http:\/\/16lo.tarman.pl\/index.php?rest_route=\/wp\/v2\/media\/70152"}],"wp:attachment":[{"href":"http:\/\/16lo.tarman.pl\/index.php?rest_route=%2Fwp%2Fv2%2Fmedia&parent=73017"}],"wp:term":[{"taxonomy":"category","embeddable":true,"href":"http:\/\/16lo.tarman.pl\/index.php?rest_route=%2Fwp%2Fv2%2Fcategories&post=73017"},{"taxonomy":"post_tag","embeddable":true,"href":"http:\/\/16lo.tarman.pl\/index.php?rest_route=%2Fwp%2Fv2%2Ftags&post=73017"}],"curies":[{"name":"wp","href":"https:\/\/api.w.org\/{rel}","templated":true}]}}