{"id":70603,"date":"2024-10-16T06:41:53","date_gmt":"2024-10-16T06:41:53","guid":{"rendered":"http:\/\/16lo.tarman.pl\/?p=70603"},"modified":"2024-10-17T03:32:17","modified_gmt":"2024-10-17T03:32:17","slug":"wycieczka-do-drezna-i-berlina","status":"publish","type":"post","link":"http:\/\/16lo.tarman.pl\/?p=70603","title":{"rendered":"Wycieczka do Drezna i Berlina"},"content":{"rendered":"\n<p>Zapraszamy na wycieczk\u0119 do Berlina i Drezna w dniach 4-6 grudnia 2024 r.<\/p>\n<p>Termin zg\u0142osze\u0144 przed\u0142u\u017camy do dnia 23.10.2024.<\/p>\n<p>Zg\u0142oszenie do p. Agnieszki Ju\u015bko. Wymagana zgoda rodzica\/opiekuna oraz zaliczka w kwocie 400 z\u0142.<\/p>\n<p>Zapraszamy wszystkie klasy niezale\u017cnie od j\u0119zyka, kt\u00f3rego si\u0119 ucz\u0105!<\/p>\n\n\n\n\n\n<figure class=\"wp-block-image size-large\"><a href=\"http:\/\/16lo.tarman.pl\/wp-content\/uploads\/2024\/10\/Berlin-Drezno-scaled.jpg\"><img decoding=\"async\" loading=\"lazy\" width=\"724\" height=\"1024\" src=\"http:\/\/16lo.tarman.pl\/wp-content\/uploads\/2024\/10\/Berlin-Drezno-724x1024.jpg\" alt=\"\" class=\"wp-image-70604\" srcset=\"http:\/\/16lo.tarman.pl\/wp-content\/uploads\/2024\/10\/Berlin-Drezno-724x1024.jpg 724w, http:\/\/16lo.tarman.pl\/wp-content\/uploads\/2024\/10\/Berlin-Drezno-212x300.jpg 212w, http:\/\/16lo.tarman.pl\/wp-content\/uploads\/2024\/10\/Berlin-Drezno-768x1086.jpg 768w, http:\/\/16lo.tarman.pl\/wp-content\/uploads\/2024\/10\/Berlin-Drezno-1086x1536.jpg 1086w, http:\/\/16lo.tarman.pl\/wp-content\/uploads\/2024\/10\/Berlin-Drezno-1448x2048.jpg 1448w, http:\/\/16lo.tarman.pl\/wp-content\/uploads\/2024\/10\/Berlin-Drezno-scaled.jpg 1811w\" sizes=\"(max-width: 724px) 100vw, 724px\" \/><\/a><\/figure>\n","protected":false},"excerpt":{"rendered":"<p>Zapraszamy na wycieczk\u0119 do Berlina i Drezna w dniach 4-6 grudnia 2024 r. Termin zg\u0142osze\u0144 [&#8230;]<\/p>\n","protected":false},"author":1,"featured_media":70604,"comment_status":"closed","ping_status":"closed","sticky":false,"template":"","format":"standard","meta":{"ngg_post_thumbnail":0},"categories":[1,114,401,361],"tags":[],"_links":{"self":[{"href":"http:\/\/16lo.tarman.pl\/index.php?rest_route=\/wp\/v2\/posts\/70603"}],"collection":[{"href":"http:\/\/16lo.tarman.pl\/index.php?rest_route=\/wp\/v2\/posts"}],"about":[{"href":"http:\/\/16lo.tarman.pl\/index.php?rest_route=\/wp\/v2\/types\/post"}],"author":[{"embeddable":true,"href":"http:\/\/16lo.tarman.pl\/index.php?rest_route=\/wp\/v2\/users\/1"}],"replies":[{"embeddable":true,"href":"http:\/\/16lo.tarman.pl\/index.php?rest_route=%2Fwp%2Fv2%2Fcomments&post=70603"}],"version-history":[{"count":2,"href":"http:\/\/16lo.tarman.pl\/index.php?rest_route=\/wp\/v2\/posts\/70603\/revisions"}],"predecessor-version":[{"id":70606,"href":"http:\/\/16lo.tarman.pl\/index.php?rest_route=\/wp\/v2\/posts\/70603\/revisions\/70606"}],"wp:featuredmedia":[{"embeddable":true,"href":"http:\/\/16lo.tarman.pl\/index.php?rest_route=\/wp\/v2\/media\/70604"}],"wp:attachment":[{"href":"http:\/\/16lo.tarman.pl\/index.php?rest_route=%2Fwp%2Fv2%2Fmedia&parent=70603"}],"wp:term":[{"taxonomy":"category","embeddable":true,"href":"http:\/\/16lo.tarman.pl\/index.php?rest_route=%2Fwp%2Fv2%2Fcategories&post=70603"},{"taxonomy":"post_tag","embeddable":true,"href":"http:\/\/16lo.tarman.pl\/index.php?rest_route=%2Fwp%2Fv2%2Ftags&post=70603"}],"curies":[{"name":"wp","href":"https:\/\/api.w.org\/{rel}","templated":true}]}}