{"id":70066,"date":"2024-04-01T22:26:40","date_gmt":"2024-04-01T22:26:40","guid":{"rendered":"http:\/\/16lo.tarman.pl\/?p=70066"},"modified":"2024-04-16T20:30:55","modified_gmt":"2024-04-16T20:30:55","slug":"regionalny-konkurs-jezyka-niemieckiego-sketchnoting-2024","status":"publish","type":"post","link":"http:\/\/16lo.tarman.pl\/?p=70066","title":{"rendered":"REGIONALNY KONKURS J\u0118ZYKA NIEMIECKIEGO! &#8222;Sketchnoting 2024&#8221;"},"content":{"rendered":"\n<p>Zapraszamy szko\u0142y podstawowe do udzia\u0142u w nowym konkursie j\u0119zykowo-plastycznym! Sketchnoting 2024- I Edycja!<\/p>\n\n\n\n<figure class=\"wp-block-image size-large\"><a href=\"http:\/\/16lo.tarman.pl\/wp-content\/uploads\/2024\/04\/Sketchnotka-Plakat1.jpg\"><img decoding=\"async\" loading=\"lazy\" width=\"724\" height=\"1024\" src=\"http:\/\/16lo.tarman.pl\/wp-content\/uploads\/2024\/04\/Sketchnotka-Plakat1-724x1024.jpg\" alt=\"\" class=\"wp-image-70067\" srcset=\"http:\/\/16lo.tarman.pl\/wp-content\/uploads\/2024\/04\/Sketchnotka-Plakat1-724x1024.jpg 724w, http:\/\/16lo.tarman.pl\/wp-content\/uploads\/2024\/04\/Sketchnotka-Plakat1-212x300.jpg 212w, http:\/\/16lo.tarman.pl\/wp-content\/uploads\/2024\/04\/Sketchnotka-Plakat1-768x1087.jpg 768w, http:\/\/16lo.tarman.pl\/wp-content\/uploads\/2024\/04\/Sketchnotka-Plakat1.jpg 786w\" sizes=\"(max-width: 724px) 100vw, 724px\" \/><\/a><\/figure>\n\n\n\n<p><strong>Konkurs obj\u0119ty Honorowym Patronatem Prezydenta Miasta Tarnowa!<\/strong><\/p>\n\n\n\n<p>G\u0142\u00f3wnymi organizatorami konkursu s\u0105: <strong><em>Polskie Stowarzyszenie Nauczycieli J\u0119zyka Niemieckiego<\/em><\/strong>&#8211; Oddzia\u0142 Tarn\u00f3w, <strong><em>Ma\u0142e Centrum Biblioteczne Instytutu Goethego &nbsp;w Tarnowie- <\/em><\/strong>Partner Instytutu Goethego w Krakowie, mieszcz\u0105ce si\u0119 przy XVI Liceum Og\u00f3lnokszta\u0142c\u0105cym im. Armii Krajowej w Tarnowie oraz <strong><em>Biblioteka Pedagogiczna w Tarnowie.<\/em><\/strong><\/p>\n\n\n\n<p>Partnerem przedsi\u0119wzi\u0119cia jest r\u00f3wnie\u017c Szko\u0142a Podstawowa nr 18 im. Jana Kochanowskiego w Tarnowie<strong><em>. G\u0142\u00f3wnym fundatorem nagr\u00f3d jest Polskie Stowarzyszenie Nauczycieli J\u0119zyka Niemieckiego.<\/em><\/strong><\/p>\n\n\n\n<p>Konkurs polega na stworzeniu sketchnotki w j\u0119zyku niemieckim&nbsp; na dowolny temat leksykalny lub gramatyczny (format A1)!<\/p>\n\n\n\n<p>Do 12 kwietnia przyjmujemy zg\u0142oszenia szk\u00f3\u0142 do konkursu.<\/p>\n\n\n\n<p>Do 29.04 podamy wyniki etapu szkolnego konkursu!<\/p>\n\n\n\n<p>Etap rejonowy to publikacja prac na stronach fb organizator\u00f3w konkursu i zbieranie g\u0142os\u00f3w publiczno\u015bci.<\/p>\n\n\n\n<p>Ostateczny wynik zostanie podany do dnia 13 maja.<\/p>\n\n\n\n<p>Informacji dotycz\u0105cych konkursu udzielaj\u0105 koordynatorzy p. Agnieszka Ju\u015bko (przedstawiciel PSNJN) pod adresem <a href=\"centrumbibl.tarnow@gmail.com%20\">centrumbibl.tarnow@gmail.com<\/a> oraz z ramienia Biblioteki Pedagogicznej p. Magdalena Kruk- Cegli\u0144ska pod adresem <a href=\"mceg@bpt.edu.pl\">mceg@bpt.edu.pl<\/a><\/p>\n\n\n\n<p>Serdecznie zapraszamy szko\u0142y podstawowe z Tarnowa<\/p>\n\n\n\n<p>i ca\u0142ego regionu!<\/p>\n\n\n\n<figure class=\"wp-block-image size-large is-resized\"><a href=\"https:\/\/16lo.tarman.pl\/wp-content\/uploads\/2024\/04\/patronat-scaled.jpg\"><img decoding=\"async\" loading=\"lazy\" src=\"https:\/\/16lo.tarman.pl\/wp-content\/uploads\/2024\/04\/patronat-724x1024.jpg\" alt=\"\" class=\"wp-image-70077\" width=\"362\" height=\"512\" srcset=\"http:\/\/16lo.tarman.pl\/wp-content\/uploads\/2024\/04\/patronat-724x1024.jpg 724w, http:\/\/16lo.tarman.pl\/wp-content\/uploads\/2024\/04\/patronat-212x300.jpg 212w, http:\/\/16lo.tarman.pl\/wp-content\/uploads\/2024\/04\/patronat-768x1087.jpg 768w, http:\/\/16lo.tarman.pl\/wp-content\/uploads\/2024\/04\/patronat-1086x1536.jpg 1086w, http:\/\/16lo.tarman.pl\/wp-content\/uploads\/2024\/04\/patronat-1447x2048.jpg 1447w, http:\/\/16lo.tarman.pl\/wp-content\/uploads\/2024\/04\/patronat-scaled.jpg 1809w\" sizes=\"(max-width: 362px) 100vw, 362px\" \/><\/a><\/figure>\n\n\n\n<div class=\"wp-block-file\"><object class=\"wp-block-file__embed\" data=\"https:\/\/16lo.tarman.pl\/wp-content\/uploads\/2024\/04\/Regulamin-Regionalny-Konkurs-Jezyka-Niemieckiego-Sketchnoting-2024.pdf\" type=\"application\/pdf\" style=\"width:100%;height:600px\" aria-label=\"Osadzone z Regulamin-Regionalny-Konkurs-Jezyka-Niemieckiego-Sketchnoting-2024.\"><\/object><a id=\"wp-block-file--media-5465b8a4-dcdd-4f74-9c71-371dc7c13476\" href=\"https:\/\/16lo.tarman.pl\/wp-content\/uploads\/2024\/04\/Regulamin-Regionalny-Konkurs-Jezyka-Niemieckiego-Sketchnoting-2024.pdf\">Regulamin-Regionalny-Konkurs-Jezyka-Niemieckiego-Sketchnoting-2024<\/a><a href=\"https:\/\/16lo.tarman.pl\/wp-content\/uploads\/2024\/04\/Regulamin-Regionalny-Konkurs-Jezyka-Niemieckiego-Sketchnoting-2024.pdf\" class=\"wp-block-file__button wp-element-button\" download aria-describedby=\"wp-block-file--media-5465b8a4-dcdd-4f74-9c71-371dc7c13476\">Pobierz<\/a><\/div>\n","protected":false},"excerpt":{"rendered":"<p>Zapraszamy szko\u0142y podstawowe do udzia\u0142u w nowym konkursie j\u0119zykowo-plastycznym! Sketchnoting 2024- I Edycja! Konkurs obj\u0119ty [&#8230;]<\/p>\n","protected":false},"author":1,"featured_media":70067,"comment_status":"closed","ping_status":"closed","sticky":false,"template":"","format":"standard","meta":{"ngg_post_thumbnail":0},"categories":[1,165,401,441,361],"tags":[],"_links":{"self":[{"href":"http:\/\/16lo.tarman.pl\/index.php?rest_route=\/wp\/v2\/posts\/70066"}],"collection":[{"href":"http:\/\/16lo.tarman.pl\/index.php?rest_route=\/wp\/v2\/posts"}],"about":[{"href":"http:\/\/16lo.tarman.pl\/index.php?rest_route=\/wp\/v2\/types\/post"}],"author":[{"embeddable":true,"href":"http:\/\/16lo.tarman.pl\/index.php?rest_route=\/wp\/v2\/users\/1"}],"replies":[{"embeddable":true,"href":"http:\/\/16lo.tarman.pl\/index.php?rest_route=%2Fwp%2Fv2%2Fcomments&post=70066"}],"version-history":[{"count":4,"href":"http:\/\/16lo.tarman.pl\/index.php?rest_route=\/wp\/v2\/posts\/70066\/revisions"}],"predecessor-version":[{"id":70101,"href":"http:\/\/16lo.tarman.pl\/index.php?rest_route=\/wp\/v2\/posts\/70066\/revisions\/70101"}],"wp:featuredmedia":[{"embeddable":true,"href":"http:\/\/16lo.tarman.pl\/index.php?rest_route=\/wp\/v2\/media\/70067"}],"wp:attachment":[{"href":"http:\/\/16lo.tarman.pl\/index.php?rest_route=%2Fwp%2Fv2%2Fmedia&parent=70066"}],"wp:term":[{"taxonomy":"category","embeddable":true,"href":"http:\/\/16lo.tarman.pl\/index.php?rest_route=%2Fwp%2Fv2%2Fcategories&post=70066"},{"taxonomy":"post_tag","embeddable":true,"href":"http:\/\/16lo.tarman.pl\/index.php?rest_route=%2Fwp%2Fv2%2Ftags&post=70066"}],"curies":[{"name":"wp","href":"https:\/\/api.w.org\/{rel}","templated":true}]}}