{"id":68959,"date":"2023-06-23T12:14:43","date_gmt":"2023-06-23T12:14:43","guid":{"rendered":"http:\/\/16lo.tarman.pl\/?p=68959"},"modified":"2023-06-23T12:16:57","modified_gmt":"2023-06-23T12:16:57","slug":"uroczyste-zakonczenie-roku-szkolnego-2022-2023","status":"publish","type":"post","link":"http:\/\/16lo.tarman.pl\/?p=68959","title":{"rendered":"Uroczyste zako\u0144czenie roku szkolnego 2022\/2023"},"content":{"rendered":"\n<p>Pogoda by\u0107 mo\u017ce nam nie sprzyja\u0142a, ale humory dopisywa\u0142y. Oficjalnie zako\u0144czyli\u015bmy rok szkolny 2022\/2023. Serdecznie gratulujemy wszystkim uczniom i uczennicom XVI LO wielu sukces\u00f3w osi\u0105ganych w ko\u0144cz\u0105cym si\u0119 ju\u017c roku szkolnym. Trzymamy kciuki za kolejne ju\u017c po wakacjach! Widzimy si\u0119 we wrze\u015bniu, pe\u0142ni si\u0142 i ch\u0119ci, aby dawa\u0107 z siebie jeszcze wi\u0119cej.<\/p>\n<p>Udanych i spokojnych wakacji \u017cyczy Dyrekcja, grono pedagogiczne i wszyscy pracownicy XVI LO w Tarnowie.<\/p>\n<p>&nbsp;<\/p>\n<p>&nbsp;<\/p>\n\n\n\n\n\n<div class=\"ngg-galleryoverview ngg-slideshow\"\n\t id=\"ngg-slideshow-793e32d214aba9556301692f3d379013-10323402550\"\n     data-gallery-id=\"793e32d214aba9556301692f3d379013\"\n     style=\"max-width: 800px; max-height: 500px;\">\n\n \t<div id=\"ngg-image-0\" class=\"ngg-gallery-slideshow-image\" style=\"height:500px\">\n\n        <a href=\"http:\/\/16lo.tarman.pl\/wp-content\/gallery\/koniec-roku-szkolnego-2022-2023\/IMG20230623101618.jpg\"\n           title=\"\"\n           data-src=\"http:\/\/16lo.tarman.pl\/wp-content\/gallery\/koniec-roku-szkolnego-2022-2023\/IMG20230623101618.jpg\"\n           data-thumbnail=\"http:\/\/16lo.tarman.pl\/wp-content\/gallery\/koniec-roku-szkolnego-2022-2023\/thumbs\/thumbs_IMG20230623101618.jpg\"\n           data-image-id=\"47454\"\n           data-title=\"IMG20230623101618\"\n           data-description=\"\"\n           class='thickbox' rel='793e32d214aba9556301692f3d379013'>\n\n            <img data-image-id='47454'\n                 title=\"\"\n                 alt=\"IMG20230623101618\"\n                 src=\"http:\/\/16lo.tarman.pl\/wp-content\/gallery\/koniec-roku-szkolnego-2022-2023\/IMG20230623101618.jpg\"\n                 style=\"max-height: 480px;\"\/>\n        <\/a>\n\n        <\/div> \n<div id=\"ngg-image-1\" class=\"ngg-gallery-slideshow-image\" style=\"height:500px\">\n\n        <a href=\"http:\/\/16lo.tarman.pl\/wp-content\/gallery\/koniec-roku-szkolnego-2022-2023\/IMG20230623094158.jpg\"\n           title=\"\"\n           data-src=\"http:\/\/16lo.tarman.pl\/wp-content\/gallery\/koniec-roku-szkolnego-2022-2023\/IMG20230623094158.jpg\"\n           data-thumbnail=\"http:\/\/16lo.tarman.pl\/wp-content\/gallery\/koniec-roku-szkolnego-2022-2023\/thumbs\/thumbs_IMG20230623094158.jpg\"\n           data-image-id=\"47455\"\n           data-title=\"IMG20230623094158\"\n           data-description=\"\"\n           class='thickbox' rel='793e32d214aba9556301692f3d379013'>\n\n            <img data-image-id='47455'\n                 title=\"\"\n                 alt=\"IMG20230623094158\"\n                 src=\"http:\/\/16lo.tarman.pl\/wp-content\/gallery\/koniec-roku-szkolnego-2022-2023\/IMG20230623094158.jpg\"\n                 style=\"max-height: 480px;\"\/>\n        <\/a>\n\n        <\/div> \n<div id=\"ngg-image-2\" class=\"ngg-gallery-slideshow-image\" style=\"height:500px\">\n\n        <a href=\"http:\/\/16lo.tarman.pl\/wp-content\/gallery\/koniec-roku-szkolnego-2022-2023\/IMG20230623094207.jpg\"\n           title=\"\"\n           data-src=\"http:\/\/16lo.tarman.pl\/wp-content\/gallery\/koniec-roku-szkolnego-2022-2023\/IMG20230623094207.jpg\"\n           data-thumbnail=\"http:\/\/16lo.tarman.pl\/wp-content\/gallery\/koniec-roku-szkolnego-2022-2023\/thumbs\/thumbs_IMG20230623094207.jpg\"\n           data-image-id=\"47456\"\n           data-title=\"IMG20230623094207\"\n           data-description=\"\"\n           class='thickbox' rel='793e32d214aba9556301692f3d379013'>\n\n            <img data-image-id='47456'\n                 title=\"\"\n                 alt=\"IMG20230623094207\"\n                 src=\"http:\/\/16lo.tarman.pl\/wp-content\/gallery\/koniec-roku-szkolnego-2022-2023\/IMG20230623094207.jpg\"\n                 style=\"max-height: 480px;\"\/>\n        <\/a>\n\n        <\/div> \n<div id=\"ngg-image-3\" class=\"ngg-gallery-slideshow-image\" style=\"height:500px\">\n\n        <a href=\"http:\/\/16lo.tarman.pl\/wp-content\/gallery\/koniec-roku-szkolnego-2022-2023\/IMG20230623094215-1.jpg\"\n           title=\"\"\n           data-src=\"http:\/\/16lo.tarman.pl\/wp-content\/gallery\/koniec-roku-szkolnego-2022-2023\/IMG20230623094215-1.jpg\"\n           data-thumbnail=\"http:\/\/16lo.tarman.pl\/wp-content\/gallery\/koniec-roku-szkolnego-2022-2023\/thumbs\/thumbs_IMG20230623094215-1.jpg\"\n           data-image-id=\"47457\"\n           data-title=\"IMG20230623094215-1\"\n           data-description=\"\"\n           class='thickbox' rel='793e32d214aba9556301692f3d379013'>\n\n            <img data-image-id='47457'\n                 title=\"\"\n                 alt=\"IMG20230623094215-1\"\n                 src=\"http:\/\/16lo.tarman.pl\/wp-content\/gallery\/koniec-roku-szkolnego-2022-2023\/IMG20230623094215-1.jpg\"\n                 style=\"max-height: 480px;\"\/>\n        <\/a>\n\n        <\/div> \n<div id=\"ngg-image-4\" class=\"ngg-gallery-slideshow-image\" style=\"height:500px\">\n\n        <a href=\"http:\/\/16lo.tarman.pl\/wp-content\/gallery\/koniec-roku-szkolnego-2022-2023\/IMG20230623094217.jpg\"\n           title=\"\"\n           data-src=\"http:\/\/16lo.tarman.pl\/wp-content\/gallery\/koniec-roku-szkolnego-2022-2023\/IMG20230623094217.jpg\"\n           data-thumbnail=\"http:\/\/16lo.tarman.pl\/wp-content\/gallery\/koniec-roku-szkolnego-2022-2023\/thumbs\/thumbs_IMG20230623094217.jpg\"\n           data-image-id=\"47458\"\n           data-title=\"IMG20230623094217\"\n           data-description=\"\"\n           class='thickbox' rel='793e32d214aba9556301692f3d379013'>\n\n            <img data-image-id='47458'\n                 title=\"\"\n                 alt=\"IMG20230623094217\"\n                 src=\"http:\/\/16lo.tarman.pl\/wp-content\/gallery\/koniec-roku-szkolnego-2022-2023\/IMG20230623094217.jpg\"\n                 style=\"max-height: 480px;\"\/>\n        <\/a>\n\n        <\/div> \n<div id=\"ngg-image-5\" class=\"ngg-gallery-slideshow-image\" style=\"height:500px\">\n\n        <a href=\"http:\/\/16lo.tarman.pl\/wp-content\/gallery\/koniec-roku-szkolnego-2022-2023\/IMG20230623094340.jpg\"\n           title=\"\"\n           data-src=\"http:\/\/16lo.tarman.pl\/wp-content\/gallery\/koniec-roku-szkolnego-2022-2023\/IMG20230623094340.jpg\"\n           data-thumbnail=\"http:\/\/16lo.tarman.pl\/wp-content\/gallery\/koniec-roku-szkolnego-2022-2023\/thumbs\/thumbs_IMG20230623094340.jpg\"\n           data-image-id=\"47459\"\n           data-title=\"IMG20230623094340\"\n           data-description=\"\"\n           class='thickbox' rel='793e32d214aba9556301692f3d379013'>\n\n            <img data-image-id='47459'\n                 title=\"\"\n                 alt=\"IMG20230623094340\"\n                 src=\"http:\/\/16lo.tarman.pl\/wp-content\/gallery\/koniec-roku-szkolnego-2022-2023\/IMG20230623094340.jpg\"\n                 style=\"max-height: 480px;\"\/>\n        <\/a>\n\n        <\/div> \n<div id=\"ngg-image-6\" class=\"ngg-gallery-slideshow-image\" style=\"height:500px\">\n\n        <a href=\"http:\/\/16lo.tarman.pl\/wp-content\/gallery\/koniec-roku-szkolnego-2022-2023\/IMG20230623094412.jpg\"\n           title=\"\"\n           data-src=\"http:\/\/16lo.tarman.pl\/wp-content\/gallery\/koniec-roku-szkolnego-2022-2023\/IMG20230623094412.jpg\"\n           data-thumbnail=\"http:\/\/16lo.tarman.pl\/wp-content\/gallery\/koniec-roku-szkolnego-2022-2023\/thumbs\/thumbs_IMG20230623094412.jpg\"\n           data-image-id=\"47460\"\n           data-title=\"IMG20230623094412\"\n           data-description=\"\"\n           class='thickbox' rel='793e32d214aba9556301692f3d379013'>\n\n            <img data-image-id='47460'\n                 title=\"\"\n                 alt=\"IMG20230623094412\"\n                 src=\"http:\/\/16lo.tarman.pl\/wp-content\/gallery\/koniec-roku-szkolnego-2022-2023\/IMG20230623094412.jpg\"\n                 style=\"max-height: 480px;\"\/>\n        <\/a>\n\n        <\/div> \n<div id=\"ngg-image-7\" class=\"ngg-gallery-slideshow-image\" style=\"height:500px\">\n\n        <a href=\"http:\/\/16lo.tarman.pl\/wp-content\/gallery\/koniec-roku-szkolnego-2022-2023\/IMG20230623094532.jpg\"\n           title=\"\"\n           data-src=\"http:\/\/16lo.tarman.pl\/wp-content\/gallery\/koniec-roku-szkolnego-2022-2023\/IMG20230623094532.jpg\"\n           data-thumbnail=\"http:\/\/16lo.tarman.pl\/wp-content\/gallery\/koniec-roku-szkolnego-2022-2023\/thumbs\/thumbs_IMG20230623094532.jpg\"\n           data-image-id=\"47461\"\n           data-title=\"IMG20230623094532\"\n           data-description=\"\"\n           class='thickbox' rel='793e32d214aba9556301692f3d379013'>\n\n            <img data-image-id='47461'\n                 title=\"\"\n                 alt=\"IMG20230623094532\"\n                 src=\"http:\/\/16lo.tarman.pl\/wp-content\/gallery\/koniec-roku-szkolnego-2022-2023\/IMG20230623094532.jpg\"\n                 style=\"max-height: 480px;\"\/>\n        <\/a>\n\n        <\/div> \n<div id=\"ngg-image-8\" class=\"ngg-gallery-slideshow-image\" style=\"height:500px\">\n\n        <a href=\"http:\/\/16lo.tarman.pl\/wp-content\/gallery\/koniec-roku-szkolnego-2022-2023\/IMG20230623094603.jpg\"\n           title=\"\"\n           data-src=\"http:\/\/16lo.tarman.pl\/wp-content\/gallery\/koniec-roku-szkolnego-2022-2023\/IMG20230623094603.jpg\"\n           data-thumbnail=\"http:\/\/16lo.tarman.pl\/wp-content\/gallery\/koniec-roku-szkolnego-2022-2023\/thumbs\/thumbs_IMG20230623094603.jpg\"\n           data-image-id=\"47462\"\n           data-title=\"IMG20230623094603\"\n           data-description=\"\"\n           class='thickbox' rel='793e32d214aba9556301692f3d379013'>\n\n            <img data-image-id='47462'\n                 title=\"\"\n                 alt=\"IMG20230623094603\"\n                 src=\"http:\/\/16lo.tarman.pl\/wp-content\/gallery\/koniec-roku-szkolnego-2022-2023\/IMG20230623094603.jpg\"\n                 style=\"max-height: 480px;\"\/>\n        <\/a>\n\n        <\/div> \n<div id=\"ngg-image-9\" class=\"ngg-gallery-slideshow-image\" style=\"height:500px\">\n\n        <a href=\"http:\/\/16lo.tarman.pl\/wp-content\/gallery\/koniec-roku-szkolnego-2022-2023\/IMG20230623094618.jpg\"\n           title=\"\"\n           data-src=\"http:\/\/16lo.tarman.pl\/wp-content\/gallery\/koniec-roku-szkolnego-2022-2023\/IMG20230623094618.jpg\"\n           data-thumbnail=\"http:\/\/16lo.tarman.pl\/wp-content\/gallery\/koniec-roku-szkolnego-2022-2023\/thumbs\/thumbs_IMG20230623094618.jpg\"\n           data-image-id=\"47463\"\n           data-title=\"IMG20230623094618\"\n           data-description=\"\"\n           class='thickbox' rel='793e32d214aba9556301692f3d379013'>\n\n            <img data-image-id='47463'\n                 title=\"\"\n                 alt=\"IMG20230623094618\"\n                 src=\"http:\/\/16lo.tarman.pl\/wp-content\/gallery\/koniec-roku-szkolnego-2022-2023\/IMG20230623094618.jpg\"\n                 style=\"max-height: 480px;\"\/>\n        <\/a>\n\n        <\/div> \n<div id=\"ngg-image-10\" class=\"ngg-gallery-slideshow-image\" style=\"height:500px\">\n\n        <a href=\"http:\/\/16lo.tarman.pl\/wp-content\/gallery\/koniec-roku-szkolnego-2022-2023\/IMG20230623095602.jpg\"\n           title=\"\"\n           data-src=\"http:\/\/16lo.tarman.pl\/wp-content\/gallery\/koniec-roku-szkolnego-2022-2023\/IMG20230623095602.jpg\"\n           data-thumbnail=\"http:\/\/16lo.tarman.pl\/wp-content\/gallery\/koniec-roku-szkolnego-2022-2023\/thumbs\/thumbs_IMG20230623095602.jpg\"\n           data-image-id=\"47464\"\n           data-title=\"IMG20230623095602\"\n           data-description=\"\"\n           class='thickbox' rel='793e32d214aba9556301692f3d379013'>\n\n            <img data-image-id='47464'\n                 title=\"\"\n                 alt=\"IMG20230623095602\"\n                 src=\"http:\/\/16lo.tarman.pl\/wp-content\/gallery\/koniec-roku-szkolnego-2022-2023\/IMG20230623095602.jpg\"\n                 style=\"max-height: 480px;\"\/>\n        <\/a>\n\n        <\/div> \n<div id=\"ngg-image-11\" class=\"ngg-gallery-slideshow-image\" style=\"height:500px\">\n\n        <a href=\"http:\/\/16lo.tarman.pl\/wp-content\/gallery\/koniec-roku-szkolnego-2022-2023\/IMG20230623095843.jpg\"\n           title=\"\"\n           data-src=\"http:\/\/16lo.tarman.pl\/wp-content\/gallery\/koniec-roku-szkolnego-2022-2023\/IMG20230623095843.jpg\"\n           data-thumbnail=\"http:\/\/16lo.tarman.pl\/wp-content\/gallery\/koniec-roku-szkolnego-2022-2023\/thumbs\/thumbs_IMG20230623095843.jpg\"\n           data-image-id=\"47465\"\n           data-title=\"IMG20230623095843\"\n           data-description=\"\"\n           class='thickbox' rel='793e32d214aba9556301692f3d379013'>\n\n            <img data-image-id='47465'\n                 title=\"\"\n                 alt=\"IMG20230623095843\"\n                 src=\"http:\/\/16lo.tarman.pl\/wp-content\/gallery\/koniec-roku-szkolnego-2022-2023\/IMG20230623095843.jpg\"\n                 style=\"max-height: 480px;\"\/>\n        <\/a>\n\n        <\/div> \n<div id=\"ngg-image-12\" class=\"ngg-gallery-slideshow-image\" style=\"height:500px\">\n\n        <a href=\"http:\/\/16lo.tarman.pl\/wp-content\/gallery\/koniec-roku-szkolnego-2022-2023\/IMG20230623095936.jpg\"\n           title=\"\"\n           data-src=\"http:\/\/16lo.tarman.pl\/wp-content\/gallery\/koniec-roku-szkolnego-2022-2023\/IMG20230623095936.jpg\"\n           data-thumbnail=\"http:\/\/16lo.tarman.pl\/wp-content\/gallery\/koniec-roku-szkolnego-2022-2023\/thumbs\/thumbs_IMG20230623095936.jpg\"\n           data-image-id=\"47466\"\n           data-title=\"IMG20230623095936\"\n           data-description=\"\"\n           class='thickbox' rel='793e32d214aba9556301692f3d379013'>\n\n            <img data-image-id='47466'\n                 title=\"\"\n                 alt=\"IMG20230623095936\"\n                 src=\"http:\/\/16lo.tarman.pl\/wp-content\/gallery\/koniec-roku-szkolnego-2022-2023\/IMG20230623095936.jpg\"\n                 style=\"max-height: 480px;\"\/>\n        <\/a>\n\n        <\/div> \n<div id=\"ngg-image-13\" class=\"ngg-gallery-slideshow-image\" style=\"height:500px\">\n\n        <a href=\"http:\/\/16lo.tarman.pl\/wp-content\/gallery\/koniec-roku-szkolnego-2022-2023\/IMG20230623100048.jpg\"\n           title=\"\"\n           data-src=\"http:\/\/16lo.tarman.pl\/wp-content\/gallery\/koniec-roku-szkolnego-2022-2023\/IMG20230623100048.jpg\"\n           data-thumbnail=\"http:\/\/16lo.tarman.pl\/wp-content\/gallery\/koniec-roku-szkolnego-2022-2023\/thumbs\/thumbs_IMG20230623100048.jpg\"\n           data-image-id=\"47467\"\n           data-title=\"IMG20230623100048\"\n           data-description=\"\"\n           class='thickbox' rel='793e32d214aba9556301692f3d379013'>\n\n            <img data-image-id='47467'\n                 title=\"\"\n                 alt=\"IMG20230623100048\"\n                 src=\"http:\/\/16lo.tarman.pl\/wp-content\/gallery\/koniec-roku-szkolnego-2022-2023\/IMG20230623100048.jpg\"\n                 style=\"max-height: 480px;\"\/>\n        <\/a>\n\n        <\/div> \n<div id=\"ngg-image-14\" class=\"ngg-gallery-slideshow-image\" style=\"height:500px\">\n\n        <a href=\"http:\/\/16lo.tarman.pl\/wp-content\/gallery\/koniec-roku-szkolnego-2022-2023\/IMG20230623100231.jpg\"\n           title=\"\"\n           data-src=\"http:\/\/16lo.tarman.pl\/wp-content\/gallery\/koniec-roku-szkolnego-2022-2023\/IMG20230623100231.jpg\"\n           data-thumbnail=\"http:\/\/16lo.tarman.pl\/wp-content\/gallery\/koniec-roku-szkolnego-2022-2023\/thumbs\/thumbs_IMG20230623100231.jpg\"\n           data-image-id=\"47468\"\n           data-title=\"IMG20230623100231\"\n           data-description=\"\"\n           class='thickbox' rel='793e32d214aba9556301692f3d379013'>\n\n            <img data-image-id='47468'\n                 title=\"\"\n                 alt=\"IMG20230623100231\"\n                 src=\"http:\/\/16lo.tarman.pl\/wp-content\/gallery\/koniec-roku-szkolnego-2022-2023\/IMG20230623100231.jpg\"\n                 style=\"max-height: 480px;\"\/>\n        <\/a>\n\n        <\/div> \n<div id=\"ngg-image-15\" class=\"ngg-gallery-slideshow-image\" style=\"height:500px\">\n\n        <a href=\"http:\/\/16lo.tarman.pl\/wp-content\/gallery\/koniec-roku-szkolnego-2022-2023\/IMG20230623100339.jpg\"\n           title=\"\"\n           data-src=\"http:\/\/16lo.tarman.pl\/wp-content\/gallery\/koniec-roku-szkolnego-2022-2023\/IMG20230623100339.jpg\"\n           data-thumbnail=\"http:\/\/16lo.tarman.pl\/wp-content\/gallery\/koniec-roku-szkolnego-2022-2023\/thumbs\/thumbs_IMG20230623100339.jpg\"\n           data-image-id=\"47469\"\n           data-title=\"IMG20230623100339\"\n           data-description=\"\"\n           class='thickbox' rel='793e32d214aba9556301692f3d379013'>\n\n            <img data-image-id='47469'\n                 title=\"\"\n                 alt=\"IMG20230623100339\"\n                 src=\"http:\/\/16lo.tarman.pl\/wp-content\/gallery\/koniec-roku-szkolnego-2022-2023\/IMG20230623100339.jpg\"\n                 style=\"max-height: 480px;\"\/>\n        <\/a>\n\n        <\/div> \n<div id=\"ngg-image-16\" class=\"ngg-gallery-slideshow-image\" style=\"height:500px\">\n\n        <a href=\"http:\/\/16lo.tarman.pl\/wp-content\/gallery\/koniec-roku-szkolnego-2022-2023\/IMG20230623100346.jpg\"\n           title=\"\"\n           data-src=\"http:\/\/16lo.tarman.pl\/wp-content\/gallery\/koniec-roku-szkolnego-2022-2023\/IMG20230623100346.jpg\"\n           data-thumbnail=\"http:\/\/16lo.tarman.pl\/wp-content\/gallery\/koniec-roku-szkolnego-2022-2023\/thumbs\/thumbs_IMG20230623100346.jpg\"\n           data-image-id=\"47470\"\n           data-title=\"IMG20230623100346\"\n           data-description=\"\"\n           class='thickbox' rel='793e32d214aba9556301692f3d379013'>\n\n            <img data-image-id='47470'\n                 title=\"\"\n                 alt=\"IMG20230623100346\"\n                 src=\"http:\/\/16lo.tarman.pl\/wp-content\/gallery\/koniec-roku-szkolnego-2022-2023\/IMG20230623100346.jpg\"\n                 style=\"max-height: 480px;\"\/>\n        <\/a>\n\n        <\/div> \n<div id=\"ngg-image-17\" class=\"ngg-gallery-slideshow-image\" style=\"height:500px\">\n\n        <a href=\"http:\/\/16lo.tarman.pl\/wp-content\/gallery\/koniec-roku-szkolnego-2022-2023\/IMG20230623100401.jpg\"\n           title=\"\"\n           data-src=\"http:\/\/16lo.tarman.pl\/wp-content\/gallery\/koniec-roku-szkolnego-2022-2023\/IMG20230623100401.jpg\"\n           data-thumbnail=\"http:\/\/16lo.tarman.pl\/wp-content\/gallery\/koniec-roku-szkolnego-2022-2023\/thumbs\/thumbs_IMG20230623100401.jpg\"\n           data-image-id=\"47471\"\n           data-title=\"IMG20230623100401\"\n           data-description=\"\"\n           class='thickbox' rel='793e32d214aba9556301692f3d379013'>\n\n            <img data-image-id='47471'\n                 title=\"\"\n                 alt=\"IMG20230623100401\"\n                 src=\"http:\/\/16lo.tarman.pl\/wp-content\/gallery\/koniec-roku-szkolnego-2022-2023\/IMG20230623100401.jpg\"\n                 style=\"max-height: 480px;\"\/>\n        <\/a>\n\n        <\/div> \n<div id=\"ngg-image-18\" class=\"ngg-gallery-slideshow-image\" style=\"height:500px\">\n\n        <a href=\"http:\/\/16lo.tarman.pl\/wp-content\/gallery\/koniec-roku-szkolnego-2022-2023\/IMG20230623100539.jpg\"\n           title=\"\"\n           data-src=\"http:\/\/16lo.tarman.pl\/wp-content\/gallery\/koniec-roku-szkolnego-2022-2023\/IMG20230623100539.jpg\"\n           data-thumbnail=\"http:\/\/16lo.tarman.pl\/wp-content\/gallery\/koniec-roku-szkolnego-2022-2023\/thumbs\/thumbs_IMG20230623100539.jpg\"\n           data-image-id=\"47472\"\n           data-title=\"IMG20230623100539\"\n           data-description=\"\"\n           class='thickbox' rel='793e32d214aba9556301692f3d379013'>\n\n            <img data-image-id='47472'\n                 title=\"\"\n                 alt=\"IMG20230623100539\"\n                 src=\"http:\/\/16lo.tarman.pl\/wp-content\/gallery\/koniec-roku-szkolnego-2022-2023\/IMG20230623100539.jpg\"\n                 style=\"max-height: 480px;\"\/>\n        <\/a>\n\n        <\/div> \n<div id=\"ngg-image-19\" class=\"ngg-gallery-slideshow-image\" style=\"height:500px\">\n\n        <a href=\"http:\/\/16lo.tarman.pl\/wp-content\/gallery\/koniec-roku-szkolnego-2022-2023\/IMG20230623100632.jpg\"\n           title=\"\"\n           data-src=\"http:\/\/16lo.tarman.pl\/wp-content\/gallery\/koniec-roku-szkolnego-2022-2023\/IMG20230623100632.jpg\"\n           data-thumbnail=\"http:\/\/16lo.tarman.pl\/wp-content\/gallery\/koniec-roku-szkolnego-2022-2023\/thumbs\/thumbs_IMG20230623100632.jpg\"\n           data-image-id=\"47473\"\n           data-title=\"IMG20230623100632\"\n           data-description=\"\"\n           class='thickbox' rel='793e32d214aba9556301692f3d379013'>\n\n            <img data-image-id='47473'\n                 title=\"\"\n                 alt=\"IMG20230623100632\"\n                 src=\"http:\/\/16lo.tarman.pl\/wp-content\/gallery\/koniec-roku-szkolnego-2022-2023\/IMG20230623100632.jpg\"\n                 style=\"max-height: 480px;\"\/>\n        <\/a>\n\n        <\/div> \n<div id=\"ngg-image-20\" class=\"ngg-gallery-slideshow-image\" style=\"height:500px\">\n\n        <a href=\"http:\/\/16lo.tarman.pl\/wp-content\/gallery\/koniec-roku-szkolnego-2022-2023\/IMG20230623100756.jpg\"\n           title=\"\"\n           data-src=\"http:\/\/16lo.tarman.pl\/wp-content\/gallery\/koniec-roku-szkolnego-2022-2023\/IMG20230623100756.jpg\"\n           data-thumbnail=\"http:\/\/16lo.tarman.pl\/wp-content\/gallery\/koniec-roku-szkolnego-2022-2023\/thumbs\/thumbs_IMG20230623100756.jpg\"\n           data-image-id=\"47474\"\n           data-title=\"IMG20230623100756\"\n           data-description=\"\"\n           class='thickbox' rel='793e32d214aba9556301692f3d379013'>\n\n            <img data-image-id='47474'\n                 title=\"\"\n                 alt=\"IMG20230623100756\"\n                 src=\"http:\/\/16lo.tarman.pl\/wp-content\/gallery\/koniec-roku-szkolnego-2022-2023\/IMG20230623100756.jpg\"\n                 style=\"max-height: 480px;\"\/>\n        <\/a>\n\n        <\/div> \n<div id=\"ngg-image-21\" class=\"ngg-gallery-slideshow-image\" style=\"height:500px\">\n\n        <a href=\"http:\/\/16lo.tarman.pl\/wp-content\/gallery\/koniec-roku-szkolnego-2022-2023\/IMG20230623100837.jpg\"\n           title=\"\"\n           data-src=\"http:\/\/16lo.tarman.pl\/wp-content\/gallery\/koniec-roku-szkolnego-2022-2023\/IMG20230623100837.jpg\"\n           data-thumbnail=\"http:\/\/16lo.tarman.pl\/wp-content\/gallery\/koniec-roku-szkolnego-2022-2023\/thumbs\/thumbs_IMG20230623100837.jpg\"\n           data-image-id=\"47475\"\n           data-title=\"IMG20230623100837\"\n           data-description=\"\"\n           class='thickbox' rel='793e32d214aba9556301692f3d379013'>\n\n            <img data-image-id='47475'\n                 title=\"\"\n                 alt=\"IMG20230623100837\"\n                 src=\"http:\/\/16lo.tarman.pl\/wp-content\/gallery\/koniec-roku-szkolnego-2022-2023\/IMG20230623100837.jpg\"\n                 style=\"max-height: 480px;\"\/>\n        <\/a>\n\n        <\/div> \n<div id=\"ngg-image-22\" class=\"ngg-gallery-slideshow-image\" style=\"height:500px\">\n\n        <a href=\"http:\/\/16lo.tarman.pl\/wp-content\/gallery\/koniec-roku-szkolnego-2022-2023\/IMG20230623100923.jpg\"\n           title=\"\"\n           data-src=\"http:\/\/16lo.tarman.pl\/wp-content\/gallery\/koniec-roku-szkolnego-2022-2023\/IMG20230623100923.jpg\"\n           data-thumbnail=\"http:\/\/16lo.tarman.pl\/wp-content\/gallery\/koniec-roku-szkolnego-2022-2023\/thumbs\/thumbs_IMG20230623100923.jpg\"\n           data-image-id=\"47476\"\n           data-title=\"IMG20230623100923\"\n           data-description=\"\"\n           class='thickbox' rel='793e32d214aba9556301692f3d379013'>\n\n            <img data-image-id='47476'\n                 title=\"\"\n                 alt=\"IMG20230623100923\"\n                 src=\"http:\/\/16lo.tarman.pl\/wp-content\/gallery\/koniec-roku-szkolnego-2022-2023\/IMG20230623100923.jpg\"\n                 style=\"max-height: 480px;\"\/>\n        <\/a>\n\n        <\/div> \n<div id=\"ngg-image-23\" class=\"ngg-gallery-slideshow-image\" style=\"height:500px\">\n\n        <a href=\"http:\/\/16lo.tarman.pl\/wp-content\/gallery\/koniec-roku-szkolnego-2022-2023\/IMG20230623100936.jpg\"\n           title=\"\"\n           data-src=\"http:\/\/16lo.tarman.pl\/wp-content\/gallery\/koniec-roku-szkolnego-2022-2023\/IMG20230623100936.jpg\"\n           data-thumbnail=\"http:\/\/16lo.tarman.pl\/wp-content\/gallery\/koniec-roku-szkolnego-2022-2023\/thumbs\/thumbs_IMG20230623100936.jpg\"\n           data-image-id=\"47477\"\n           data-title=\"IMG20230623100936\"\n           data-description=\"\"\n           class='thickbox' rel='793e32d214aba9556301692f3d379013'>\n\n            <img data-image-id='47477'\n                 title=\"\"\n                 alt=\"IMG20230623100936\"\n                 src=\"http:\/\/16lo.tarman.pl\/wp-content\/gallery\/koniec-roku-szkolnego-2022-2023\/IMG20230623100936.jpg\"\n                 style=\"max-height: 480px;\"\/>\n        <\/a>\n\n        <\/div> \n<div id=\"ngg-image-24\" class=\"ngg-gallery-slideshow-image\" style=\"height:500px\">\n\n        <a href=\"http:\/\/16lo.tarman.pl\/wp-content\/gallery\/koniec-roku-szkolnego-2022-2023\/IMG20230623100944.jpg\"\n           title=\"\"\n           data-src=\"http:\/\/16lo.tarman.pl\/wp-content\/gallery\/koniec-roku-szkolnego-2022-2023\/IMG20230623100944.jpg\"\n           data-thumbnail=\"http:\/\/16lo.tarman.pl\/wp-content\/gallery\/koniec-roku-szkolnego-2022-2023\/thumbs\/thumbs_IMG20230623100944.jpg\"\n           data-image-id=\"47478\"\n           data-title=\"IMG20230623100944\"\n           data-description=\"\"\n           class='thickbox' rel='793e32d214aba9556301692f3d379013'>\n\n            <img data-image-id='47478'\n                 title=\"\"\n                 alt=\"IMG20230623100944\"\n                 src=\"http:\/\/16lo.tarman.pl\/wp-content\/gallery\/koniec-roku-szkolnego-2022-2023\/IMG20230623100944.jpg\"\n                 style=\"max-height: 480px;\"\/>\n        <\/a>\n\n        <\/div> \n<div id=\"ngg-image-25\" class=\"ngg-gallery-slideshow-image\" style=\"height:500px\">\n\n        <a href=\"http:\/\/16lo.tarman.pl\/wp-content\/gallery\/koniec-roku-szkolnego-2022-2023\/IMG20230623100949.jpg\"\n           title=\"\"\n           data-src=\"http:\/\/16lo.tarman.pl\/wp-content\/gallery\/koniec-roku-szkolnego-2022-2023\/IMG20230623100949.jpg\"\n           data-thumbnail=\"http:\/\/16lo.tarman.pl\/wp-content\/gallery\/koniec-roku-szkolnego-2022-2023\/thumbs\/thumbs_IMG20230623100949.jpg\"\n           data-image-id=\"47479\"\n           data-title=\"IMG20230623100949\"\n           data-description=\"\"\n           class='thickbox' rel='793e32d214aba9556301692f3d379013'>\n\n            <img data-image-id='47479'\n                 title=\"\"\n                 alt=\"IMG20230623100949\"\n                 src=\"http:\/\/16lo.tarman.pl\/wp-content\/gallery\/koniec-roku-szkolnego-2022-2023\/IMG20230623100949.jpg\"\n                 style=\"max-height: 480px;\"\/>\n        <\/a>\n\n        <\/div> \n<div id=\"ngg-image-26\" class=\"ngg-gallery-slideshow-image\" style=\"height:500px\">\n\n        <a href=\"http:\/\/16lo.tarman.pl\/wp-content\/gallery\/koniec-roku-szkolnego-2022-2023\/IMG20230623101001.jpg\"\n           title=\"\"\n           data-src=\"http:\/\/16lo.tarman.pl\/wp-content\/gallery\/koniec-roku-szkolnego-2022-2023\/IMG20230623101001.jpg\"\n           data-thumbnail=\"http:\/\/16lo.tarman.pl\/wp-content\/gallery\/koniec-roku-szkolnego-2022-2023\/thumbs\/thumbs_IMG20230623101001.jpg\"\n           data-image-id=\"47480\"\n           data-title=\"IMG20230623101001\"\n           data-description=\"\"\n           class='thickbox' rel='793e32d214aba9556301692f3d379013'>\n\n            <img data-image-id='47480'\n                 title=\"\"\n                 alt=\"IMG20230623101001\"\n                 src=\"http:\/\/16lo.tarman.pl\/wp-content\/gallery\/koniec-roku-szkolnego-2022-2023\/IMG20230623101001.jpg\"\n                 style=\"max-height: 480px;\"\/>\n        <\/a>\n\n        <\/div> \n<div id=\"ngg-image-27\" class=\"ngg-gallery-slideshow-image\" style=\"height:500px\">\n\n        <a href=\"http:\/\/16lo.tarman.pl\/wp-content\/gallery\/koniec-roku-szkolnego-2022-2023\/IMG20230623101012.jpg\"\n           title=\"\"\n           data-src=\"http:\/\/16lo.tarman.pl\/wp-content\/gallery\/koniec-roku-szkolnego-2022-2023\/IMG20230623101012.jpg\"\n           data-thumbnail=\"http:\/\/16lo.tarman.pl\/wp-content\/gallery\/koniec-roku-szkolnego-2022-2023\/thumbs\/thumbs_IMG20230623101012.jpg\"\n           data-image-id=\"47481\"\n           data-title=\"IMG20230623101012\"\n           data-description=\"\"\n           class='thickbox' rel='793e32d214aba9556301692f3d379013'>\n\n            <img data-image-id='47481'\n                 title=\"\"\n                 alt=\"IMG20230623101012\"\n                 src=\"http:\/\/16lo.tarman.pl\/wp-content\/gallery\/koniec-roku-szkolnego-2022-2023\/IMG20230623101012.jpg\"\n                 style=\"max-height: 480px;\"\/>\n        <\/a>\n\n        <\/div> \n<div id=\"ngg-image-28\" class=\"ngg-gallery-slideshow-image\" style=\"height:500px\">\n\n        <a href=\"http:\/\/16lo.tarman.pl\/wp-content\/gallery\/koniec-roku-szkolnego-2022-2023\/IMG20230623101022.jpg\"\n           title=\"\"\n           data-src=\"http:\/\/16lo.tarman.pl\/wp-content\/gallery\/koniec-roku-szkolnego-2022-2023\/IMG20230623101022.jpg\"\n           data-thumbnail=\"http:\/\/16lo.tarman.pl\/wp-content\/gallery\/koniec-roku-szkolnego-2022-2023\/thumbs\/thumbs_IMG20230623101022.jpg\"\n           data-image-id=\"47482\"\n           data-title=\"IMG20230623101022\"\n           data-description=\"\"\n           class='thickbox' rel='793e32d214aba9556301692f3d379013'>\n\n            <img data-image-id='47482'\n                 title=\"\"\n                 alt=\"IMG20230623101022\"\n                 src=\"http:\/\/16lo.tarman.pl\/wp-content\/gallery\/koniec-roku-szkolnego-2022-2023\/IMG20230623101022.jpg\"\n                 style=\"max-height: 480px;\"\/>\n        <\/a>\n\n        <\/div> \n<div id=\"ngg-image-29\" class=\"ngg-gallery-slideshow-image\" style=\"height:500px\">\n\n        <a href=\"http:\/\/16lo.tarman.pl\/wp-content\/gallery\/koniec-roku-szkolnego-2022-2023\/IMG20230623101033.jpg\"\n           title=\"\"\n           data-src=\"http:\/\/16lo.tarman.pl\/wp-content\/gallery\/koniec-roku-szkolnego-2022-2023\/IMG20230623101033.jpg\"\n           data-thumbnail=\"http:\/\/16lo.tarman.pl\/wp-content\/gallery\/koniec-roku-szkolnego-2022-2023\/thumbs\/thumbs_IMG20230623101033.jpg\"\n           data-image-id=\"47483\"\n           data-title=\"IMG20230623101033\"\n           data-description=\"\"\n           class='thickbox' rel='793e32d214aba9556301692f3d379013'>\n\n            <img data-image-id='47483'\n                 title=\"\"\n                 alt=\"IMG20230623101033\"\n                 src=\"http:\/\/16lo.tarman.pl\/wp-content\/gallery\/koniec-roku-szkolnego-2022-2023\/IMG20230623101033.jpg\"\n                 style=\"max-height: 480px;\"\/>\n        <\/a>\n\n        <\/div> \n<div id=\"ngg-image-30\" class=\"ngg-gallery-slideshow-image\" style=\"height:500px\">\n\n        <a href=\"http:\/\/16lo.tarman.pl\/wp-content\/gallery\/koniec-roku-szkolnego-2022-2023\/IMG20230623101038.jpg\"\n           title=\"\"\n           data-src=\"http:\/\/16lo.tarman.pl\/wp-content\/gallery\/koniec-roku-szkolnego-2022-2023\/IMG20230623101038.jpg\"\n           data-thumbnail=\"http:\/\/16lo.tarman.pl\/wp-content\/gallery\/koniec-roku-szkolnego-2022-2023\/thumbs\/thumbs_IMG20230623101038.jpg\"\n           data-image-id=\"47484\"\n           data-title=\"IMG20230623101038\"\n           data-description=\"\"\n           class='thickbox' rel='793e32d214aba9556301692f3d379013'>\n\n            <img data-image-id='47484'\n                 title=\"\"\n                 alt=\"IMG20230623101038\"\n                 src=\"http:\/\/16lo.tarman.pl\/wp-content\/gallery\/koniec-roku-szkolnego-2022-2023\/IMG20230623101038.jpg\"\n                 style=\"max-height: 480px;\"\/>\n        <\/a>\n\n        <\/div> \n<div id=\"ngg-image-31\" class=\"ngg-gallery-slideshow-image\" style=\"height:500px\">\n\n        <a href=\"http:\/\/16lo.tarman.pl\/wp-content\/gallery\/koniec-roku-szkolnego-2022-2023\/IMG20230623101109.jpg\"\n           title=\"\"\n           data-src=\"http:\/\/16lo.tarman.pl\/wp-content\/gallery\/koniec-roku-szkolnego-2022-2023\/IMG20230623101109.jpg\"\n           data-thumbnail=\"http:\/\/16lo.tarman.pl\/wp-content\/gallery\/koniec-roku-szkolnego-2022-2023\/thumbs\/thumbs_IMG20230623101109.jpg\"\n           data-image-id=\"47485\"\n           data-title=\"IMG20230623101109\"\n           data-description=\"\"\n           class='thickbox' rel='793e32d214aba9556301692f3d379013'>\n\n            <img data-image-id='47485'\n                 title=\"\"\n                 alt=\"IMG20230623101109\"\n                 src=\"http:\/\/16lo.tarman.pl\/wp-content\/gallery\/koniec-roku-szkolnego-2022-2023\/IMG20230623101109.jpg\"\n                 style=\"max-height: 480px;\"\/>\n        <\/a>\n\n        <\/div> \n<div id=\"ngg-image-32\" class=\"ngg-gallery-slideshow-image\" style=\"height:500px\">\n\n        <a href=\"http:\/\/16lo.tarman.pl\/wp-content\/gallery\/koniec-roku-szkolnego-2022-2023\/IMG20230623101144.jpg\"\n           title=\"\"\n           data-src=\"http:\/\/16lo.tarman.pl\/wp-content\/gallery\/koniec-roku-szkolnego-2022-2023\/IMG20230623101144.jpg\"\n           data-thumbnail=\"http:\/\/16lo.tarman.pl\/wp-content\/gallery\/koniec-roku-szkolnego-2022-2023\/thumbs\/thumbs_IMG20230623101144.jpg\"\n           data-image-id=\"47486\"\n           data-title=\"IMG20230623101144\"\n           data-description=\"\"\n           class='thickbox' rel='793e32d214aba9556301692f3d379013'>\n\n            <img data-image-id='47486'\n                 title=\"\"\n                 alt=\"IMG20230623101144\"\n                 src=\"http:\/\/16lo.tarman.pl\/wp-content\/gallery\/koniec-roku-szkolnego-2022-2023\/IMG20230623101144.jpg\"\n                 style=\"max-height: 480px;\"\/>\n        <\/a>\n\n        <\/div> \n<div id=\"ngg-image-33\" class=\"ngg-gallery-slideshow-image\" style=\"height:500px\">\n\n        <a href=\"http:\/\/16lo.tarman.pl\/wp-content\/gallery\/koniec-roku-szkolnego-2022-2023\/IMG20230623101203.jpg\"\n           title=\"\"\n           data-src=\"http:\/\/16lo.tarman.pl\/wp-content\/gallery\/koniec-roku-szkolnego-2022-2023\/IMG20230623101203.jpg\"\n           data-thumbnail=\"http:\/\/16lo.tarman.pl\/wp-content\/gallery\/koniec-roku-szkolnego-2022-2023\/thumbs\/thumbs_IMG20230623101203.jpg\"\n           data-image-id=\"47487\"\n           data-title=\"IMG20230623101203\"\n           data-description=\"\"\n           class='thickbox' rel='793e32d214aba9556301692f3d379013'>\n\n            <img data-image-id='47487'\n                 title=\"\"\n                 alt=\"IMG20230623101203\"\n                 src=\"http:\/\/16lo.tarman.pl\/wp-content\/gallery\/koniec-roku-szkolnego-2022-2023\/IMG20230623101203.jpg\"\n                 style=\"max-height: 480px;\"\/>\n        <\/a>\n\n        <\/div> \n<div id=\"ngg-image-34\" class=\"ngg-gallery-slideshow-image\" style=\"height:500px\">\n\n        <a href=\"http:\/\/16lo.tarman.pl\/wp-content\/gallery\/koniec-roku-szkolnego-2022-2023\/IMG20230623101220.jpg\"\n           title=\"\"\n           data-src=\"http:\/\/16lo.tarman.pl\/wp-content\/gallery\/koniec-roku-szkolnego-2022-2023\/IMG20230623101220.jpg\"\n           data-thumbnail=\"http:\/\/16lo.tarman.pl\/wp-content\/gallery\/koniec-roku-szkolnego-2022-2023\/thumbs\/thumbs_IMG20230623101220.jpg\"\n           data-image-id=\"47488\"\n           data-title=\"IMG20230623101220\"\n           data-description=\"\"\n           class='thickbox' rel='793e32d214aba9556301692f3d379013'>\n\n            <img data-image-id='47488'\n                 title=\"\"\n                 alt=\"IMG20230623101220\"\n                 src=\"http:\/\/16lo.tarman.pl\/wp-content\/gallery\/koniec-roku-szkolnego-2022-2023\/IMG20230623101220.jpg\"\n                 style=\"max-height: 480px;\"\/>\n        <\/a>\n\n        <\/div> \n<div id=\"ngg-image-35\" class=\"ngg-gallery-slideshow-image\" style=\"height:500px\">\n\n        <a href=\"http:\/\/16lo.tarman.pl\/wp-content\/gallery\/koniec-roku-szkolnego-2022-2023\/IMG20230623101242.jpg\"\n           title=\"\"\n           data-src=\"http:\/\/16lo.tarman.pl\/wp-content\/gallery\/koniec-roku-szkolnego-2022-2023\/IMG20230623101242.jpg\"\n           data-thumbnail=\"http:\/\/16lo.tarman.pl\/wp-content\/gallery\/koniec-roku-szkolnego-2022-2023\/thumbs\/thumbs_IMG20230623101242.jpg\"\n           data-image-id=\"47489\"\n           data-title=\"IMG20230623101242\"\n           data-description=\"\"\n           class='thickbox' rel='793e32d214aba9556301692f3d379013'>\n\n            <img data-image-id='47489'\n                 title=\"\"\n                 alt=\"IMG20230623101242\"\n                 src=\"http:\/\/16lo.tarman.pl\/wp-content\/gallery\/koniec-roku-szkolnego-2022-2023\/IMG20230623101242.jpg\"\n                 style=\"max-height: 480px;\"\/>\n        <\/a>\n\n        <\/div> \n<div id=\"ngg-image-36\" class=\"ngg-gallery-slideshow-image\" style=\"height:500px\">\n\n        <a href=\"http:\/\/16lo.tarman.pl\/wp-content\/gallery\/koniec-roku-szkolnego-2022-2023\/IMG20230623101258.jpg\"\n           title=\"\"\n           data-src=\"http:\/\/16lo.tarman.pl\/wp-content\/gallery\/koniec-roku-szkolnego-2022-2023\/IMG20230623101258.jpg\"\n           data-thumbnail=\"http:\/\/16lo.tarman.pl\/wp-content\/gallery\/koniec-roku-szkolnego-2022-2023\/thumbs\/thumbs_IMG20230623101258.jpg\"\n           data-image-id=\"47490\"\n           data-title=\"IMG20230623101258\"\n           data-description=\"\"\n           class='thickbox' rel='793e32d214aba9556301692f3d379013'>\n\n            <img data-image-id='47490'\n                 title=\"\"\n                 alt=\"IMG20230623101258\"\n                 src=\"http:\/\/16lo.tarman.pl\/wp-content\/gallery\/koniec-roku-szkolnego-2022-2023\/IMG20230623101258.jpg\"\n                 style=\"max-height: 480px;\"\/>\n        <\/a>\n\n        <\/div> \n<div id=\"ngg-image-37\" class=\"ngg-gallery-slideshow-image\" style=\"height:500px\">\n\n        <a href=\"http:\/\/16lo.tarman.pl\/wp-content\/gallery\/koniec-roku-szkolnego-2022-2023\/IMG20230623101312.jpg\"\n           title=\"\"\n           data-src=\"http:\/\/16lo.tarman.pl\/wp-content\/gallery\/koniec-roku-szkolnego-2022-2023\/IMG20230623101312.jpg\"\n           data-thumbnail=\"http:\/\/16lo.tarman.pl\/wp-content\/gallery\/koniec-roku-szkolnego-2022-2023\/thumbs\/thumbs_IMG20230623101312.jpg\"\n           data-image-id=\"47491\"\n           data-title=\"IMG20230623101312\"\n           data-description=\"\"\n           class='thickbox' rel='793e32d214aba9556301692f3d379013'>\n\n            <img data-image-id='47491'\n                 title=\"\"\n                 alt=\"IMG20230623101312\"\n                 src=\"http:\/\/16lo.tarman.pl\/wp-content\/gallery\/koniec-roku-szkolnego-2022-2023\/IMG20230623101312.jpg\"\n                 style=\"max-height: 480px;\"\/>\n        <\/a>\n\n        <\/div> \n<div id=\"ngg-image-38\" class=\"ngg-gallery-slideshow-image\" style=\"height:500px\">\n\n        <a href=\"http:\/\/16lo.tarman.pl\/wp-content\/gallery\/koniec-roku-szkolnego-2022-2023\/IMG20230623101320.jpg\"\n           title=\"\"\n           data-src=\"http:\/\/16lo.tarman.pl\/wp-content\/gallery\/koniec-roku-szkolnego-2022-2023\/IMG20230623101320.jpg\"\n           data-thumbnail=\"http:\/\/16lo.tarman.pl\/wp-content\/gallery\/koniec-roku-szkolnego-2022-2023\/thumbs\/thumbs_IMG20230623101320.jpg\"\n           data-image-id=\"47492\"\n           data-title=\"IMG20230623101320\"\n           data-description=\"\"\n           class='thickbox' rel='793e32d214aba9556301692f3d379013'>\n\n            <img data-image-id='47492'\n                 title=\"\"\n                 alt=\"IMG20230623101320\"\n                 src=\"http:\/\/16lo.tarman.pl\/wp-content\/gallery\/koniec-roku-szkolnego-2022-2023\/IMG20230623101320.jpg\"\n                 style=\"max-height: 480px;\"\/>\n        <\/a>\n\n        <\/div> \n<div id=\"ngg-image-39\" class=\"ngg-gallery-slideshow-image\" style=\"height:500px\">\n\n        <a href=\"http:\/\/16lo.tarman.pl\/wp-content\/gallery\/koniec-roku-szkolnego-2022-2023\/IMG20230623101457.jpg\"\n           title=\"\"\n           data-src=\"http:\/\/16lo.tarman.pl\/wp-content\/gallery\/koniec-roku-szkolnego-2022-2023\/IMG20230623101457.jpg\"\n           data-thumbnail=\"http:\/\/16lo.tarman.pl\/wp-content\/gallery\/koniec-roku-szkolnego-2022-2023\/thumbs\/thumbs_IMG20230623101457.jpg\"\n           data-image-id=\"47493\"\n           data-title=\"IMG20230623101457\"\n           data-description=\"\"\n           class='thickbox' rel='793e32d214aba9556301692f3d379013'>\n\n            <img data-image-id='47493'\n                 title=\"\"\n                 alt=\"IMG20230623101457\"\n                 src=\"http:\/\/16lo.tarman.pl\/wp-content\/gallery\/koniec-roku-szkolnego-2022-2023\/IMG20230623101457.jpg\"\n                 style=\"max-height: 480px;\"\/>\n        <\/a>\n\n        <\/div> \n<\/div>\n\n\n\n\n","protected":false},"excerpt":{"rendered":"<p>Pogoda by\u0107 mo\u017ce nam nie sprzyja\u0142a, ale humory dopisywa\u0142y. Oficjalnie zako\u0144czyli\u015bmy rok szkolny 2022\/2023. Serdecznie [&#8230;]<\/p>\n","protected":false},"author":1,"featured_media":68996,"comment_status":"closed","ping_status":"closed","sticky":false,"template":"","format":"standard","meta":{"ngg_post_thumbnail":0},"categories":[1],"tags":[],"_links":{"self":[{"href":"http:\/\/16lo.tarman.pl\/index.php?rest_route=\/wp\/v2\/posts\/68959"}],"collection":[{"href":"http:\/\/16lo.tarman.pl\/index.php?rest_route=\/wp\/v2\/posts"}],"about":[{"href":"http:\/\/16lo.tarman.pl\/index.php?rest_route=\/wp\/v2\/types\/post"}],"author":[{"embeddable":true,"href":"http:\/\/16lo.tarman.pl\/index.php?rest_route=\/wp\/v2\/users\/1"}],"replies":[{"embeddable":true,"href":"http:\/\/16lo.tarman.pl\/index.php?rest_route=%2Fwp%2Fv2%2Fcomments&post=68959"}],"version-history":[{"count":6,"href":"http:\/\/16lo.tarman.pl\/index.php?rest_route=\/wp\/v2\/posts\/68959\/revisions"}],"predecessor-version":[{"id":69002,"href":"http:\/\/16lo.tarman.pl\/index.php?rest_route=\/wp\/v2\/posts\/68959\/revisions\/69002"}],"wp:featuredmedia":[{"embeddable":true,"href":"http:\/\/16lo.tarman.pl\/index.php?rest_route=\/wp\/v2\/media\/68996"}],"wp:attachment":[{"href":"http:\/\/16lo.tarman.pl\/index.php?rest_route=%2Fwp%2Fv2%2Fmedia&parent=68959"}],"wp:term":[{"taxonomy":"category","embeddable":true,"href":"http:\/\/16lo.tarman.pl\/index.php?rest_route=%2Fwp%2Fv2%2Fcategories&post=68959"},{"taxonomy":"post_tag","embeddable":true,"href":"http:\/\/16lo.tarman.pl\/index.php?rest_route=%2Fwp%2Fv2%2Ftags&post=68959"}],"curies":[{"name":"wp","href":"https:\/\/api.w.org\/{rel}","templated":true}]}}