{"id":67537,"date":"2022-09-25T12:06:27","date_gmt":"2022-09-25T12:06:27","guid":{"rendered":"http:\/\/16lo.tarman.pl\/?p=67537"},"modified":"2022-09-25T12:06:27","modified_gmt":"2022-09-25T12:06:27","slug":"rusza-konkurs-literacki-wislawa-szymborska-poetka-dnia-codziennego","status":"publish","type":"post","link":"http:\/\/16lo.tarman.pl\/?p=67537","title":{"rendered":"Rusza konkurs literacki \u201eWis\u0142awa Szymborska- poetka dnia codziennego \u201d"},"content":{"rendered":"\n<p>&nbsp;<\/p>\n<p>Mamy przyjemno\u015b\u0107 og\u0142osi\u0107, \u017ce rusza kolejna edycja szkolnego konkursu literackiego. W tym roku szkolnym pragniemy zapozna\u0107 nasz\u0105 m\u0142odzie\u017c z tw\u00f3rczo\u015bci\u0105 noblistki Wis\u0142awy Szymborskiej. Regulamin konkursu, antologia wierszy oraz karta zg\u0142oszeniowa znajduj\u0105 si\u0119 w za\u0142\u0105cznikach. Zg\u0142oszenia przyjmowane s\u0105 do 17 pa\u017adziernika. \u015amia\u0142k\u00f3w czeka trzy etapy pracy, lecz zdecydowanie warto, gdy\u017c nagroda rzeczowa jest r\u00f3wnie cenna. Wszelkie informacje u opiekuna konkursu mgr Joanny Szmyd oraz u nauczycieli j\u0119zyka polskiego.<\/p>\n<p>&nbsp;<\/p>\n\n\n\n<div class=\"wp-block-file\"><a href=\"http:\/\/16lo.tarman.pl\/wp-content\/uploads\/2022\/09\/Zalacznik-1-Karta-zgloszenia.docx\">Za\u0142\u0105cznik-1-Karta-zg\u0142oszenia<\/a><a href=\"http:\/\/16lo.tarman.pl\/wp-content\/uploads\/2022\/09\/Zalacznik-1-Karta-zgloszenia.docx\" class=\"wp-block-file__button\" download>Pobierz<\/a><\/div>\n\n\n\n<div class=\"wp-block-file\"><a href=\"http:\/\/16lo.tarman.pl\/wp-content\/uploads\/2022\/09\/Zalacznik-2-Regulamin-I-ETAPU-konkursu.docx\">Za\u0142\u0105cznik-2-Regulamin-I-ETAPU-konkursu<\/a><a href=\"http:\/\/16lo.tarman.pl\/wp-content\/uploads\/2022\/09\/Zalacznik-2-Regulamin-I-ETAPU-konkursu.docx\" class=\"wp-block-file__button\" download>Pobierz<\/a><\/div>\n\n\n\n<div class=\"wp-block-file\"><a href=\"http:\/\/16lo.tarman.pl\/wp-content\/uploads\/2022\/09\/Zalacznik-3-Ogolny-regulamin-Konkursu-o-Szymborskiej.doc\">Za\u0142\u0105cznik-3-Og\u00f3lny-regulamin-Konkursu-o-Szymborskiej<\/a><a href=\"http:\/\/16lo.tarman.pl\/wp-content\/uploads\/2022\/09\/Zalacznik-3-Ogolny-regulamin-Konkursu-o-Szymborskiej.doc\" class=\"wp-block-file__button\" download>Pobierz<\/a><\/div>\n\n\n\n<div class=\"wp-block-file\"><a href=\"http:\/\/16lo.tarman.pl\/wp-content\/uploads\/2022\/09\/Zalacznik-4-Antologia.docx\">Za\u0142\u0105cznik-4-Antologia<\/a><a href=\"http:\/\/16lo.tarman.pl\/wp-content\/uploads\/2022\/09\/Zalacznik-4-Antologia.docx\" class=\"wp-block-file__button\" download>Pobierz<\/a><\/div>\n","protected":false},"excerpt":{"rendered":"<p>&nbsp; Mamy przyjemno\u015b\u0107 og\u0142osi\u0107, \u017ce rusza kolejna edycja szkolnego konkursu literackiego. W tym roku szkolnym [&#8230;]<\/p>\n","protected":false},"author":1,"featured_media":67538,"comment_status":"closed","ping_status":"closed","sticky":false,"template":"","format":"standard","meta":{"ngg_post_thumbnail":0},"categories":[1,361,422],"tags":[],"_links":{"self":[{"href":"http:\/\/16lo.tarman.pl\/index.php?rest_route=\/wp\/v2\/posts\/67537"}],"collection":[{"href":"http:\/\/16lo.tarman.pl\/index.php?rest_route=\/wp\/v2\/posts"}],"about":[{"href":"http:\/\/16lo.tarman.pl\/index.php?rest_route=\/wp\/v2\/types\/post"}],"author":[{"embeddable":true,"href":"http:\/\/16lo.tarman.pl\/index.php?rest_route=\/wp\/v2\/users\/1"}],"replies":[{"embeddable":true,"href":"http:\/\/16lo.tarman.pl\/index.php?rest_route=%2Fwp%2Fv2%2Fcomments&post=67537"}],"version-history":[{"count":1,"href":"http:\/\/16lo.tarman.pl\/index.php?rest_route=\/wp\/v2\/posts\/67537\/revisions"}],"predecessor-version":[{"id":67543,"href":"http:\/\/16lo.tarman.pl\/index.php?rest_route=\/wp\/v2\/posts\/67537\/revisions\/67543"}],"wp:featuredmedia":[{"embeddable":true,"href":"http:\/\/16lo.tarman.pl\/index.php?rest_route=\/wp\/v2\/media\/67538"}],"wp:attachment":[{"href":"http:\/\/16lo.tarman.pl\/index.php?rest_route=%2Fwp%2Fv2%2Fmedia&parent=67537"}],"wp:term":[{"taxonomy":"category","embeddable":true,"href":"http:\/\/16lo.tarman.pl\/index.php?rest_route=%2Fwp%2Fv2%2Fcategories&post=67537"},{"taxonomy":"post_tag","embeddable":true,"href":"http:\/\/16lo.tarman.pl\/index.php?rest_route=%2Fwp%2Fv2%2Ftags&post=67537"}],"curies":[{"name":"wp","href":"https:\/\/api.w.org\/{rel}","templated":true}]}}