{"id":64153,"date":"2021-02-01T21:52:09","date_gmt":"2021-02-01T21:52:09","guid":{"rendered":"http:\/\/16lo.tarman.pl\/?p=64153"},"modified":"2021-05-13T20:04:06","modified_gmt":"2021-05-13T20:04:06","slug":"prace-metoda-projektu-filmy-prezentacje-plakaty-na-lekcjach-jezyka-niemieckiego","status":"publish","type":"post","link":"http:\/\/16lo.tarman.pl\/?p=64153","title":{"rendered":"PRACE METOD\u0104 PROJEKTU- filmy, prezentacje, plakaty na lekcjach j\u0119zyka niemieckiego!"},"content":{"rendered":"\n<p>Koniec p\u00f3\u0142rocza roku szkolnego 2020-21 stoi pod znakiem prac metod\u0105 projektu. Pandemia stwarza nam nowe warunki do pracy, kt\u00f3re wykorzystujemy do tworzenia wi\u0119kszej ilo\u015bci prezentacji i filmik\u00f3w.<\/p>\n<p>Udzia\u0142 w konkursach ma na dzie\u0144 dzisiejszy r\u00f3wnie\u017c cz\u0119sto tak\u0105 form\u0119.<\/p>\n<p>Zapraszamy do zapoznania si\u0119 z najciekawszymi pracami wykonanymi w formie prezentacji i filmik\u00f3w dotycz\u0105cymi tematu \u201ePodr\u00f3\u017cowanie- Reisen\u201d w klasach drugich oraz z pracami konkursowymi.<\/p>\n<p>Uczniowie kl. 2 wykonali prace w dwojaki spos\u00f3b: relacjonowali swoje podr\u00f3\u017ce wykorzystuj\u0105c przy tym czas przesz\u0142y Perfekt i Imperfekt lub te\u017c planowali swoje przysz\u0142e podr\u00f3\u017ce z u\u017cyciem czasu przysz\u0142ego Futur 1.<\/p>\n<p>W\u015br\u00f3d prac pojawi\u0142a si\u0119 te\u017c jedna, w kt\u00f3rej opisano sw\u0105 wymarzon\u0105 podr\u00f3\u017c \u201eTraumreise\u201d. &nbsp;<\/p>\n<p>Zapraszamy do zapoznania si\u0119 z najciekawszymi pracami!<\/p>\n<p>Jakub Ko\u0142odziej \u2013 2 Dg<\/p>\n<p><a href=\"https:\/\/www.facebook.com\/536669046685324\/videos\/242988683832330\">https:\/\/www.facebook.com\/536669046685324\/videos\/242988683832330<\/a><\/p>\n<p>Vanessa Machnik- kl. 2 Bg<\/p>\n<p><a href=\"https:\/\/www.facebook.com\/536669046685324\/videos\/199610088550144\">https:\/\/www.facebook.com\/536669046685324\/videos\/199610088550144<\/a><\/p>\n<p>Justyna Rokita i Katarzyna S\u0142omska- 2 Dg<\/p>\n<p><a href=\"https:\/\/www.facebook.com\/536669046685324\/videos\/2719116408403553\">https:\/\/www.facebook.com\/536669046685324\/videos\/2719116408403553<\/a><\/p>\n<p>Klaudia S\u0142owik- 2C<\/p>\n<p><a href=\"https:\/\/www.facebook.com\/536669046685324\/videos\/230976005087860\">https:\/\/www.facebook.com\/536669046685324\/videos\/230976005087860<\/a><\/p>\n<p>Wiktoria P\u0119kala i Gabriela Sak- 2 Cg<\/p>\n<p><a href=\"https:\/\/www.facebook.com\/536669046685324\/videos\/423455315535481\">https:\/\/www.facebook.com\/536669046685324\/videos\/423455315535481<\/a><\/p>\n<p>Prace konkursowe:<\/p>\n<p>Wiktoria P\u0119kala- kl. 2 Cg udzia\u0142 w Og\u00f3lnopolskim konkursie Goethe Institut \u201eWarum lernst du Deutsch?\u201d- kategoria film<\/p>\n<p><a href=\"https:\/\/www.youtube.com\/watch?v=4Elg_D8j71g&amp;fbclid=IwAR1ZFvya6LkaiGSwRkxBUihyKlBUVljCDZN_CJ4hNhqReAfHZ9XUv3gAZpg\">https:\/\/www.youtube.com\/watch?v=4Elg_D8j71g&amp;fbclid=IwAR1ZFvya6LkaiGSwRkxBUihyKlBUVljCDZN_CJ4hNhqReAfHZ9XUv3gAZpg<\/a><\/p>\n<p>Marlena Rygu\u0142a- kl. 2 D Og\u00f3lnopolski Konkurs Kol\u0119d Niemieckoj\u0119zycznych<\/p>\n<p>&nbsp;<a href=\"https:\/\/drive.google.com\/file\/d\/1ZI-hMG1rr1R1woVr5qq5AO4a1UNV7SmQ\/view?fbclid=IwAR2--rC1fP8mavhkiEaenbWVwGmkWfPA_GfgRSRBvpF8_HpZFremtALHx1I\">https:\/\/drive.google.com\/file\/d\/1ZI-hMG1rr1R1woVr5qq5AO4a1UNV7SmQ\/view?fbclid=IwAR2&#8211;rC1fP8mavhkiEaenbWVwGmkWfPA_GfgRSRBvpF8_HpZFremtALHx1I<\/a><\/p>\n<p>Szczeg\u00f3lnie pracom konkursowym nale\u017c\u0105 si\u0119 pochwa\u0142y za staranno\u015b\u0107 oraz odwag\u0119 prezentacji.<\/p>\n<p>Serdecznie gratulujemy Irenie St\u0119posz- kl. 2 Dg za opracowanie plakatu, kt\u00f3ry zaj\u0105\u0142 1 miejsce w Polsce w Og\u00f3lnopolskim konkursie Goethe Institut \u201eWarum lernst du Deutsch?\u201d- kategoria plakat.<\/p>\n<p><a href=\"https:\/\/www.facebook.com\/536669046685324\/photos\/a.536676943351201\/1304329309919290\/\">https:\/\/www.facebook.com\/536669046685324\/photos\/a.536676943351201\/1304329309919290\/<\/a><\/p>\n<p>W drugim p\u00f3\u0142roczu planujemy nast\u0119pne tematy!<\/p>\n<!-- index.php -->\n<div\n\tclass=\"ngg-galleryoverview ngg-ajax-pagination-none\"\n\tid=\"ngg-gallery-32c2163f4eb2384f7489844f53c66bcf-1\">\n\n    \t<div class=\"slideshowlink\">\n        <a href='http:\/\/16lo.tarman.pl\/index.php\/nggallery\/slideshow?p=64153'>[Show slideshow]<\/a>\n\t\t\n\t<\/div>\n\t\t\t<!-- Thumbnails -->\n\t\t\t\t<div id=\"ngg-image-0\" class=\"ngg-gallery-thumbnail-box\" >\n\t\t\t\t        <div class=\"ngg-gallery-thumbnail\">\n            <a href=\"http:\/\/16lo.tarman.pl\/wp-content\/gallery\/niemiecki-1-02-2021\/Irena-Steposz.jpg\"\n               title=\"\"\n               data-src=\"http:\/\/16lo.tarman.pl\/wp-content\/gallery\/niemiecki-1-02-2021\/Irena-Steposz.jpg\"\n               data-thumbnail=\"http:\/\/16lo.tarman.pl\/wp-content\/gallery\/niemiecki-1-02-2021\/thumbs\/thumbs_Irena-Steposz.jpg\"\n               data-image-id=\"45883\"\n               data-title=\"Irena-Steposz\"\n               data-description=\"\"\n               data-image-slug=\"irena-steposz-1\"\n               class='thickbox' rel='32c2163f4eb2384f7489844f53c66bcf'>\n                <img\n                    title=\"Irena-Steposz\"\n                    alt=\"Irena-Steposz\"\n                    src=\"http:\/\/16lo.tarman.pl\/wp-content\/gallery\/niemiecki-1-02-2021\/thumbs\/thumbs_Irena-Steposz.jpg\"\n                    width=\"120\"\n                    height=\"90\"\n                    style=\"max-width:100%;\"\n                \/>\n            <\/a>\n        <\/div>\n\t\t\t\t\t\t\t<\/div> \n\t\t\t\n                            \n\t\t\t\t<div id=\"ngg-image-1\" class=\"ngg-gallery-thumbnail-box\" >\n\t\t\t\t        <div class=\"ngg-gallery-thumbnail\">\n            <a href=\"http:\/\/16lo.tarman.pl\/wp-content\/gallery\/niemiecki-1-02-2021\/Marlena-Rygula.jpg\"\n               title=\"\"\n               data-src=\"http:\/\/16lo.tarman.pl\/wp-content\/gallery\/niemiecki-1-02-2021\/Marlena-Rygula.jpg\"\n               data-thumbnail=\"http:\/\/16lo.tarman.pl\/wp-content\/gallery\/niemiecki-1-02-2021\/thumbs\/thumbs_Marlena-Rygula.jpg\"\n               data-image-id=\"45884\"\n               data-title=\"Marlena-Rygula\"\n               data-description=\"\"\n               data-image-slug=\"marlena-rygula-1\"\n               class='thickbox' rel='32c2163f4eb2384f7489844f53c66bcf'>\n                <img\n                    title=\"Marlena-Rygula\"\n                    alt=\"Marlena-Rygula\"\n                    src=\"http:\/\/16lo.tarman.pl\/wp-content\/gallery\/niemiecki-1-02-2021\/thumbs\/thumbs_Marlena-Rygula.jpg\"\n                    width=\"120\"\n                    height=\"90\"\n                    style=\"max-width:100%;\"\n                \/>\n            <\/a>\n        <\/div>\n\t\t\t\t\t\t\t<\/div> \n\t\t\t\n                            \n\t\t\t\t<div id=\"ngg-image-2\" class=\"ngg-gallery-thumbnail-box\" >\n\t\t\t\t        <div class=\"ngg-gallery-thumbnail\">\n            <a href=\"http:\/\/16lo.tarman.pl\/wp-content\/gallery\/niemiecki-1-02-2021\/Wiktoria-Pekala.jpg\"\n               title=\"\"\n               data-src=\"http:\/\/16lo.tarman.pl\/wp-content\/gallery\/niemiecki-1-02-2021\/Wiktoria-Pekala.jpg\"\n               data-thumbnail=\"http:\/\/16lo.tarman.pl\/wp-content\/gallery\/niemiecki-1-02-2021\/thumbs\/thumbs_Wiktoria-Pekala.jpg\"\n               data-image-id=\"45885\"\n               data-title=\"Wiktoria-Pekala\"\n               data-description=\"\"\n               data-image-slug=\"wiktoria-pekala\"\n               class='thickbox' rel='32c2163f4eb2384f7489844f53c66bcf'>\n                <img\n                    title=\"Wiktoria-Pekala\"\n                    alt=\"Wiktoria-Pekala\"\n                    src=\"http:\/\/16lo.tarman.pl\/wp-content\/gallery\/niemiecki-1-02-2021\/thumbs\/thumbs_Wiktoria-Pekala.jpg\"\n                    width=\"120\"\n                    height=\"90\"\n                    style=\"max-width:100%;\"\n                \/>\n            <\/a>\n        <\/div>\n\t\t\t\t\t\t\t<\/div> \n\t\t\t\n                            \n\t\t\n\t\t<!-- Pagination -->\n\t<div class='ngg-clear'><\/div>\t<\/div>\n\n","protected":false},"excerpt":{"rendered":"<p>Koniec p\u00f3\u0142rocza roku szkolnego 2020-21 stoi pod znakiem prac metod\u0105 projektu. Pandemia stwarza nam nowe [&#8230;]<\/p>\n","protected":false},"author":1,"featured_media":64124,"comment_status":"closed","ping_status":"closed","sticky":false,"template":"","format":"standard","meta":{"ngg_post_thumbnail":0},"categories":[1,165,114,401],"tags":[],"_links":{"self":[{"href":"http:\/\/16lo.tarman.pl\/index.php?rest_route=\/wp\/v2\/posts\/64153"}],"collection":[{"href":"http:\/\/16lo.tarman.pl\/index.php?rest_route=\/wp\/v2\/posts"}],"about":[{"href":"http:\/\/16lo.tarman.pl\/index.php?rest_route=\/wp\/v2\/types\/post"}],"author":[{"embeddable":true,"href":"http:\/\/16lo.tarman.pl\/index.php?rest_route=\/wp\/v2\/users\/1"}],"replies":[{"embeddable":true,"href":"http:\/\/16lo.tarman.pl\/index.php?rest_route=%2Fwp%2Fv2%2Fcomments&post=64153"}],"version-history":[{"count":1,"href":"http:\/\/16lo.tarman.pl\/index.php?rest_route=\/wp\/v2\/posts\/64153\/revisions"}],"predecessor-version":[{"id":64165,"href":"http:\/\/16lo.tarman.pl\/index.php?rest_route=\/wp\/v2\/posts\/64153\/revisions\/64165"}],"wp:featuredmedia":[{"embeddable":true,"href":"http:\/\/16lo.tarman.pl\/index.php?rest_route=\/wp\/v2\/media\/64124"}],"wp:attachment":[{"href":"http:\/\/16lo.tarman.pl\/index.php?rest_route=%2Fwp%2Fv2%2Fmedia&parent=64153"}],"wp:term":[{"taxonomy":"category","embeddable":true,"href":"http:\/\/16lo.tarman.pl\/index.php?rest_route=%2Fwp%2Fv2%2Fcategories&post=64153"},{"taxonomy":"post_tag","embeddable":true,"href":"http:\/\/16lo.tarman.pl\/index.php?rest_route=%2Fwp%2Fv2%2Ftags&post=64153"}],"curies":[{"name":"wp","href":"https:\/\/api.w.org\/{rel}","templated":true}]}}