{"id":63968,"date":"2020-11-25T06:11:07","date_gmt":"2020-11-25T06:11:07","guid":{"rendered":"http:\/\/16lo.tarman.pl\/?p=63968"},"modified":"2020-11-25T06:11:07","modified_gmt":"2020-11-25T06:11:07","slug":"malopolska-noc-naukowcow-w-bg-up-27-listopada-2020-r","status":"publish","type":"post","link":"http:\/\/16lo.tarman.pl\/?p=63968","title":{"rendered":"Ma\u0142opolska Noc Naukowc\u00f3w w BG UP (27 listopada 2020 r.)"},"content":{"rendered":"\n<p><strong>W pi\u0105tek 27 listopada<\/strong>&nbsp;odb\u0119dzie si\u0119&nbsp;<strong>kolejna edycja Ma\u0142opolskiej Nocy Naukowc\u00f3w<\/strong>, w kt\u00f3rej uczestniczy r\u00f3wnie\u017c Biblioteka G\u0142\u00f3wna UP. Ze wzgl\u0119du na pandemi\u0119&nbsp;<strong>ca\u0142e wydarzenie zostanie zrealizowane online.<\/strong><\/p>\n<p>Biblioteka G\u0142\u00f3wna zaprasza&nbsp;do udzia\u0142u w quizie literackim na temat wiedzy o ksi\u0105\u017cce i bibliotece od czas\u00f3w staro\u017cytnych do wsp\u00f3\u0142czesno\u015bci.&nbsp;<strong>Quiz pt.&nbsp;<em>Biblioteka i ksi\u0105\u017cka \u2013 teleturniej wiedzy<\/em>&nbsp;przeznaczony jest dla uczni\u00f3w szk\u00f3\u0142 \u015brednich, student\u00f3w oraz dla innych zainteresowanych os\u00f3b<\/strong>. B\u0119dzie on dost\u0119pny&nbsp;<strong>na platformie Wordwall<\/strong>&nbsp;<strong>27 listopada w godz. 16:00-22:00.<\/strong><\/p>\n<p><strong>Rejestracja uczestnik\u00f3w rozpocz\u0119\u0142a si\u0119 18 listopada<\/strong>. Zarejestrowane osoby otrzymaj\u0105 szczeg\u00f3\u0142owe informacje dotycz\u0105ce uczestnictwa w wydarzeniu.&nbsp;<strong>Zg\u0142oszenia prosimy przysy\u0142a\u0107 na adres e-mailowy: ewa.piotrowska@up.krakow.pl<\/strong><\/p>\n<p><strong>Ilo\u015b\u0107 miejsc ograniczona (50 uczestnik\u00f3w)<\/strong>. Na osoby, kt\u00f3re&nbsp;zdob\u0119d\u0105 najwi\u0119ksz\u0105 liczb\u0119 punkt\u00f3w,&nbsp;<strong>czekaj\u0105 atrakcyjne nagrody<\/strong>.<\/p>\n","protected":false},"excerpt":{"rendered":"<p>W pi\u0105tek 27 listopada&nbsp;odb\u0119dzie si\u0119&nbsp;kolejna edycja Ma\u0142opolskiej Nocy Naukowc\u00f3w, w kt\u00f3rej uczestniczy r\u00f3wnie\u017c Biblioteka G\u0142\u00f3wna [&#8230;]<\/p>\n","protected":false},"author":1,"featured_media":63969,"comment_status":"closed","ping_status":"closed","sticky":false,"template":"","format":"standard","meta":{"ngg_post_thumbnail":0},"categories":[387,361],"tags":[],"_links":{"self":[{"href":"http:\/\/16lo.tarman.pl\/index.php?rest_route=\/wp\/v2\/posts\/63968"}],"collection":[{"href":"http:\/\/16lo.tarman.pl\/index.php?rest_route=\/wp\/v2\/posts"}],"about":[{"href":"http:\/\/16lo.tarman.pl\/index.php?rest_route=\/wp\/v2\/types\/post"}],"author":[{"embeddable":true,"href":"http:\/\/16lo.tarman.pl\/index.php?rest_route=\/wp\/v2\/users\/1"}],"replies":[{"embeddable":true,"href":"http:\/\/16lo.tarman.pl\/index.php?rest_route=%2Fwp%2Fv2%2Fcomments&post=63968"}],"version-history":[{"count":1,"href":"http:\/\/16lo.tarman.pl\/index.php?rest_route=\/wp\/v2\/posts\/63968\/revisions"}],"predecessor-version":[{"id":63970,"href":"http:\/\/16lo.tarman.pl\/index.php?rest_route=\/wp\/v2\/posts\/63968\/revisions\/63970"}],"wp:featuredmedia":[{"embeddable":true,"href":"http:\/\/16lo.tarman.pl\/index.php?rest_route=\/wp\/v2\/media\/63969"}],"wp:attachment":[{"href":"http:\/\/16lo.tarman.pl\/index.php?rest_route=%2Fwp%2Fv2%2Fmedia&parent=63968"}],"wp:term":[{"taxonomy":"category","embeddable":true,"href":"http:\/\/16lo.tarman.pl\/index.php?rest_route=%2Fwp%2Fv2%2Fcategories&post=63968"},{"taxonomy":"post_tag","embeddable":true,"href":"http:\/\/16lo.tarman.pl\/index.php?rest_route=%2Fwp%2Fv2%2Ftags&post=63968"}],"curies":[{"name":"wp","href":"https:\/\/api.w.org\/{rel}","templated":true}]}}