{"id":63948,"date":"2020-11-11T22:42:25","date_gmt":"2020-11-11T22:42:25","guid":{"rendered":"http:\/\/16lo.tarman.pl\/?p=63948"},"modified":"2020-11-11T22:42:25","modified_gmt":"2020-11-11T22:42:25","slug":"swieto-niepodleglosci","status":"publish","type":"post","link":"http:\/\/16lo.tarman.pl\/?p=63948","title":{"rendered":"\u015awi\u0119to Niepodleg\u0142o\u015bci"},"content":{"rendered":"\n<div dir=\"auto\">11 listopada przypada \u015awi\u0119to Odzyskania Niepodleg\u0142o\u015bci po 123 latach niewoli. Dzie\u0144 ten jest obchodzony jako \u015bwi\u0119to pa\u0144stwowe od roku 1937. Po II wojnie komuni\u015bci ustanowili 22 lipca jako \u015awi\u0119to Odrodzenia Pa\u0144stwa Polskiego. 11 listopad obchodzony by\u0142 nielegalnie przez wielu Polak\u00f3w. Do \u015bwi\u0119towania tego dnia wr\u00f3cono po obaleniu komunizmu i tak jest do dzisiaj. Warto pami\u0119ta\u0107, \u017ce jest to data symboliczna \u2013 11 listopada 1918 \u2013 mia\u0142o miejsce podpisanie rozejmu w Compiegne, kt\u00f3ry zako\u0144czy\u0142 dzia\u0142ania wojenne Wielkiej Wojny. Dzie\u0144 wcze\u015bniej przyjecha\u0142 do Warszawy J\u00f3zef Pi\u0142sudski z wi\u0119zienia w Magdeburgu, a 11 listopada przekazano mu w\u0142adz\u0119 wojskow\u0105 i naczelne dow\u00f3dztwo wojsk polskich. By\u0142 to pocz\u0105tek drogi do niepodleg\u0142o\u015bci.<\/div>\n<div dir=\"auto\">Dzi\u0119kujemy za odpowied\u017a uczni\u00f3w na nasz\u0105 pro\u015bb\u0119 i przes\u0142anie zdj\u0119cia flagi zawieszonej w tym szczeg\u00f3lnym i wa\u017cnym dla nas Polak\u00f3w dniu dla Julii Bratko, Eweliny Laski, Emilii Dajtrowskiej, Marioli Plebanek, Magdaleny Burzy, Darii Radzik, Julii Czy\u017c, Patrycji Papugi, Wiktorii P\u0119kali, Julii Szel\u0105g i Klaudii S\u0142owik.<\/div>\n<div dir=\"auto\">&nbsp;<\/div>\n<div dir=\"auto\"><img decoding=\"async\" loading=\"lazy\" class=\"aligncenter size-large wp-image-63949\" src=\"http:\/\/16lo.tarman.pl\/wp-content\/uploads\/2020\/11\/pl2-1024x724.jpg\" alt=\"\" width=\"860\" height=\"608\" srcset=\"http:\/\/16lo.tarman.pl\/wp-content\/uploads\/2020\/11\/pl2-1024x724.jpg 1024w, http:\/\/16lo.tarman.pl\/wp-content\/uploads\/2020\/11\/pl2-300x212.jpg 300w, http:\/\/16lo.tarman.pl\/wp-content\/uploads\/2020\/11\/pl2-768x543.jpg 768w, http:\/\/16lo.tarman.pl\/wp-content\/uploads\/2020\/11\/pl2.jpg 1920w\" sizes=\"(max-width: 860px) 100vw, 860px\" \/><\/div>\n","protected":false},"excerpt":{"rendered":"<p>11 listopada przypada \u015awi\u0119to Odzyskania Niepodleg\u0142o\u015bci po 123 latach niewoli. Dzie\u0144 ten jest obchodzony jako [&#8230;]<\/p>\n","protected":false},"author":1,"featured_media":63950,"comment_status":"closed","ping_status":"closed","sticky":false,"template":"","format":"standard","meta":{"ngg_post_thumbnail":0},"categories":[1],"tags":[],"_links":{"self":[{"href":"http:\/\/16lo.tarman.pl\/index.php?rest_route=\/wp\/v2\/posts\/63948"}],"collection":[{"href":"http:\/\/16lo.tarman.pl\/index.php?rest_route=\/wp\/v2\/posts"}],"about":[{"href":"http:\/\/16lo.tarman.pl\/index.php?rest_route=\/wp\/v2\/types\/post"}],"author":[{"embeddable":true,"href":"http:\/\/16lo.tarman.pl\/index.php?rest_route=\/wp\/v2\/users\/1"}],"replies":[{"embeddable":true,"href":"http:\/\/16lo.tarman.pl\/index.php?rest_route=%2Fwp%2Fv2%2Fcomments&post=63948"}],"version-history":[{"count":1,"href":"http:\/\/16lo.tarman.pl\/index.php?rest_route=\/wp\/v2\/posts\/63948\/revisions"}],"predecessor-version":[{"id":63951,"href":"http:\/\/16lo.tarman.pl\/index.php?rest_route=\/wp\/v2\/posts\/63948\/revisions\/63951"}],"wp:featuredmedia":[{"embeddable":true,"href":"http:\/\/16lo.tarman.pl\/index.php?rest_route=\/wp\/v2\/media\/63950"}],"wp:attachment":[{"href":"http:\/\/16lo.tarman.pl\/index.php?rest_route=%2Fwp%2Fv2%2Fmedia&parent=63948"}],"wp:term":[{"taxonomy":"category","embeddable":true,"href":"http:\/\/16lo.tarman.pl\/index.php?rest_route=%2Fwp%2Fv2%2Fcategories&post=63948"},{"taxonomy":"post_tag","embeddable":true,"href":"http:\/\/16lo.tarman.pl\/index.php?rest_route=%2Fwp%2Fv2%2Ftags&post=63948"}],"curies":[{"name":"wp","href":"https:\/\/api.w.org\/{rel}","templated":true}]}}