{"id":63858,"date":"2020-10-08T11:02:04","date_gmt":"2020-10-08T11:02:04","guid":{"rendered":"http:\/\/16lo.tarman.pl\/?p=63858"},"modified":"2020-10-11T14:44:07","modified_gmt":"2020-10-11T14:44:07","slug":"tegorocznym-prymusem-tarnowa-zostal-jakub-kolodziej-z-klasy-2dg","status":"publish","type":"post","link":"http:\/\/16lo.tarman.pl\/?p=63858","title":{"rendered":"Tegorocznym \u201ePrymusem Tarnowa\u201d zosta\u0142 Jakub Ko\u0142odziej z klasy 2Dg"},"content":{"rendered":"\n<p style=\"font-weight: 400;\">Jakub jest uczniem grupy po\u017carniczej.<\/p>\n<p style=\"font-weight: 400;\">W poprzednim roku szkolnym uzyska\u0142 wspania\u0142e wyniki w nauczaniu osi\u0105gaj\u0105c &nbsp;\u015bredni\u0105 5,35.<\/p>\n<p style=\"font-weight: 400;\">Jakub interesuje si\u0119 sportem, grami komputerowymi, jak &nbsp;r\u00f3wnie\u017c wykazuje zdolno\u015bci lingwistyczne.<\/p>\n<p style=\"font-weight: 400;\">Jest uczniem zaanga\u017cowanym w prac\u0119 na rzecz szko\u0142y i odznacza si\u0119 wzorow\u0105&nbsp; postaw\u0105 uczniowsk\u0105. Stara si\u0119 by\u0107&nbsp; pomocny i zawsze wywi\u0105zuje si\u0119 z powierzonych mu obowi\u0105zk\u00f3w.<\/p>\n<p style=\"font-weight: 400;\">Gratulujemy Jakubowi Ko\u0142odziejowi uzyskania honorowego tytu\u0142u Prymusa Tarnowa!<\/p>\n<p style=\"font-weight: 400;\">\u017byczymy dalszych sukces\u00f3w!<\/p>\n<p><img decoding=\"async\" loading=\"lazy\" class=\"aligncenter size-full wp-image-63859\" src=\"http:\/\/16lo.tarman.pl\/wp-content\/uploads\/2020\/10\/Przechwytywanie-2.jpg\" alt=\"\" width=\"458\" height=\"596\" srcset=\"http:\/\/16lo.tarman.pl\/wp-content\/uploads\/2020\/10\/Przechwytywanie-2.jpg 458w, http:\/\/16lo.tarman.pl\/wp-content\/uploads\/2020\/10\/Przechwytywanie-2-231x300.jpg 231w\" sizes=\"(max-width: 458px) 100vw, 458px\" \/><\/p>\n","protected":false},"excerpt":{"rendered":"<p>Jakub jest uczniem grupy po\u017carniczej. W poprzednim roku szkolnym uzyska\u0142 wspania\u0142e wyniki w nauczaniu osi\u0105gaj\u0105c [&#8230;]<\/p>\n","protected":false},"author":1,"featured_media":63860,"comment_status":"closed","ping_status":"closed","sticky":false,"template":"","format":"standard","meta":{"ngg_post_thumbnail":0},"categories":[1,85],"tags":[],"_links":{"self":[{"href":"http:\/\/16lo.tarman.pl\/index.php?rest_route=\/wp\/v2\/posts\/63858"}],"collection":[{"href":"http:\/\/16lo.tarman.pl\/index.php?rest_route=\/wp\/v2\/posts"}],"about":[{"href":"http:\/\/16lo.tarman.pl\/index.php?rest_route=\/wp\/v2\/types\/post"}],"author":[{"embeddable":true,"href":"http:\/\/16lo.tarman.pl\/index.php?rest_route=\/wp\/v2\/users\/1"}],"replies":[{"embeddable":true,"href":"http:\/\/16lo.tarman.pl\/index.php?rest_route=%2Fwp%2Fv2%2Fcomments&post=63858"}],"version-history":[{"count":1,"href":"http:\/\/16lo.tarman.pl\/index.php?rest_route=\/wp\/v2\/posts\/63858\/revisions"}],"predecessor-version":[{"id":63861,"href":"http:\/\/16lo.tarman.pl\/index.php?rest_route=\/wp\/v2\/posts\/63858\/revisions\/63861"}],"wp:featuredmedia":[{"embeddable":true,"href":"http:\/\/16lo.tarman.pl\/index.php?rest_route=\/wp\/v2\/media\/63860"}],"wp:attachment":[{"href":"http:\/\/16lo.tarman.pl\/index.php?rest_route=%2Fwp%2Fv2%2Fmedia&parent=63858"}],"wp:term":[{"taxonomy":"category","embeddable":true,"href":"http:\/\/16lo.tarman.pl\/index.php?rest_route=%2Fwp%2Fv2%2Fcategories&post=63858"},{"taxonomy":"post_tag","embeddable":true,"href":"http:\/\/16lo.tarman.pl\/index.php?rest_route=%2Fwp%2Fv2%2Ftags&post=63858"}],"curies":[{"name":"wp","href":"https:\/\/api.w.org\/{rel}","templated":true}]}}