{"id":63740,"date":"2020-09-20T06:00:33","date_gmt":"2020-09-20T06:00:33","guid":{"rendered":"http:\/\/16lo.tarman.pl\/?p=63740"},"modified":"2024-06-04T11:33:34","modified_gmt":"2024-06-04T11:33:34","slug":"rajd-na-jamna-2020","status":"publish","type":"post","link":"http:\/\/16lo.tarman.pl\/?p=63740","title":{"rendered":"SZLAKIEM JAMNEJ\u2026"},"content":{"rendered":"\n<p>Jesienny rajd na Jamn\u0105 to wa\u017cne wydarzenie w \u017cyciu naszej szko\u0142y. Ze wzgl\u0119du na samego patrona XVI LO, czyli Armi\u0119 Krajow\u0105, szlak walk batalionu AK&nbsp; \u201eBarbara\u201d wywo\u0142uje czysto patriotyczne uczucia. To tutaj \u017co\u0142nierze naszego regionu walczyli o wolno\u015b\u0107 i niepodleg\u0142o\u015b\u0107- tak\u017ce nasz\u0105.&nbsp;<\/p>\n<p>Pierwszy rajd szlakami walk partyzanckich batalionu AK &#8222;Barbara&#8221; si\u0119 w &nbsp;1983 roku. Wszystkie trasy ko\u0144czy\u0142y si\u0119 na wzg\u00f3rzu Jamna, gdzie odbywa\u0142o si\u0119 spotkanie uczestnik\u00f3w obok pomnika poleg\u0142ych partyzant\u00f3w AK. Przy ognisku rozmawiano z dawnymi \u017co\u0142nierzami.<\/p>\n<p>R\u00f3wnie\u017c w tym roku w uroczysto\u015bciach na wzg\u00f3rzu wzi\u0119\u0142a udzia\u0142 nasza m\u0142odzie\u017c dumnie w r\u0119kach dzier\u017c\u0105c&nbsp; sztandar Armii Krajowej. Pami\u0119tamy !<\/p>\n\n\n\n\n\n<div class=\"ngg-galleryoverview ngg-slideshow\"\n\t id=\"ngg-slideshow-23ad15e6eaf395c522ef3a9eff0d3b1b-2940757620\"\n     data-gallery-id=\"23ad15e6eaf395c522ef3a9eff0d3b1b\"\n     style=\"max-width: 600px; max-height: 400px;\">\n\n \t<div id=\"ngg-image-0\" class=\"ngg-gallery-slideshow-image\" style=\"height:400px\">\n\n        <a href=\"http:\/\/16lo.tarman.pl\/wp-content\/gallery\/rajd-na-jamna-2020\/119841091_3462529383806152_4895141914764024315_o.jpg\"\n           title=\"\"\n           data-src=\"http:\/\/16lo.tarman.pl\/wp-content\/gallery\/rajd-na-jamna-2020\/119841091_3462529383806152_4895141914764024315_o.jpg\"\n           data-thumbnail=\"http:\/\/16lo.tarman.pl\/wp-content\/gallery\/rajd-na-jamna-2020\/thumbs\/thumbs_119841091_3462529383806152_4895141914764024315_o.jpg\"\n           data-image-id=\"45790\"\n           data-title=\"119841091_3462529383806152_4895141914764024315_o\"\n           data-description=\"\"\n           class='thickbox' rel='23ad15e6eaf395c522ef3a9eff0d3b1b'>\n\n            <img data-image-id='45790'\n                 title=\"\"\n                 alt=\"119841091_3462529383806152_4895141914764024315_o\"\n                 src=\"http:\/\/16lo.tarman.pl\/wp-content\/gallery\/rajd-na-jamna-2020\/119841091_3462529383806152_4895141914764024315_o.jpg\"\n                 style=\"max-height: 380px;\"\/>\n        <\/a>\n\n        <\/div> \n<div id=\"ngg-image-1\" class=\"ngg-gallery-slideshow-image\" style=\"height:400px\">\n\n        <a href=\"http:\/\/16lo.tarman.pl\/wp-content\/gallery\/rajd-na-jamna-2020\/119900125_3462530953805995_252969409029806050_o.jpg\"\n           title=\"\"\n           data-src=\"http:\/\/16lo.tarman.pl\/wp-content\/gallery\/rajd-na-jamna-2020\/119900125_3462530953805995_252969409029806050_o.jpg\"\n           data-thumbnail=\"http:\/\/16lo.tarman.pl\/wp-content\/gallery\/rajd-na-jamna-2020\/thumbs\/thumbs_119900125_3462530953805995_252969409029806050_o.jpg\"\n           data-image-id=\"45791\"\n           data-title=\"119900125_3462530953805995_252969409029806050_o\"\n           data-description=\"\"\n           class='thickbox' rel='23ad15e6eaf395c522ef3a9eff0d3b1b'>\n\n            <img data-image-id='45791'\n                 title=\"\"\n                 alt=\"119900125_3462530953805995_252969409029806050_o\"\n                 src=\"http:\/\/16lo.tarman.pl\/wp-content\/gallery\/rajd-na-jamna-2020\/119900125_3462530953805995_252969409029806050_o.jpg\"\n                 style=\"max-height: 380px;\"\/>\n        <\/a>\n\n        <\/div> \n<div id=\"ngg-image-2\" class=\"ngg-gallery-slideshow-image\" style=\"height:400px\">\n\n        <a href=\"http:\/\/16lo.tarman.pl\/wp-content\/gallery\/rajd-na-jamna-2020\/119935378_3462529693806121_7984875528312111121_o.jpg\"\n           title=\"\"\n           data-src=\"http:\/\/16lo.tarman.pl\/wp-content\/gallery\/rajd-na-jamna-2020\/119935378_3462529693806121_7984875528312111121_o.jpg\"\n           data-thumbnail=\"http:\/\/16lo.tarman.pl\/wp-content\/gallery\/rajd-na-jamna-2020\/thumbs\/thumbs_119935378_3462529693806121_7984875528312111121_o.jpg\"\n           data-image-id=\"45792\"\n           data-title=\"119935378_3462529693806121_7984875528312111121_o\"\n           data-description=\"\"\n           class='thickbox' rel='23ad15e6eaf395c522ef3a9eff0d3b1b'>\n\n            <img data-image-id='45792'\n                 title=\"\"\n                 alt=\"119935378_3462529693806121_7984875528312111121_o\"\n                 src=\"http:\/\/16lo.tarman.pl\/wp-content\/gallery\/rajd-na-jamna-2020\/119935378_3462529693806121_7984875528312111121_o.jpg\"\n                 style=\"max-height: 380px;\"\/>\n        <\/a>\n\n        <\/div> \n<div id=\"ngg-image-3\" class=\"ngg-gallery-slideshow-image\" style=\"height:400px\">\n\n        <a href=\"http:\/\/16lo.tarman.pl\/wp-content\/gallery\/rajd-na-jamna-2020\/119939462_3462529673806123_2696671222190848542_o.jpg\"\n           title=\"\"\n           data-src=\"http:\/\/16lo.tarman.pl\/wp-content\/gallery\/rajd-na-jamna-2020\/119939462_3462529673806123_2696671222190848542_o.jpg\"\n           data-thumbnail=\"http:\/\/16lo.tarman.pl\/wp-content\/gallery\/rajd-na-jamna-2020\/thumbs\/thumbs_119939462_3462529673806123_2696671222190848542_o.jpg\"\n           data-image-id=\"45793\"\n           data-title=\"119939462_3462529673806123_2696671222190848542_o\"\n           data-description=\"\"\n           class='thickbox' rel='23ad15e6eaf395c522ef3a9eff0d3b1b'>\n\n            <img data-image-id='45793'\n                 title=\"\"\n                 alt=\"119939462_3462529673806123_2696671222190848542_o\"\n                 src=\"http:\/\/16lo.tarman.pl\/wp-content\/gallery\/rajd-na-jamna-2020\/119939462_3462529673806123_2696671222190848542_o.jpg\"\n                 style=\"max-height: 380px;\"\/>\n        <\/a>\n\n        <\/div> \n<div id=\"ngg-image-4\" class=\"ngg-gallery-slideshow-image\" style=\"height:400px\">\n\n        <a href=\"http:\/\/16lo.tarman.pl\/wp-content\/gallery\/rajd-na-jamna-2020\/119942533_3462530210472736_4846299226158378425_o.jpg\"\n           title=\"\"\n           data-src=\"http:\/\/16lo.tarman.pl\/wp-content\/gallery\/rajd-na-jamna-2020\/119942533_3462530210472736_4846299226158378425_o.jpg\"\n           data-thumbnail=\"http:\/\/16lo.tarman.pl\/wp-content\/gallery\/rajd-na-jamna-2020\/thumbs\/thumbs_119942533_3462530210472736_4846299226158378425_o.jpg\"\n           data-image-id=\"45794\"\n           data-title=\"119942533_3462530210472736_4846299226158378425_o\"\n           data-description=\"\"\n           class='thickbox' rel='23ad15e6eaf395c522ef3a9eff0d3b1b'>\n\n            <img data-image-id='45794'\n                 title=\"\"\n                 alt=\"119942533_3462530210472736_4846299226158378425_o\"\n                 src=\"http:\/\/16lo.tarman.pl\/wp-content\/gallery\/rajd-na-jamna-2020\/119942533_3462530210472736_4846299226158378425_o.jpg\"\n                 style=\"max-height: 380px;\"\/>\n        <\/a>\n\n        <\/div> \n<div id=\"ngg-image-5\" class=\"ngg-gallery-slideshow-image\" style=\"height:400px\">\n\n        <a href=\"http:\/\/16lo.tarman.pl\/wp-content\/gallery\/rajd-na-jamna-2020\/119943303_3462530153806075_3757228698236116802_o.jpg\"\n           title=\"\"\n           data-src=\"http:\/\/16lo.tarman.pl\/wp-content\/gallery\/rajd-na-jamna-2020\/119943303_3462530153806075_3757228698236116802_o.jpg\"\n           data-thumbnail=\"http:\/\/16lo.tarman.pl\/wp-content\/gallery\/rajd-na-jamna-2020\/thumbs\/thumbs_119943303_3462530153806075_3757228698236116802_o.jpg\"\n           data-image-id=\"45795\"\n           data-title=\"119943303_3462530153806075_3757228698236116802_o\"\n           data-description=\"\"\n           class='thickbox' rel='23ad15e6eaf395c522ef3a9eff0d3b1b'>\n\n            <img data-image-id='45795'\n                 title=\"\"\n                 alt=\"119943303_3462530153806075_3757228698236116802_o\"\n                 src=\"http:\/\/16lo.tarman.pl\/wp-content\/gallery\/rajd-na-jamna-2020\/119943303_3462530153806075_3757228698236116802_o.jpg\"\n                 style=\"max-height: 380px;\"\/>\n        <\/a>\n\n        <\/div> \n<div id=\"ngg-image-6\" class=\"ngg-gallery-slideshow-image\" style=\"height:400px\">\n\n        <a href=\"http:\/\/16lo.tarman.pl\/wp-content\/gallery\/rajd-na-jamna-2020\/119950988_3462529703806120_9194000498809048768_o.jpg\"\n           title=\"\"\n           data-src=\"http:\/\/16lo.tarman.pl\/wp-content\/gallery\/rajd-na-jamna-2020\/119950988_3462529703806120_9194000498809048768_o.jpg\"\n           data-thumbnail=\"http:\/\/16lo.tarman.pl\/wp-content\/gallery\/rajd-na-jamna-2020\/thumbs\/thumbs_119950988_3462529703806120_9194000498809048768_o.jpg\"\n           data-image-id=\"45796\"\n           data-title=\"119950988_3462529703806120_9194000498809048768_o\"\n           data-description=\"\"\n           class='thickbox' rel='23ad15e6eaf395c522ef3a9eff0d3b1b'>\n\n            <img data-image-id='45796'\n                 title=\"\"\n                 alt=\"119950988_3462529703806120_9194000498809048768_o\"\n                 src=\"http:\/\/16lo.tarman.pl\/wp-content\/gallery\/rajd-na-jamna-2020\/119950988_3462529703806120_9194000498809048768_o.jpg\"\n                 style=\"max-height: 380px;\"\/>\n        <\/a>\n\n        <\/div> \n<div id=\"ngg-image-7\" class=\"ngg-gallery-slideshow-image\" style=\"height:400px\">\n\n        <a href=\"http:\/\/16lo.tarman.pl\/wp-content\/gallery\/rajd-na-jamna-2020\/119951622_3462530677139356_5965062439931563744_o.jpg\"\n           title=\"\"\n           data-src=\"http:\/\/16lo.tarman.pl\/wp-content\/gallery\/rajd-na-jamna-2020\/119951622_3462530677139356_5965062439931563744_o.jpg\"\n           data-thumbnail=\"http:\/\/16lo.tarman.pl\/wp-content\/gallery\/rajd-na-jamna-2020\/thumbs\/thumbs_119951622_3462530677139356_5965062439931563744_o.jpg\"\n           data-image-id=\"45797\"\n           data-title=\"119951622_3462530677139356_5965062439931563744_o\"\n           data-description=\"\"\n           class='thickbox' rel='23ad15e6eaf395c522ef3a9eff0d3b1b'>\n\n            <img data-image-id='45797'\n                 title=\"\"\n                 alt=\"119951622_3462530677139356_5965062439931563744_o\"\n                 src=\"http:\/\/16lo.tarman.pl\/wp-content\/gallery\/rajd-na-jamna-2020\/119951622_3462530677139356_5965062439931563744_o.jpg\"\n                 style=\"max-height: 380px;\"\/>\n        <\/a>\n\n        <\/div> \n<div id=\"ngg-image-8\" class=\"ngg-gallery-slideshow-image\" style=\"height:400px\">\n\n        <a href=\"http:\/\/16lo.tarman.pl\/wp-content\/gallery\/rajd-na-jamna-2020\/119970450_3462530197139404_5000728778376468526_o.jpg\"\n           title=\"\"\n           data-src=\"http:\/\/16lo.tarman.pl\/wp-content\/gallery\/rajd-na-jamna-2020\/119970450_3462530197139404_5000728778376468526_o.jpg\"\n           data-thumbnail=\"http:\/\/16lo.tarman.pl\/wp-content\/gallery\/rajd-na-jamna-2020\/thumbs\/thumbs_119970450_3462530197139404_5000728778376468526_o.jpg\"\n           data-image-id=\"45798\"\n           data-title=\"119970450_3462530197139404_5000728778376468526_o\"\n           data-description=\"\"\n           class='thickbox' rel='23ad15e6eaf395c522ef3a9eff0d3b1b'>\n\n            <img data-image-id='45798'\n                 title=\"\"\n                 alt=\"119970450_3462530197139404_5000728778376468526_o\"\n                 src=\"http:\/\/16lo.tarman.pl\/wp-content\/gallery\/rajd-na-jamna-2020\/119970450_3462530197139404_5000728778376468526_o.jpg\"\n                 style=\"max-height: 380px;\"\/>\n        <\/a>\n\n        <\/div> \n<div id=\"ngg-image-9\" class=\"ngg-gallery-slideshow-image\" style=\"height:400px\">\n\n        <a href=\"http:\/\/16lo.tarman.pl\/wp-content\/gallery\/rajd-na-jamna-2020\/119995135_3462529387139485_4735849452516150628_o.jpg\"\n           title=\"\"\n           data-src=\"http:\/\/16lo.tarman.pl\/wp-content\/gallery\/rajd-na-jamna-2020\/119995135_3462529387139485_4735849452516150628_o.jpg\"\n           data-thumbnail=\"http:\/\/16lo.tarman.pl\/wp-content\/gallery\/rajd-na-jamna-2020\/thumbs\/thumbs_119995135_3462529387139485_4735849452516150628_o.jpg\"\n           data-image-id=\"45799\"\n           data-title=\"119995135_3462529387139485_4735849452516150628_o\"\n           data-description=\"\"\n           class='thickbox' rel='23ad15e6eaf395c522ef3a9eff0d3b1b'>\n\n            <img data-image-id='45799'\n                 title=\"\"\n                 alt=\"119995135_3462529387139485_4735849452516150628_o\"\n                 src=\"http:\/\/16lo.tarman.pl\/wp-content\/gallery\/rajd-na-jamna-2020\/119995135_3462529387139485_4735849452516150628_o.jpg\"\n                 style=\"max-height: 380px;\"\/>\n        <\/a>\n\n        <\/div> \n<\/div>\n\n\n\n\n","protected":false},"excerpt":{"rendered":"<p>Jesienny rajd na Jamn\u0105 to wa\u017cne wydarzenie w \u017cyciu naszej szko\u0142y. Ze wzgl\u0119du na samego [&#8230;]<\/p>\n","protected":false},"author":1,"featured_media":63755,"comment_status":"closed","ping_status":"closed","sticky":false,"template":"","format":"standard","meta":{"ngg_post_thumbnail":0},"categories":[1,332,384,448],"tags":[],"_links":{"self":[{"href":"http:\/\/16lo.tarman.pl\/index.php?rest_route=\/wp\/v2\/posts\/63740"}],"collection":[{"href":"http:\/\/16lo.tarman.pl\/index.php?rest_route=\/wp\/v2\/posts"}],"about":[{"href":"http:\/\/16lo.tarman.pl\/index.php?rest_route=\/wp\/v2\/types\/post"}],"author":[{"embeddable":true,"href":"http:\/\/16lo.tarman.pl\/index.php?rest_route=\/wp\/v2\/users\/1"}],"replies":[{"embeddable":true,"href":"http:\/\/16lo.tarman.pl\/index.php?rest_route=%2Fwp%2Fv2%2Fcomments&post=63740"}],"version-history":[{"count":11,"href":"http:\/\/16lo.tarman.pl\/index.php?rest_route=\/wp\/v2\/posts\/63740\/revisions"}],"predecessor-version":[{"id":63844,"href":"http:\/\/16lo.tarman.pl\/index.php?rest_route=\/wp\/v2\/posts\/63740\/revisions\/63844"}],"wp:featuredmedia":[{"embeddable":true,"href":"http:\/\/16lo.tarman.pl\/index.php?rest_route=\/wp\/v2\/media\/63755"}],"wp:attachment":[{"href":"http:\/\/16lo.tarman.pl\/index.php?rest_route=%2Fwp%2Fv2%2Fmedia&parent=63740"}],"wp:term":[{"taxonomy":"category","embeddable":true,"href":"http:\/\/16lo.tarman.pl\/index.php?rest_route=%2Fwp%2Fv2%2Fcategories&post=63740"},{"taxonomy":"post_tag","embeddable":true,"href":"http:\/\/16lo.tarman.pl\/index.php?rest_route=%2Fwp%2Fv2%2Ftags&post=63740"}],"curies":[{"name":"wp","href":"https:\/\/api.w.org\/{rel}","templated":true}]}}