{"id":63394,"date":"2020-07-13T21:12:23","date_gmt":"2020-07-13T21:12:23","guid":{"rendered":"http:\/\/16lo.tarman.pl\/?p=63394"},"modified":"2020-07-13T21:12:27","modified_gmt":"2020-07-13T21:12:27","slug":"setne-urodziny-plka-zdzislawa-baszaka","status":"publish","type":"post","link":"http:\/\/16lo.tarman.pl\/?p=63394","title":{"rendered":"SETNE URODZINY p\u0142ka ZDZIS\u0141AWA BASZAKA"},"content":{"rendered":"\n<p>\u017bo\u0142nierze Armii Krajowej to chluba polskiej historii. Dla m\u0142odzie\u017cy &nbsp;XVI LO organizacja ta jest nie tylko patronem szko\u0142y, ale tak\u017ce drogowskazem \u017cyciowym. Przedstawiciele uczniowskiej spo\u0142eczno\u015bci uczestniczyli 8 lipca w uroczysto\u015bci setnych urodzin p\u0142ka Zdzis\u0142awa Baszaka. Ten wybitny \u017co\u0142nierz, cz\u0142onek 16. Pu\u0142ku Piechoty Ziemi Tarnowskiej jest ostatnim tarnowskim uczestnikiem Wojny Obronnej 1939r. Jako oficer Armii Krajowej uczestniczy\u0142 w s\u0142ynnej operacji \u201eMOST III\u201d. &nbsp;Z okazji jubileuszu p\u0142k Zdzis\u0142aw Baszak i go\u015bcie&nbsp;spotkali si\u0119 na Mszy \u015bw. w tarnowskiej katedrze, gdzie ks. pra\u0142. Zbigniew Guzy, kapelan \u015awiatowego Zwi\u0105zku \u017bo\u0142nierzy Armii Krajowej, kierowa\u0142 podzi\u0119kowania za oddanie w walce za ojczyzn\u0119.<\/p>\n<p>&nbsp;<\/p>\n<p>Zdj\u0119cie, \u017ar\u00f3d\u0142o: <a href=\"https:\/\/tarnow.pl\">https:\/\/tarnow.pl<\/a><\/p>\n<p>&nbsp;<\/p>\n","protected":false},"excerpt":{"rendered":"<p>\u017bo\u0142nierze Armii Krajowej to chluba polskiej historii. Dla m\u0142odzie\u017cy &nbsp;XVI LO organizacja ta jest nie [&#8230;]<\/p>\n","protected":false},"author":1,"featured_media":63395,"comment_status":"closed","ping_status":"closed","sticky":false,"template":"","format":"standard","meta":{"ngg_post_thumbnail":0},"categories":[378],"tags":[],"_links":{"self":[{"href":"http:\/\/16lo.tarman.pl\/index.php?rest_route=\/wp\/v2\/posts\/63394"}],"collection":[{"href":"http:\/\/16lo.tarman.pl\/index.php?rest_route=\/wp\/v2\/posts"}],"about":[{"href":"http:\/\/16lo.tarman.pl\/index.php?rest_route=\/wp\/v2\/types\/post"}],"author":[{"embeddable":true,"href":"http:\/\/16lo.tarman.pl\/index.php?rest_route=\/wp\/v2\/users\/1"}],"replies":[{"embeddable":true,"href":"http:\/\/16lo.tarman.pl\/index.php?rest_route=%2Fwp%2Fv2%2Fcomments&post=63394"}],"version-history":[{"count":1,"href":"http:\/\/16lo.tarman.pl\/index.php?rest_route=\/wp\/v2\/posts\/63394\/revisions"}],"predecessor-version":[{"id":63396,"href":"http:\/\/16lo.tarman.pl\/index.php?rest_route=\/wp\/v2\/posts\/63394\/revisions\/63396"}],"wp:featuredmedia":[{"embeddable":true,"href":"http:\/\/16lo.tarman.pl\/index.php?rest_route=\/wp\/v2\/media\/63395"}],"wp:attachment":[{"href":"http:\/\/16lo.tarman.pl\/index.php?rest_route=%2Fwp%2Fv2%2Fmedia&parent=63394"}],"wp:term":[{"taxonomy":"category","embeddable":true,"href":"http:\/\/16lo.tarman.pl\/index.php?rest_route=%2Fwp%2Fv2%2Fcategories&post=63394"},{"taxonomy":"post_tag","embeddable":true,"href":"http:\/\/16lo.tarman.pl\/index.php?rest_route=%2Fwp%2Fv2%2Ftags&post=63394"}],"curies":[{"name":"wp","href":"https:\/\/api.w.org\/{rel}","templated":true}]}}