{"id":63367,"date":"2020-06-26T16:44:14","date_gmt":"2020-06-26T16:44:14","guid":{"rendered":"http:\/\/16lo.tarman.pl\/?p=63367"},"modified":"2020-06-26T16:44:16","modified_gmt":"2020-06-26T16:44:16","slug":"zakonczenie-roku-szkolnego-7","status":"publish","type":"post","link":"http:\/\/16lo.tarman.pl\/?p=63367","title":{"rendered":"Zako\u0144czenie roku szkolnego"},"content":{"rendered":"\n<p><strong>Kolejny rok za nami\u2026<\/strong><\/p>\n<p>&nbsp;<\/p>\n<p>\u017begnamy kolejny rok szkolny- rok wyj\u0105tkowy, trudny, niespodziewany. Czasu jednak nie mo\u017cna zatrzyma\u0107 i nieub\u0142aganie stoimy u progu wakacji. Wyczekiwany przez wszystkich odpoczynek pozwoli nam z now\u0105 energi\u0105 we wrze\u015bniu zdobywa\u0107 wiedz\u0119.<\/p>\n<p>Ze wzgl\u0119du na trudn\u0105 sytuacj\u0119 &nbsp;epidemiologiczn\u0105 uroczyste zako\u0144czenie roku szkolnego 2019\/2020 odby\u0142o si\u0119 w formie on-line. W organizacji wydarzenia uczestniczyli cz\u0142onkowie szkolnego Ko\u0142a Teatralnego. Pan Dyrektor P.Dusza pogratulowa\u0142 uczniom z najlepszymi wynikami oraz og\u0142osi\u0142 zdobywc\u00f3w presti\u017cowych konkurs\u00f3w. Tytu\u0142 <strong>Primus Inter Pares<\/strong> (\u201e pierwszy w\u015br\u00f3d r\u00f3wnych sobie\u201d) ufundowany przez Stowarzyszenie Tarnowska Szesnastka otrzyma\u0142 ucze\u0144 klasy 3a <strong>Karol Micha\u0142ek.<\/strong><\/p>\n<p>&nbsp;&nbsp;&nbsp; Wszyscy wiemy, \u017ce oceny nie s\u0105 najwa\u017cniejsze. Bezcenne jest zaanga\u017cowanie w nauk\u0119, we w\u0142asny rozw\u00f3j oraz zainteresowania. Pragniemy dzi\u015b jednak pogratulowa\u0107 uczniom, kt\u00f3rzy ogromnym wysi\u0142kiem okupili wspania\u0142e wyniki na \u015bwiadectwie. Oto nazwiska najlepszych uczni\u00f3w XVI Liceum Og\u00f3lnokszta\u0142c\u0105cego w roku szkolnym 2019\/2020:<\/p>\n<p><br \/><strong>KLASA 1a<\/strong><\/p>\n<p>&#8211; Mateusz \u017baba 5.0<\/p>\n<p><strong>KLASA 1b<\/strong><\/p>\n<p>&#8211; Jagoda Kurek 5.0<\/p>\n<p>&#8211; Karolina Zieli\u0144ska 4.88<\/p>\n<p><strong>KLASA 1c<\/strong><\/p>\n<p>&#8211; Karina Kwoka 5.19<\/p>\n<p>&#8211; Klaudia S\u0142owik&nbsp; 5.19<\/p>\n<p>&#8211; Klaudia Sumara 4.94<\/p>\n<p>&#8211; Magdalena K\u0119dzior 4.75<\/p>\n<p><strong>KLASA 1d<\/strong><\/p>\n<p>&#8211; Kinga Sopala-5.06<\/p>\n<p>&#8211; Rygu\u0142a- 4.75<\/p>\n<p>&nbsp;<\/p>\n<p><strong>KLASA 1ag<\/strong><\/p>\n<p>&#8211; Filip Kraso\u0144 4.82<\/p>\n<p><strong>KLASA 1bg<\/strong><\/p>\n<p>-Agnieszka Tryba 5.0<\/p>\n<p>-Martyna Piotrowska 4.88<\/p>\n<p>&#8211; Laura Turlej 4.82<\/p>\n<p>-Nikoleta Szabla 4.76<\/p>\n<p>-Karolina Kaczmarczyk 4.76<\/p>\n<p><strong>KLASA &nbsp;1cg<\/strong><\/p>\n<p>&#8211; Wiktoria P\u0119kala 5.17<\/p>\n<p>&#8211; Marta Kuchta 5.0<\/p>\n<p>&#8211; Martyna Pilch 4.93<\/p>\n<p>-Wiktoria Gawlik 4.8<\/p>\n<p>-Magdalena Wilkosz 4.76<\/p>\n<p>&#8211; Gabriela Sak 4.76<\/p>\n<p><strong>KLASA 1dg<\/strong><\/p>\n<p>&#8211; Karolina Boruch 5.41<\/p>\n<p>-Jakub Ko\u0142odziej 5.35<\/p>\n<p>-Martyna P\u0142aczek &nbsp;5.18<\/p>\n<p>&nbsp;-Joanna Dziedzic &nbsp;5.12<\/p>\n<p>&#8211; Irena St\u0119posz 5.12<\/p>\n<p>&nbsp;<\/p>\n<p><strong>KLASA 2a<\/strong><\/p>\n<p>&#8211; Natalia Pi\u0119ta 4.89,<\/p>\n<p>-Martyna Budzik 4.89<\/p>\n<p>-Sylwia Tumidajska 4.89<\/p>\n<p><strong>KLASA 2b<\/strong><\/p>\n<p>&#8211; Aleksandra Wilk 4.8<\/p>\n<p><strong>KLASA 2c<\/strong><\/p>\n<p>&#8211; Patrycja Papuga 5.0<\/p>\n<p>-Zuzanna Ci\u0119ciwa 5.0<\/p>\n<p>&nbsp;<\/p>\n<p><strong>KLASA 3a<\/strong><\/p>\n<p>&#8211; Karol Micha\u0142ek 4,89<\/p>\n<p><strong>KLASA 3b<\/strong><\/p>\n<p><strong>&#8211;<\/strong> Jakub Haderla 5,11,<\/p>\n<p>-Krzysztof Onak 4,83,<\/p>\n<p>&nbsp;-Wiktoria Gadowska 4, 78<\/p>\n<p><strong>KLASA 3c<\/strong><\/p>\n<p>&#8211; Weronika Knapp 4,78<\/p>\n<p>-Magdalena&nbsp; Pi\u0119ta 4,79<\/p>\n<p>&#8211; Bart\u0142omiej Tarasek 4,78<\/p>\n","protected":false},"excerpt":{"rendered":"<p>Kolejny rok za nami\u2026 &nbsp; \u017begnamy kolejny rok szkolny- rok wyj\u0105tkowy, trudny, niespodziewany. Czasu jednak [&#8230;]<\/p>\n","protected":false},"author":1,"featured_media":63368,"comment_status":"closed","ping_status":"closed","sticky":false,"template":"","format":"standard","meta":{"ngg_post_thumbnail":0},"categories":[374],"tags":[],"_links":{"self":[{"href":"http:\/\/16lo.tarman.pl\/index.php?rest_route=\/wp\/v2\/posts\/63367"}],"collection":[{"href":"http:\/\/16lo.tarman.pl\/index.php?rest_route=\/wp\/v2\/posts"}],"about":[{"href":"http:\/\/16lo.tarman.pl\/index.php?rest_route=\/wp\/v2\/types\/post"}],"author":[{"embeddable":true,"href":"http:\/\/16lo.tarman.pl\/index.php?rest_route=\/wp\/v2\/users\/1"}],"replies":[{"embeddable":true,"href":"http:\/\/16lo.tarman.pl\/index.php?rest_route=%2Fwp%2Fv2%2Fcomments&post=63367"}],"version-history":[{"count":1,"href":"http:\/\/16lo.tarman.pl\/index.php?rest_route=\/wp\/v2\/posts\/63367\/revisions"}],"predecessor-version":[{"id":63369,"href":"http:\/\/16lo.tarman.pl\/index.php?rest_route=\/wp\/v2\/posts\/63367\/revisions\/63369"}],"wp:featuredmedia":[{"embeddable":true,"href":"http:\/\/16lo.tarman.pl\/index.php?rest_route=\/wp\/v2\/media\/63368"}],"wp:attachment":[{"href":"http:\/\/16lo.tarman.pl\/index.php?rest_route=%2Fwp%2Fv2%2Fmedia&parent=63367"}],"wp:term":[{"taxonomy":"category","embeddable":true,"href":"http:\/\/16lo.tarman.pl\/index.php?rest_route=%2Fwp%2Fv2%2Fcategories&post=63367"},{"taxonomy":"post_tag","embeddable":true,"href":"http:\/\/16lo.tarman.pl\/index.php?rest_route=%2Fwp%2Fv2%2Ftags&post=63367"}],"curies":[{"name":"wp","href":"https:\/\/api.w.org\/{rel}","templated":true}]}}