{"id":63276,"date":"2020-06-11T07:28:48","date_gmt":"2020-06-11T07:28:48","guid":{"rendered":"http:\/\/16lo.tarman.pl\/?p=63276"},"modified":"2020-06-11T07:29:58","modified_gmt":"2020-06-11T07:29:58","slug":"osiemdziesiata-rocznica-pierwszego-transportu-do-kl-auschwitz","status":"publish","type":"post","link":"http:\/\/16lo.tarman.pl\/?p=63276","title":{"rendered":"OSIEMDZIESI\u0104TA ROCZNICA PIERWSZEGO TRANSPORTU DO KL AUSCHWITZ"},"content":{"rendered":"\n<div class=\"attribute-intro\">\n<div class=\"col-xs-12\">\n<div class=\"ezrichtext-field\">\n<p>Podczas najbli\u017cszego weekendu obchodzi\u0107 b\u0119dziemy w&nbsp;Tarnowie 80. rocznic\u0119 pierwszego transportu polskich wi\u0119\u017ani\u00f3w politycznych z&nbsp;Tarnowa do niemieckiego obozu koncentracyjnego Auschwitz.<\/p>\n<\/div>\n<\/div>\n<\/div>\n<div class=\"attribute-image\">&nbsp;<\/div>\n<div class=\"attribute-body\">\n<div class=\"col-xs-12\">\n<div class=\"ezrichtext-field\">\n<p>W sobot\u0119 13 czerwca uruchomiona zostanie strona&nbsp;<a href=\"http:\/\/www.pierwszytransport.tarnow.pl\/\">www.pierwszytransport.tarnow.pl<\/a>. B\u0119dzie ona po\u015bwi\u0119cona nie tylko wi\u0119\u017aniom pierwszego transportu (przemarsz ulicami Tarnowa na ramp\u0119 kolejow\u0105, przejazd poci\u0105giem osobowym do O\u015bwi\u0119cimia, przyj\u0119cie w&nbsp;KL Auschwitz, biogramy, struktura zawodowa i&nbsp;wiekowa oraz dalsze losy). Znale\u017a\u0107 b\u0119dzie mo\u017cna na niej r\u00f3wnie\u017c informacje dotycz\u0105ce t\u0142a historycznego, czyli wybuchu bomby zegarowej na tarnowskim dworcu kolejowym, Tarnowa w&nbsp;dniu 1 wrze\u015bnia 1939 roku, zaj\u0119cia Tarnowa przez wojska niemieckie 7 wrze\u015bnia 1939 roku, tarnowskiej siedziby Gestapo czy tarnowskiego wi\u0119zienia b\u0119d\u0105cego miejscem zgrupowania polskich wi\u0119\u017ani\u00f3w politycznych przeznaczonych do wywozu do KL Auschwitz.<\/p>\n<p>Tego samego dnia w&nbsp;Galerii Biura Wystaw Artystycznych na dworcu PKP otwarta zostanie wystawa \u201ePrzeciw wojnie. 80. rocznica pierwszego transportu do KL Auschwitz\u201d. Jest to wystawa dzie\u0142 sztuki wsp\u00f3\u0142czesnej z&nbsp;kolekcji Ma\u0142opolskiej Fundacji Muzeum Sztuki Wsp\u00f3\u0142czesnej uzupe\u0142niona o&nbsp;specjalnie wypo\u017cyczone prace oraz archiwalia. Zobaczy\u0107 mo\u017cna b\u0119dzie na niej m.in. prace: wi\u0119\u017ania z&nbsp;pierwszego transportu, Mariana Ko\u0142odzieja, Huberta Czerepoka, Zbigniewa Libery, Krzysztofa Pi\u0119tki, Wilhelma Sasnala, Grzegorza Sztwiertni oraz J\u00f3zefa Szajny. Tytu\u0142 wystawy nawi\u0105zuje do Og\u00f3lnopolskiej Wystawy M\u0142odej Plastyki \u201ePrzeciw wojnie \u2013 przeciw faszyzmowi\u201d, kt\u00f3ra odby\u0142a si\u0119 w&nbsp;1955 roku w&nbsp;Warszawie i&nbsp;by\u0142a prze\u0142omowym wydarzeniem dla polskiej sztuki po drugiej wojnie \u015bwiatowej. W&nbsp;sobot\u0119 wystaw\u0119 zwiedza\u0107 b\u0119dzie mo\u017cna w&nbsp;godz. 11-18, w&nbsp;pozosta\u0142e dni \u2013 od wtorku do pi\u0105tku i&nbsp;w niedziele \u2013 od godz. 9 do 16. Wystawa czynna b\u0119dzie do 15 listopada. Wst\u0119p wolny.<\/p>\n<p>O godz. 17 zainaugurowane uroczysto\u015bci przy Pomniku I&nbsp;Transportu do KL Auschwitz, godzin\u0119 p\u00f3\u017aniej rozpocznie si\u0119 uroczysta msza \u015bw. w&nbsp;bazylice katedralnej.<\/p>\n<p>Niedzielna cz\u0119\u015b\u0107 uroczysto\u015bci rozpocznie si\u0119 o&nbsp;godz. 9 przemarszem ulicami Tarnowa. Jego uczestnicy przejd\u0105 spod Pomnika I&nbsp;Transportu, ulicami Wa\u0142ow\u0105 i&nbsp;Krakowsk\u0105 na dworzec kolejowy, gdzie z\u0142o\u017c\u0105 \u015awiat\u0142a Pami\u0119ci pod znajduj\u0105cym si\u0119 tam obeliskiem z&nbsp;nazwiskami wszystkich wi\u0119\u017ani\u00f3w z&nbsp;pierwszego transportu.<\/p>\n<p>W samo po\u0142udnie, w&nbsp;Amfiteatrze Letnim przy ul. Kopernika rozpocznie si\u0119 natomiast wydarzenie pod nazw\u0105 \u201eTarn\u00f3w 14 czerwca 1940-2020\u201d. B\u0119dzie ono okazj\u0105 do spotkania z&nbsp;rodzinami wi\u0119\u017ani\u00f3w pierwszego transportu, wys\u0142uchania prelekcji tarnowskich historyk\u00f3w oraz zobaczenia film\u00f3w zwi\u0105zanych z&nbsp;pierwszym transportem oraz z&nbsp;obozem KL Auschwitz.<\/p>\n<p>Przez oba dni na placu Sobieskiego ogl\u0105da\u0107 b\u0119dzie mo\u017cna wystaw\u0119 planszow\u0105 po\u015bwi\u0119con\u0105 pami\u0119ci wi\u0119\u017ani\u00f3w pierwszego transportu. Zaprezentowane zostan\u0105 na niej fotografie z&nbsp;dnia wymarszu oraz zdj\u0119cia wi\u0119\u017ani\u00f3w zwi\u0105zanych z&nbsp;Tarnowem i&nbsp;regionem. W&nbsp;Tarnowskim Centrum Informacji dost\u0119pna jest ju\u017c specjalna okoliczno\u015bciowa piecz\u0105tka, dotycz\u0105ca rocznicy pierwszego transportu. Na Poczcie Polskiej przy ul. Mickiewicza uzyska\u0107 mo\u017cna natomiast okoliczno\u015bciowy stempel.<\/p>\n<p style=\"text-align: center;\"><strong>***<\/strong><\/p>\n<p>Czternastego czerwca 1940 roku do Auschwitz przyjecha\u0142, licz\u0105cy 728 Polak\u00f3w, transport z&nbsp;wi\u0119zienia w&nbsp;Tarnowie. Byli w\u015br\u00f3d nich \u017co\u0142nierze kampanii wrze\u015bniowej, cz\u0142onkowie podziemnych organizacji niepodleg\u0142o\u015bciowych, gimnazjali\u015bci i&nbsp;studenci, a&nbsp;tak\u017ce niewielka grupa tarnowskich \u017byd\u00f3w. W&nbsp;obozie otrzymali oni numery od 31 do 758 (pierwsze numery otrzymali przywiezieni wcze\u015bniej do Auschwitz niemieccy wi\u0119\u017aniowie kryminalni z&nbsp;obozu koncentracyjnego w&nbsp;Sachsenhausen, kt\u00f3rzy obj\u0119li stanowiska funkcyjnych), a&nbsp;na okres kwarantanny umieszczono ich w&nbsp;budynkach dawnego Polskiego Monopolu Tytoniowego, nieopodal terenu dzisiejszego Pa\u0144stwowego Muzeum Auschwitz-Birkenau. Wojn\u0119 prze\u017cy\u0142o 298 wi\u0119\u017ani\u00f3w z&nbsp;pierwszego transportu, zgin\u0119\u0142o 272, w&nbsp;przypadku 158 los jest nieznany.<\/p>\n<p>W 2006 roku Sejm RP ustanowi\u0142 dzie\u0144 14 czerwca Narodowym Dniem Pami\u0119ci Ofiar Nazistowskich Oboz\u00f3w Koncentracyjnych. W&nbsp;przyj\u0119tej w\u00f3wczas uchwale, pos\u0142owie z\u0142o\u017cyli te\u017c ho\u0142d wszystkim ofiarom zbrodni nazistowskich.<\/p>\n<p style=\"text-align: right;\">(sm)<\/p>\n<p>\u0179r\u00f3d\u0142o::<a href=\"https:\/\/tarnow.pl\/\"> https:\/\/tarnow.pl\/<\/a><\/p>\n<\/div>\n<\/div>\n<\/div>\n","protected":false},"excerpt":{"rendered":"<p>Podczas najbli\u017cszego weekendu obchodzi\u0107 b\u0119dziemy w&nbsp;Tarnowie 80. rocznic\u0119 pierwszego transportu polskich wi\u0119\u017ani\u00f3w politycznych z&nbsp;Tarnowa do [&#8230;]<\/p>\n","protected":false},"author":1,"featured_media":63277,"comment_status":"closed","ping_status":"closed","sticky":false,"template":"","format":"standard","meta":{"ngg_post_thumbnail":0},"categories":[374],"tags":[],"_links":{"self":[{"href":"http:\/\/16lo.tarman.pl\/index.php?rest_route=\/wp\/v2\/posts\/63276"}],"collection":[{"href":"http:\/\/16lo.tarman.pl\/index.php?rest_route=\/wp\/v2\/posts"}],"about":[{"href":"http:\/\/16lo.tarman.pl\/index.php?rest_route=\/wp\/v2\/types\/post"}],"author":[{"embeddable":true,"href":"http:\/\/16lo.tarman.pl\/index.php?rest_route=\/wp\/v2\/users\/1"}],"replies":[{"embeddable":true,"href":"http:\/\/16lo.tarman.pl\/index.php?rest_route=%2Fwp%2Fv2%2Fcomments&post=63276"}],"version-history":[{"count":3,"href":"http:\/\/16lo.tarman.pl\/index.php?rest_route=\/wp\/v2\/posts\/63276\/revisions"}],"predecessor-version":[{"id":63280,"href":"http:\/\/16lo.tarman.pl\/index.php?rest_route=\/wp\/v2\/posts\/63276\/revisions\/63280"}],"wp:featuredmedia":[{"embeddable":true,"href":"http:\/\/16lo.tarman.pl\/index.php?rest_route=\/wp\/v2\/media\/63277"}],"wp:attachment":[{"href":"http:\/\/16lo.tarman.pl\/index.php?rest_route=%2Fwp%2Fv2%2Fmedia&parent=63276"}],"wp:term":[{"taxonomy":"category","embeddable":true,"href":"http:\/\/16lo.tarman.pl\/index.php?rest_route=%2Fwp%2Fv2%2Fcategories&post=63276"},{"taxonomy":"post_tag","embeddable":true,"href":"http:\/\/16lo.tarman.pl\/index.php?rest_route=%2Fwp%2Fv2%2Ftags&post=63276"}],"curies":[{"name":"wp","href":"https:\/\/api.w.org\/{rel}","templated":true}]}}