{"id":62978,"date":"2020-04-07T11:38:52","date_gmt":"2020-04-07T11:38:52","guid":{"rendered":"http:\/\/16lo.tarman.pl\/?p=62978"},"modified":"2020-04-07T11:38:53","modified_gmt":"2020-04-07T11:38:53","slug":"probny-egzamin-maturalny-z-geografii-i-informatyki-poziom-rozszerzony","status":"publish","type":"post","link":"http:\/\/16lo.tarman.pl\/?p=62978","title":{"rendered":"PR\u00d3BNY EGZAMIN MATURALNY Z GEOGRAFII I INFORMATYKI &#8211; POZIOM ROZSZERZONY"},"content":{"rendered":"\n<h4>&nbsp;<\/h4>\n<h4>&nbsp;<\/h4>\n<h4>&nbsp;<\/h4>\n<h4>&nbsp;<\/h4>\n<h4>&nbsp;<\/h4>\n<h4>PR\u00d3BNY EGZAMIN MATURALNY Z GEOGRAFII (PR)<\/h4>\n<hr \/>\n<pre>1. Arkusz dla os\u00f3b bez dysfunkcji oraz uczni\u00f3w z dysleksj\u0105 rozwojow\u0105<br \/><br \/><\/pre>\n<table>\n<tbody>\n<tr>\n<td><a href=\"http:\/\/pliki.oke.krakow.pl\/PEM\/GE\/PR\/MGE-R1_1P.pdf\" target=\"_blank\" rel=\"noopener noreferrer\">Arkusz egzaminacyjny<\/a><\/td>\n<td><a href=\"http:\/\/pliki.oke.krakow.pl\/PEM\/GE\/PR\/MGE-R1_1P-za%C5%82%C4%85cznik_A1_A7.pdf\" target=\"_blank\" rel=\"noopener noreferrer\">Za\u0142\u0105cznik<\/a><\/td>\n<\/tr>\n<\/tbody>\n<\/table>\n<pre><br \/><br \/>2. Arkusz dla os\u00f3b z autyzmem, w tym z zespo\u0142em Aspergera<br \/><br \/><\/pre>\n<table>\n<tbody>\n<tr>\n<td><a href=\"http:\/\/pliki.oke.krakow.pl\/PEM\/GE\/PR\/MGE-R1_2P.pdf\" target=\"_blank\" rel=\"noopener noreferrer\">Arkusz egzaminacyjny<\/a><\/td>\n<td><a href=\"http:\/\/pliki.oke.krakow.pl\/PEM\/GE\/PR\/MGE-R1_1P-za%C5%82%C4%85cznik_A2.pdf\" target=\"_blank\" rel=\"noopener noreferrer\">Za\u0142\u0105cznik<\/a><\/td>\n<\/tr>\n<\/tbody>\n<\/table>\n<pre><br \/><br \/>3. Arkusz dla os\u00f3b s\u0142abowidz\u0105cych<br \/><br \/><\/pre>\n<table>\n<tbody>\n<tr>\n<td><a href=\"http:\/\/pliki.oke.krakow.pl\/PEM\/GE\/PR\/MGE-R1_4P.pdf\" target=\"_blank\" rel=\"noopener noreferrer\">Arkusz egzaminacyjny<\/a><\/td>\n<td><a href=\"http:\/\/pliki.oke.krakow.pl\/PEM\/GE\/PR\/legenda_A4.pdf\" target=\"_blank\" rel=\"noopener noreferrer\">Za\u0142\u0105cznik<\/a><\/td>\n<\/tr>\n<\/tbody>\n<\/table>\n<pre><br \/><br \/>4. Arkusz dla os\u00f3b nies\u0142ysz\u0105cych<\/pre>\n<center>\n<table>\n<tbody>\n<tr>\n<td>\n<pre><a href=\"http:\/\/pliki.oke.krakow.pl\/PEM\/GE\/PR\/MGE-R1_7P.pdf\" target=\"_blank\" rel=\"noopener noreferrer\">Arkusz egzaminacyjny<\/a><\/pre>\n<\/td>\n<td>\n<pre><a href=\"http:\/\/pliki.oke.krakow.pl\/PEM\/GE\/PR\/MGE-R1_1P-za%C5%82%C4%85cznik_A1_A7.pdf\" target=\"_blank\" rel=\"noopener noreferrer\">Za\u0142\u0105cznik<\/a><\/pre>\n<\/td>\n<\/tr>\n<\/tbody>\n<\/table>\n<h4 style=\"text-align: left;\">PR\u00d3BNY EGZAMIN MATURALNY Z INFORMATYKI (PR)<\/h4>\n<hr \/>\n<pre style=\"text-align: left;\">1. Arkusz dla os\u00f3b bez dysfunkcji oraz uczni\u00f3w z dysleksj\u0105 rozwojow\u0105<br \/><br \/><\/pre>\n<table>\n<tbody>\n<tr>\n<td><a href=\"http:\/\/pliki.oke.krakow.pl\/PEM\/IN\/PR\/MIN-R1_1P.pdf\" target=\"_blank\" rel=\"noopener noreferrer\">Arkusz egzaminacyjny cz. 1<\/a><\/td>\n<td><a href=\"http:\/\/pliki.oke.krakow.pl\/PEM\/IN\/PR\/MIN-R2_1P.pdf\" target=\"_blank\" rel=\"noopener noreferrer\">Arkusz egzaminacyjny cz. 2<\/a><\/td>\n<td><a href=\"http:\/\/pliki.oke.krakow.pl\/PEM\/IN\/PR\/Za%C5%82%C4%85cznik.zip\" target=\"_blank\" rel=\"noopener noreferrer\">Za\u0142\u0105cznik<\/a><\/td>\n<\/tr>\n<\/tbody>\n<\/table>\n<pre style=\"text-align: left;\"><br \/><br \/>2. Arkusz dla os\u00f3b z autyzmem, w tym z zespo\u0142em Aspergera<br \/><br \/><\/pre>\n<table>\n<tbody>\n<tr>\n<td><a href=\"http:\/\/pliki.oke.krakow.pl\/PEM\/IN\/PR\/MIN-R1_2P.pdf\" target=\"_blank\" rel=\"noopener noreferrer\">Arkusz egzaminacyjny cz. 1<\/a><\/td>\n<td><a href=\"http:\/\/pliki.oke.krakow.pl\/PEM\/IN\/PR\/MIN-R2_2P.pdf\" target=\"_blank\" rel=\"noopener noreferrer\">Arkusz egzaminacyjny cz. 2<\/a><\/td>\n<td><a href=\"http:\/\/pliki.oke.krakow.pl\/PEM\/IN\/PR\/Za%C5%82%C4%85cznik.zip\" target=\"_blank\" rel=\"noopener noreferrer\">Za\u0142\u0105cznik<\/a><\/td>\n<\/tr>\n<\/tbody>\n<\/table>\n<pre style=\"text-align: left;\"><br \/><br \/>3. Arkusz dla os\u00f3b s\u0142abowidz\u0105cych<br \/><br \/><\/pre>\n<table>\n<tbody>\n<tr>\n<td><a href=\"http:\/\/pliki.oke.krakow.pl\/PEM\/IN\/PR\/MIN-R1_4P.pdf\" target=\"_blank\" rel=\"noopener noreferrer\">Arkusz egzaminacyjny cz. 1<\/a><\/td>\n<td><a href=\"http:\/\/pliki.oke.krakow.pl\/PEM\/IN\/PR\/MIN-R2_4P.pdf\" target=\"_blank\" rel=\"noopener noreferrer\">Arkusz egzaminacyjny cz. 2<\/a><\/td>\n<td><a href=\"http:\/\/pliki.oke.krakow.pl\/PEM\/IN\/PR\/Za%C5%82%C4%85cznik.zip\" target=\"_blank\" rel=\"noopener noreferrer\">Za\u0142\u0105cznik<\/a><\/td>\n<\/tr>\n<\/tbody>\n<\/table>\n<pre style=\"text-align: left;\"><br \/><br \/>4. Arkusz dla os\u00f3b nies\u0142ysz\u0105cych<\/pre>\n<\/center><center>\n<table>\n<tbody>\n<tr>\n<td style=\"text-align: left;\">\n<pre><a href=\"http:\/\/pliki.oke.krakow.pl\/PEM\/IN\/PR\/MIN-R1_7P.pdf\" target=\"_blank\" rel=\"noopener noreferrer\">Arkusz egzaminacyjny cz. 1<\/a><\/pre>\n<\/td>\n<td style=\"text-align: left;\">\n<pre><a href=\"http:\/\/pliki.oke.krakow.pl\/PEM\/IN\/PR\/MIN-R2_7P.pdf\" target=\"_blank\" rel=\"noopener noreferrer\">Arkusz egzaminacyjny cz. 2<\/a><\/pre>\n<\/td>\n<td style=\"text-align: left;\">\n<pre><a href=\"http:\/\/pliki.oke.krakow.pl\/PEM\/IN\/PR\/Za%C5%82%C4%85cznik.zip\" target=\"_blank\" rel=\"noopener noreferrer\">Za\u0142\u0105cznik<\/a><\/pre>\n<\/td>\n<\/tr>\n<\/tbody>\n<\/table>\n<\/center>\n","protected":false},"excerpt":{"rendered":"<p>&nbsp; &nbsp; &nbsp; &nbsp; &nbsp; PR\u00d3BNY EGZAMIN MATURALNY Z GEOGRAFII (PR) 1. Arkusz dla os\u00f3b [&#8230;]<\/p>\n","protected":false},"author":1,"featured_media":62897,"comment_status":"closed","ping_status":"closed","sticky":false,"template":"","format":"standard","meta":{"ngg_post_thumbnail":0},"categories":[372,371],"tags":[],"_links":{"self":[{"href":"http:\/\/16lo.tarman.pl\/index.php?rest_route=\/wp\/v2\/posts\/62978"}],"collection":[{"href":"http:\/\/16lo.tarman.pl\/index.php?rest_route=\/wp\/v2\/posts"}],"about":[{"href":"http:\/\/16lo.tarman.pl\/index.php?rest_route=\/wp\/v2\/types\/post"}],"author":[{"embeddable":true,"href":"http:\/\/16lo.tarman.pl\/index.php?rest_route=\/wp\/v2\/users\/1"}],"replies":[{"embeddable":true,"href":"http:\/\/16lo.tarman.pl\/index.php?rest_route=%2Fwp%2Fv2%2Fcomments&post=62978"}],"version-history":[{"count":3,"href":"http:\/\/16lo.tarman.pl\/index.php?rest_route=\/wp\/v2\/posts\/62978\/revisions"}],"predecessor-version":[{"id":62981,"href":"http:\/\/16lo.tarman.pl\/index.php?rest_route=\/wp\/v2\/posts\/62978\/revisions\/62981"}],"wp:featuredmedia":[{"embeddable":true,"href":"http:\/\/16lo.tarman.pl\/index.php?rest_route=\/wp\/v2\/media\/62897"}],"wp:attachment":[{"href":"http:\/\/16lo.tarman.pl\/index.php?rest_route=%2Fwp%2Fv2%2Fmedia&parent=62978"}],"wp:term":[{"taxonomy":"category","embeddable":true,"href":"http:\/\/16lo.tarman.pl\/index.php?rest_route=%2Fwp%2Fv2%2Fcategories&post=62978"},{"taxonomy":"post_tag","embeddable":true,"href":"http:\/\/16lo.tarman.pl\/index.php?rest_route=%2Fwp%2Fv2%2Ftags&post=62978"}],"curies":[{"name":"wp","href":"https:\/\/api.w.org\/{rel}","templated":true}]}}