{"id":62470,"date":"2020-03-10T20:56:41","date_gmt":"2020-03-10T20:56:41","guid":{"rendered":"http:\/\/16lo.tarman.pl\/?p=62470"},"modified":"2020-03-10T20:56:46","modified_gmt":"2020-03-10T20:56:46","slug":"w-holdzie-zolnierzom-wykletym","status":"publish","type":"post","link":"http:\/\/16lo.tarman.pl\/?p=62470","title":{"rendered":"W ho\u0142dzie \u017bo\u0142nierzom Wykl\u0119tym"},"content":{"rendered":"\n<p>Dnia 1 marca w gmachu S\u0105du Okr\u0119gowego w Tarnowie odby\u0142o si\u0119 ods\u0142oni\u0119cie tablicy upami\u0119tniaj\u0105cej \u017co\u0142nierzy wykl\u0119tych. Zaproszony dyrektor Piotr Dusza wraz z przedstawicielami klasy wojskowej uczestniczyli w uroczystej mszy \u015bwi\u0119tej by nast\u0119pnie odda\u0107 ho\u0142d \u201e\u017co\u0142nierzom niez\u0142omnym skazanym na \u015bmier\u0107 lub wi\u0119zienie w tej Czarnej Sali w latach 1946-1955\u201d . \u017bo\u0142nierze wykl\u0119ci byli cz\u0142onkami antykomunistycznego, niepodleg\u0142o\u015bciowego ruch partyzanckiego, stawiaj\u0105cego op\u00f3r sowietyzacji Polski i podporz\u0105dkowaniu jej ZSRR.<\/p>\n<!-- index.php -->\n<div\n\tclass=\"ngg-galleryoverview ngg-ajax-pagination-none\"\n\tid=\"ngg-gallery-937981f9e0369969c85cbf1ad8dabc41-1\">\n\n    \t<div class=\"slideshowlink\">\n        <a href='http:\/\/16lo.tarman.pl\/index.php\/nggallery\/slideshow?p=62470'>[Show slideshow]<\/a>\n\t\t\n\t<\/div>\n\t\t\t<!-- Thumbnails -->\n\t\t\t\t<div id=\"ngg-image-0\" class=\"ngg-gallery-thumbnail-box\" >\n\t\t\t\t        <div class=\"ngg-gallery-thumbnail\">\n            <a href=\"http:\/\/16lo.tarman.pl\/wp-content\/gallery\/w-holdzie-zolnierzom-wykletym-10-03-2020\/IMG_20200301_145917.jpg\"\n               title=\"\"\n               data-src=\"http:\/\/16lo.tarman.pl\/wp-content\/gallery\/w-holdzie-zolnierzom-wykletym-10-03-2020\/IMG_20200301_145917.jpg\"\n               data-thumbnail=\"http:\/\/16lo.tarman.pl\/wp-content\/gallery\/w-holdzie-zolnierzom-wykletym-10-03-2020\/thumbs\/thumbs_IMG_20200301_145917.jpg\"\n               data-image-id=\"45480\"\n               data-title=\"IMG_20200301_145917\"\n               data-description=\"\"\n               data-image-slug=\"img_20200301_145917\"\n               class='thickbox' rel='937981f9e0369969c85cbf1ad8dabc41'>\n                <img\n                    title=\"IMG_20200301_145917\"\n                    alt=\"IMG_20200301_145917\"\n                    src=\"http:\/\/16lo.tarman.pl\/wp-content\/gallery\/w-holdzie-zolnierzom-wykletym-10-03-2020\/thumbs\/thumbs_IMG_20200301_145917.jpg\"\n                    width=\"120\"\n                    height=\"90\"\n                    style=\"max-width:100%;\"\n                \/>\n            <\/a>\n        <\/div>\n\t\t\t\t\t\t\t<\/div> \n\t\t\t\n                            \n\t\t\t\t<div id=\"ngg-image-1\" class=\"ngg-gallery-thumbnail-box\" >\n\t\t\t\t        <div class=\"ngg-gallery-thumbnail\">\n            <a href=\"http:\/\/16lo.tarman.pl\/wp-content\/gallery\/w-holdzie-zolnierzom-wykletym-10-03-2020\/IMG_20200301_145927.jpg\"\n               title=\"\"\n               data-src=\"http:\/\/16lo.tarman.pl\/wp-content\/gallery\/w-holdzie-zolnierzom-wykletym-10-03-2020\/IMG_20200301_145927.jpg\"\n               data-thumbnail=\"http:\/\/16lo.tarman.pl\/wp-content\/gallery\/w-holdzie-zolnierzom-wykletym-10-03-2020\/thumbs\/thumbs_IMG_20200301_145927.jpg\"\n               data-image-id=\"45481\"\n               data-title=\"IMG_20200301_145927\"\n               data-description=\"\"\n               data-image-slug=\"img_20200301_145927\"\n               class='thickbox' rel='937981f9e0369969c85cbf1ad8dabc41'>\n                <img\n                    title=\"IMG_20200301_145927\"\n                    alt=\"IMG_20200301_145927\"\n                    src=\"http:\/\/16lo.tarman.pl\/wp-content\/gallery\/w-holdzie-zolnierzom-wykletym-10-03-2020\/thumbs\/thumbs_IMG_20200301_145927.jpg\"\n                    width=\"120\"\n                    height=\"90\"\n                    style=\"max-width:100%;\"\n                \/>\n            <\/a>\n        <\/div>\n\t\t\t\t\t\t\t<\/div> \n\t\t\t\n                            \n\t\t\t\t<div id=\"ngg-image-2\" class=\"ngg-gallery-thumbnail-box\" >\n\t\t\t\t        <div class=\"ngg-gallery-thumbnail\">\n            <a href=\"http:\/\/16lo.tarman.pl\/wp-content\/gallery\/w-holdzie-zolnierzom-wykletym-10-03-2020\/IMG_20200301_151241.jpg\"\n               title=\"\"\n               data-src=\"http:\/\/16lo.tarman.pl\/wp-content\/gallery\/w-holdzie-zolnierzom-wykletym-10-03-2020\/IMG_20200301_151241.jpg\"\n               data-thumbnail=\"http:\/\/16lo.tarman.pl\/wp-content\/gallery\/w-holdzie-zolnierzom-wykletym-10-03-2020\/thumbs\/thumbs_IMG_20200301_151241.jpg\"\n               data-image-id=\"45482\"\n               data-title=\"IMG_20200301_151241\"\n               data-description=\"\"\n               data-image-slug=\"img_20200301_151241\"\n               class='thickbox' rel='937981f9e0369969c85cbf1ad8dabc41'>\n                <img\n                    title=\"IMG_20200301_151241\"\n                    alt=\"IMG_20200301_151241\"\n                    src=\"http:\/\/16lo.tarman.pl\/wp-content\/gallery\/w-holdzie-zolnierzom-wykletym-10-03-2020\/thumbs\/thumbs_IMG_20200301_151241.jpg\"\n                    width=\"120\"\n                    height=\"90\"\n                    style=\"max-width:100%;\"\n                \/>\n            <\/a>\n        <\/div>\n\t\t\t\t\t\t\t<\/div> \n\t\t\t\n                            \n\t\t\t\t<div id=\"ngg-image-3\" class=\"ngg-gallery-thumbnail-box\" >\n\t\t\t\t        <div class=\"ngg-gallery-thumbnail\">\n            <a href=\"http:\/\/16lo.tarman.pl\/wp-content\/gallery\/w-holdzie-zolnierzom-wykletym-10-03-2020\/IMG_20200301_151715.jpg\"\n               title=\"\"\n               data-src=\"http:\/\/16lo.tarman.pl\/wp-content\/gallery\/w-holdzie-zolnierzom-wykletym-10-03-2020\/IMG_20200301_151715.jpg\"\n               data-thumbnail=\"http:\/\/16lo.tarman.pl\/wp-content\/gallery\/w-holdzie-zolnierzom-wykletym-10-03-2020\/thumbs\/thumbs_IMG_20200301_151715.jpg\"\n               data-image-id=\"45483\"\n               data-title=\"IMG_20200301_151715\"\n               data-description=\"\"\n               data-image-slug=\"img_20200301_151715\"\n               class='thickbox' rel='937981f9e0369969c85cbf1ad8dabc41'>\n                <img\n                    title=\"IMG_20200301_151715\"\n                    alt=\"IMG_20200301_151715\"\n                    src=\"http:\/\/16lo.tarman.pl\/wp-content\/gallery\/w-holdzie-zolnierzom-wykletym-10-03-2020\/thumbs\/thumbs_IMG_20200301_151715.jpg\"\n                    width=\"120\"\n                    height=\"90\"\n                    style=\"max-width:100%;\"\n                \/>\n            <\/a>\n        <\/div>\n\t\t\t\t\t\t\t<\/div> \n\t\t\t\n                            \n\t\t\t\t<div id=\"ngg-image-4\" class=\"ngg-gallery-thumbnail-box\" >\n\t\t\t\t        <div class=\"ngg-gallery-thumbnail\">\n            <a href=\"http:\/\/16lo.tarman.pl\/wp-content\/gallery\/w-holdzie-zolnierzom-wykletym-10-03-2020\/IMG_20200301_154654.jpg\"\n               title=\"\"\n               data-src=\"http:\/\/16lo.tarman.pl\/wp-content\/gallery\/w-holdzie-zolnierzom-wykletym-10-03-2020\/IMG_20200301_154654.jpg\"\n               data-thumbnail=\"http:\/\/16lo.tarman.pl\/wp-content\/gallery\/w-holdzie-zolnierzom-wykletym-10-03-2020\/thumbs\/thumbs_IMG_20200301_154654.jpg\"\n               data-image-id=\"45484\"\n               data-title=\"IMG_20200301_154654\"\n               data-description=\"\"\n               data-image-slug=\"img_20200301_154654\"\n               class='thickbox' rel='937981f9e0369969c85cbf1ad8dabc41'>\n                <img\n                    title=\"IMG_20200301_154654\"\n                    alt=\"IMG_20200301_154654\"\n                    src=\"http:\/\/16lo.tarman.pl\/wp-content\/gallery\/w-holdzie-zolnierzom-wykletym-10-03-2020\/thumbs\/thumbs_IMG_20200301_154654.jpg\"\n                    width=\"120\"\n                    height=\"90\"\n                    style=\"max-width:100%;\"\n                \/>\n            <\/a>\n        <\/div>\n\t\t\t\t\t\t\t<\/div> \n\t\t\t\n                                    <br style=\"clear: both\" \/>\n                    \n\t\t\t\t<div id=\"ngg-image-5\" class=\"ngg-gallery-thumbnail-box\" >\n\t\t\t\t        <div class=\"ngg-gallery-thumbnail\">\n            <a href=\"http:\/\/16lo.tarman.pl\/wp-content\/gallery\/w-holdzie-zolnierzom-wykletym-10-03-2020\/IMG_20200301_163101.jpg\"\n               title=\"\"\n               data-src=\"http:\/\/16lo.tarman.pl\/wp-content\/gallery\/w-holdzie-zolnierzom-wykletym-10-03-2020\/IMG_20200301_163101.jpg\"\n               data-thumbnail=\"http:\/\/16lo.tarman.pl\/wp-content\/gallery\/w-holdzie-zolnierzom-wykletym-10-03-2020\/thumbs\/thumbs_IMG_20200301_163101.jpg\"\n               data-image-id=\"45485\"\n               data-title=\"IMG_20200301_163101\"\n               data-description=\"\"\n               data-image-slug=\"img_20200301_163101\"\n               class='thickbox' rel='937981f9e0369969c85cbf1ad8dabc41'>\n                <img\n                    title=\"IMG_20200301_163101\"\n                    alt=\"IMG_20200301_163101\"\n                    src=\"http:\/\/16lo.tarman.pl\/wp-content\/gallery\/w-holdzie-zolnierzom-wykletym-10-03-2020\/thumbs\/thumbs_IMG_20200301_163101.jpg\"\n                    width=\"120\"\n                    height=\"90\"\n                    style=\"max-width:100%;\"\n                \/>\n            <\/a>\n        <\/div>\n\t\t\t\t\t\t\t<\/div> \n\t\t\t\n                            \n\t\t\t\t<div id=\"ngg-image-6\" class=\"ngg-gallery-thumbnail-box\" >\n\t\t\t\t        <div class=\"ngg-gallery-thumbnail\">\n            <a href=\"http:\/\/16lo.tarman.pl\/wp-content\/gallery\/w-holdzie-zolnierzom-wykletym-10-03-2020\/IMG_20200301_164415.jpg\"\n               title=\"\"\n               data-src=\"http:\/\/16lo.tarman.pl\/wp-content\/gallery\/w-holdzie-zolnierzom-wykletym-10-03-2020\/IMG_20200301_164415.jpg\"\n               data-thumbnail=\"http:\/\/16lo.tarman.pl\/wp-content\/gallery\/w-holdzie-zolnierzom-wykletym-10-03-2020\/thumbs\/thumbs_IMG_20200301_164415.jpg\"\n               data-image-id=\"45486\"\n               data-title=\"IMG_20200301_164415\"\n               data-description=\"\"\n               data-image-slug=\"img_20200301_164415\"\n               class='thickbox' rel='937981f9e0369969c85cbf1ad8dabc41'>\n                <img\n                    title=\"IMG_20200301_164415\"\n                    alt=\"IMG_20200301_164415\"\n                    src=\"http:\/\/16lo.tarman.pl\/wp-content\/gallery\/w-holdzie-zolnierzom-wykletym-10-03-2020\/thumbs\/thumbs_IMG_20200301_164415.jpg\"\n                    width=\"120\"\n                    height=\"90\"\n                    style=\"max-width:100%;\"\n                \/>\n            <\/a>\n        <\/div>\n\t\t\t\t\t\t\t<\/div> \n\t\t\t\n                            \n\t\t\t\t<div id=\"ngg-image-7\" class=\"ngg-gallery-thumbnail-box\" >\n\t\t\t\t        <div class=\"ngg-gallery-thumbnail\">\n            <a href=\"http:\/\/16lo.tarman.pl\/wp-content\/gallery\/w-holdzie-zolnierzom-wykletym-10-03-2020\/IMG_20200301_170938.jpg\"\n               title=\"\"\n               data-src=\"http:\/\/16lo.tarman.pl\/wp-content\/gallery\/w-holdzie-zolnierzom-wykletym-10-03-2020\/IMG_20200301_170938.jpg\"\n               data-thumbnail=\"http:\/\/16lo.tarman.pl\/wp-content\/gallery\/w-holdzie-zolnierzom-wykletym-10-03-2020\/thumbs\/thumbs_IMG_20200301_170938.jpg\"\n               data-image-id=\"45487\"\n               data-title=\"IMG_20200301_170938\"\n               data-description=\"\"\n               data-image-slug=\"img_20200301_170938\"\n               class='thickbox' rel='937981f9e0369969c85cbf1ad8dabc41'>\n                <img\n                    title=\"IMG_20200301_170938\"\n                    alt=\"IMG_20200301_170938\"\n                    src=\"http:\/\/16lo.tarman.pl\/wp-content\/gallery\/w-holdzie-zolnierzom-wykletym-10-03-2020\/thumbs\/thumbs_IMG_20200301_170938.jpg\"\n                    width=\"120\"\n                    height=\"90\"\n                    style=\"max-width:100%;\"\n                \/>\n            <\/a>\n        <\/div>\n\t\t\t\t\t\t\t<\/div> \n\t\t\t\n                            \n\t\t\t\t<div id=\"ngg-image-8\" class=\"ngg-gallery-thumbnail-box\" >\n\t\t\t\t        <div class=\"ngg-gallery-thumbnail\">\n            <a href=\"http:\/\/16lo.tarman.pl\/wp-content\/gallery\/w-holdzie-zolnierzom-wykletym-10-03-2020\/IMG_20200301_170948.jpg\"\n               title=\"\"\n               data-src=\"http:\/\/16lo.tarman.pl\/wp-content\/gallery\/w-holdzie-zolnierzom-wykletym-10-03-2020\/IMG_20200301_170948.jpg\"\n               data-thumbnail=\"http:\/\/16lo.tarman.pl\/wp-content\/gallery\/w-holdzie-zolnierzom-wykletym-10-03-2020\/thumbs\/thumbs_IMG_20200301_170948.jpg\"\n               data-image-id=\"45488\"\n               data-title=\"IMG_20200301_170948\"\n               data-description=\"\"\n               data-image-slug=\"img_20200301_170948\"\n               class='thickbox' rel='937981f9e0369969c85cbf1ad8dabc41'>\n                <img\n                    title=\"IMG_20200301_170948\"\n                    alt=\"IMG_20200301_170948\"\n                    src=\"http:\/\/16lo.tarman.pl\/wp-content\/gallery\/w-holdzie-zolnierzom-wykletym-10-03-2020\/thumbs\/thumbs_IMG_20200301_170948.jpg\"\n                    width=\"120\"\n                    height=\"90\"\n                    style=\"max-width:100%;\"\n                \/>\n            <\/a>\n        <\/div>\n\t\t\t\t\t\t\t<\/div> \n\t\t\t\n                            \n\t\t\t\t<div id=\"ngg-image-9\" class=\"ngg-gallery-thumbnail-box\" >\n\t\t\t\t        <div class=\"ngg-gallery-thumbnail\">\n            <a href=\"http:\/\/16lo.tarman.pl\/wp-content\/gallery\/w-holdzie-zolnierzom-wykletym-10-03-2020\/IMG_20200301_171415.jpg\"\n               title=\"\"\n               data-src=\"http:\/\/16lo.tarman.pl\/wp-content\/gallery\/w-holdzie-zolnierzom-wykletym-10-03-2020\/IMG_20200301_171415.jpg\"\n               data-thumbnail=\"http:\/\/16lo.tarman.pl\/wp-content\/gallery\/w-holdzie-zolnierzom-wykletym-10-03-2020\/thumbs\/thumbs_IMG_20200301_171415.jpg\"\n               data-image-id=\"45489\"\n               data-title=\"IMG_20200301_171415\"\n               data-description=\"\"\n               data-image-slug=\"img_20200301_171415\"\n               class='thickbox' rel='937981f9e0369969c85cbf1ad8dabc41'>\n                <img\n                    title=\"IMG_20200301_171415\"\n                    alt=\"IMG_20200301_171415\"\n                    src=\"http:\/\/16lo.tarman.pl\/wp-content\/gallery\/w-holdzie-zolnierzom-wykletym-10-03-2020\/thumbs\/thumbs_IMG_20200301_171415.jpg\"\n                    width=\"120\"\n                    height=\"90\"\n                    style=\"max-width:100%;\"\n                \/>\n            <\/a>\n        <\/div>\n\t\t\t\t\t\t\t<\/div> \n\t\t\t\n                                    <br style=\"clear: both\" \/>\n                    \n\t\t\n\t\t<!-- Pagination -->\n\t<div class='ngg-clear'><\/div>\t<\/div>\n\n","protected":false},"excerpt":{"rendered":"<p>Dnia 1 marca w gmachu S\u0105du Okr\u0119gowego w Tarnowie odby\u0142o si\u0119 ods\u0142oni\u0119cie tablicy upami\u0119tniaj\u0105cej \u017co\u0142nierzy [&#8230;]<\/p>\n","protected":false},"author":1,"featured_media":62482,"comment_status":"closed","ping_status":"closed","sticky":false,"template":"","format":"standard","meta":{"ngg_post_thumbnail":0},"categories":[1,370],"tags":[],"_links":{"self":[{"href":"http:\/\/16lo.tarman.pl\/index.php?rest_route=\/wp\/v2\/posts\/62470"}],"collection":[{"href":"http:\/\/16lo.tarman.pl\/index.php?rest_route=\/wp\/v2\/posts"}],"about":[{"href":"http:\/\/16lo.tarman.pl\/index.php?rest_route=\/wp\/v2\/types\/post"}],"author":[{"embeddable":true,"href":"http:\/\/16lo.tarman.pl\/index.php?rest_route=\/wp\/v2\/users\/1"}],"replies":[{"embeddable":true,"href":"http:\/\/16lo.tarman.pl\/index.php?rest_route=%2Fwp%2Fv2%2Fcomments&post=62470"}],"version-history":[{"count":3,"href":"http:\/\/16lo.tarman.pl\/index.php?rest_route=\/wp\/v2\/posts\/62470\/revisions"}],"predecessor-version":[{"id":63356,"href":"http:\/\/16lo.tarman.pl\/index.php?rest_route=\/wp\/v2\/posts\/62470\/revisions\/63356"}],"wp:featuredmedia":[{"embeddable":true,"href":"http:\/\/16lo.tarman.pl\/index.php?rest_route=\/wp\/v2\/media\/62482"}],"wp:attachment":[{"href":"http:\/\/16lo.tarman.pl\/index.php?rest_route=%2Fwp%2Fv2%2Fmedia&parent=62470"}],"wp:term":[{"taxonomy":"category","embeddable":true,"href":"http:\/\/16lo.tarman.pl\/index.php?rest_route=%2Fwp%2Fv2%2Fcategories&post=62470"},{"taxonomy":"post_tag","embeddable":true,"href":"http:\/\/16lo.tarman.pl\/index.php?rest_route=%2Fwp%2Fv2%2Ftags&post=62470"}],"curies":[{"name":"wp","href":"https:\/\/api.w.org\/{rel}","templated":true}]}}