{"id":62294,"date":"2020-02-28T21:51:31","date_gmt":"2020-02-28T21:51:31","guid":{"rendered":"http:\/\/16lo.tarman.pl\/?p=62294"},"modified":"2020-02-28T21:51:33","modified_gmt":"2020-02-28T21:51:33","slug":"100-rocznica-urodzin-plka-jerzego-pertkiewicza","status":"publish","type":"post","link":"http:\/\/16lo.tarman.pl\/?p=62294","title":{"rendered":"100. rocznica urodzin p\u0142ka Jerzego Pertkiewicza"},"content":{"rendered":"\n<p>P\u0142k Jerzy Pertkiewicz zapisa\u0142 si\u0119 na kartach historii jako doktor farmacji, \u017co\u0142nierz kampanii wrze\u015bniowej i Armii Krajowej , harcmistrz i Harcerz Rzeczypospolitej. Za zas\u0142ugi dla kraju otrzyma\u0142 tytu\u0142 kawalera Krzy\u017ca Srebrnego Orderu Wojennego Virtuti Militari. Bliski naszej szkole wielki patriota urodzi\u0142 si\u0119 25 lutego 1920r. Pragn\u0105c uczci\u0107 100. rocznic\u0119 jego urodzin dyrektor szko\u0142y p. Piotr Dusza wraz z reprezentacj\u0105 uczni\u00f3w udali si\u0119 do Bistuszowej, aby wzi\u0105\u0107 udzia\u0142 w uroczysto\u015bciach patriotycznych. 25 lutego b\u0119dzie dla ca\u0142ej szkolnej spo\u0142eczno\u015bci dniem wyj\u0105tkowym- dniem, w kt\u00f3rym wspominamy wybitnego cz\u0142owieka oddanego Polsce.<\/p>\n","protected":false},"excerpt":{"rendered":"<p>P\u0142k Jerzy Pertkiewicz zapisa\u0142 si\u0119 na kartach historii jako doktor farmacji, \u017co\u0142nierz kampanii wrze\u015bniowej i [&#8230;]<\/p>\n","protected":false},"author":1,"featured_media":62295,"comment_status":"closed","ping_status":"closed","sticky":false,"template":"","format":"standard","meta":{"ngg_post_thumbnail":0},"categories":[1,369],"tags":[],"_links":{"self":[{"href":"http:\/\/16lo.tarman.pl\/index.php?rest_route=\/wp\/v2\/posts\/62294"}],"collection":[{"href":"http:\/\/16lo.tarman.pl\/index.php?rest_route=\/wp\/v2\/posts"}],"about":[{"href":"http:\/\/16lo.tarman.pl\/index.php?rest_route=\/wp\/v2\/types\/post"}],"author":[{"embeddable":true,"href":"http:\/\/16lo.tarman.pl\/index.php?rest_route=\/wp\/v2\/users\/1"}],"replies":[{"embeddable":true,"href":"http:\/\/16lo.tarman.pl\/index.php?rest_route=%2Fwp%2Fv2%2Fcomments&post=62294"}],"version-history":[{"count":1,"href":"http:\/\/16lo.tarman.pl\/index.php?rest_route=\/wp\/v2\/posts\/62294\/revisions"}],"predecessor-version":[{"id":62296,"href":"http:\/\/16lo.tarman.pl\/index.php?rest_route=\/wp\/v2\/posts\/62294\/revisions\/62296"}],"wp:featuredmedia":[{"embeddable":true,"href":"http:\/\/16lo.tarman.pl\/index.php?rest_route=\/wp\/v2\/media\/62295"}],"wp:attachment":[{"href":"http:\/\/16lo.tarman.pl\/index.php?rest_route=%2Fwp%2Fv2%2Fmedia&parent=62294"}],"wp:term":[{"taxonomy":"category","embeddable":true,"href":"http:\/\/16lo.tarman.pl\/index.php?rest_route=%2Fwp%2Fv2%2Fcategories&post=62294"},{"taxonomy":"post_tag","embeddable":true,"href":"http:\/\/16lo.tarman.pl\/index.php?rest_route=%2Fwp%2Fv2%2Ftags&post=62294"}],"curies":[{"name":"wp","href":"https:\/\/api.w.org\/{rel}","templated":true}]}}