{"id":61271,"date":"2019-12-11T08:57:19","date_gmt":"2019-12-11T08:57:19","guid":{"rendered":"http:\/\/16lo.tarman.pl\/?p=61271"},"modified":"2020-09-17T19:51:52","modified_gmt":"2020-09-17T19:51:52","slug":"zajecia-w-ramach-projektu-malopolska-chmura-edukacyjna","status":"publish","type":"post","link":"http:\/\/16lo.tarman.pl\/?p=61271","title":{"rendered":"Zaj\u0119cia w ramach projektu Ma\u0142opolska Chmura Edukacyjna"},"content":{"rendered":"\n\n\n<figure class=\"wp-block-image\"><img decoding=\"async\" loading=\"lazy\" width=\"1024\" height=\"76\" src=\"http:\/\/16lo.tarman.pl\/wp-content\/uploads\/2020\/09\/logotyp-mche-1024x76-5-1024x76.png\" alt=\"\" class=\"wp-image-63702\" srcset=\"http:\/\/16lo.tarman.pl\/wp-content\/uploads\/2020\/09\/logotyp-mche-1024x76-5.png 1024w, http:\/\/16lo.tarman.pl\/wp-content\/uploads\/2020\/09\/logotyp-mche-1024x76-5-300x22.png 300w, http:\/\/16lo.tarman.pl\/wp-content\/uploads\/2020\/09\/logotyp-mche-1024x76-5-768x57.png 768w\" sizes=\"(max-width: 1024px) 100vw, 1024px\" \/><\/figure>\n\n\n\n<p>W dniach 6-8 grudnia 2019 w ramach projektu Ma\u0142opolska Chmura Edukacyjna grupa uczni\u00f3w naszej szko\u0142y bra\u0142a udzia\u0142 w warsztatach weekendowych przeznaczonych dla uczni\u00f3w szk\u00f3\u0142 uczestnicz\u0105cych w projekcie \u201echmurowym\u201d. Zaj\u0119cia organizowane i&nbsp; prowadzone by\u0142y przez pracownik\u00f3w uczelni, a ich celem by\u0142o nie tylko rozwijanie i podniesienie kompetencji kluczowych, ale tak\u017ce nabycie wiedzy i umiej\u0119tno\u015bci z r\u00f3\u017cnych dziedzin nauki. Warsztaty odbywa\u0142y si\u0119 w wielu obszarach tematycznych a uczniowie skorzystali z wyk\u0142ad\u00f3w, zaj\u0119\u0107 praktycznych i \u0107wicze\u0144 z <strong>&nbsp;przedsi\u0119biorczo\u015bci (Uniwersytet Ekonomiczny),&nbsp; j\u0119zyka angielskiego (Uniwersytet Pedagogiczny,) biologii, geografii i prawa (Uniwersytet Jagiello\u0144ski).<\/strong><\/p>\n<!-- index.php -->\n<div\n\tclass=\"ngg-galleryoverview ngg-ajax-pagination-none\"\n\tid=\"ngg-gallery-0f4980e936dbbeecba3d2b0b66ef897e-1\">\n\n    \t<div class=\"slideshowlink\">\n        <a href='http:\/\/16lo.tarman.pl\/index.php\/nggallery\/slideshow?p=61271'>[Show slideshow]<\/a>\n\t\t\n\t<\/div>\n\t\t\t<!-- Thumbnails -->\n\t\t\t\t<div id=\"ngg-image-0\" class=\"ngg-gallery-thumbnail-box\" >\n\t\t\t\t        <div class=\"ngg-gallery-thumbnail\">\n            <a href=\"http:\/\/16lo.tarman.pl\/wp-content\/gallery\/chmura-krakow-2019\/00.jpg\"\n               title=\"\"\n               data-src=\"http:\/\/16lo.tarman.pl\/wp-content\/gallery\/chmura-krakow-2019\/00.jpg\"\n               data-thumbnail=\"http:\/\/16lo.tarman.pl\/wp-content\/gallery\/chmura-krakow-2019\/thumbs\/thumbs_00.jpg\"\n               data-image-id=\"44878\"\n               data-title=\"00\"\n               data-description=\"\"\n               data-image-slug=\"00-16\"\n               class='thickbox' rel='0f4980e936dbbeecba3d2b0b66ef897e'>\n                <img\n                    title=\"00\"\n                    alt=\"00\"\n                    src=\"http:\/\/16lo.tarman.pl\/wp-content\/gallery\/chmura-krakow-2019\/thumbs\/thumbs_00.jpg\"\n                    width=\"120\"\n                    height=\"90\"\n                    style=\"max-width:100%;\"\n                \/>\n            <\/a>\n        <\/div>\n\t\t\t\t\t\t\t<\/div> \n\t\t\t\n                            \n\t\t\t\t<div id=\"ngg-image-1\" class=\"ngg-gallery-thumbnail-box\" >\n\t\t\t\t        <div class=\"ngg-gallery-thumbnail\">\n            <a href=\"http:\/\/16lo.tarman.pl\/wp-content\/gallery\/chmura-krakow-2019\/01.jpg\"\n               title=\"\"\n               data-src=\"http:\/\/16lo.tarman.pl\/wp-content\/gallery\/chmura-krakow-2019\/01.jpg\"\n               data-thumbnail=\"http:\/\/16lo.tarman.pl\/wp-content\/gallery\/chmura-krakow-2019\/thumbs\/thumbs_01.jpg\"\n               data-image-id=\"44879\"\n               data-title=\"01\"\n               data-description=\"\"\n               data-image-slug=\"01-25\"\n               class='thickbox' rel='0f4980e936dbbeecba3d2b0b66ef897e'>\n                <img\n                    title=\"01\"\n                    alt=\"01\"\n                    src=\"http:\/\/16lo.tarman.pl\/wp-content\/gallery\/chmura-krakow-2019\/thumbs\/thumbs_01.jpg\"\n                    width=\"120\"\n                    height=\"90\"\n                    style=\"max-width:100%;\"\n                \/>\n            <\/a>\n        <\/div>\n\t\t\t\t\t\t\t<\/div> \n\t\t\t\n                            \n\t\t\t\t<div id=\"ngg-image-2\" class=\"ngg-gallery-thumbnail-box\" >\n\t\t\t\t        <div class=\"ngg-gallery-thumbnail\">\n            <a href=\"http:\/\/16lo.tarman.pl\/wp-content\/gallery\/chmura-krakow-2019\/02.jpg\"\n               title=\"\"\n               data-src=\"http:\/\/16lo.tarman.pl\/wp-content\/gallery\/chmura-krakow-2019\/02.jpg\"\n               data-thumbnail=\"http:\/\/16lo.tarman.pl\/wp-content\/gallery\/chmura-krakow-2019\/thumbs\/thumbs_02.jpg\"\n               data-image-id=\"44880\"\n               data-title=\"02\"\n               data-description=\"\"\n               data-image-slug=\"02-20\"\n               class='thickbox' rel='0f4980e936dbbeecba3d2b0b66ef897e'>\n                <img\n                    title=\"02\"\n                    alt=\"02\"\n                    src=\"http:\/\/16lo.tarman.pl\/wp-content\/gallery\/chmura-krakow-2019\/thumbs\/thumbs_02.jpg\"\n                    width=\"120\"\n                    height=\"90\"\n                    style=\"max-width:100%;\"\n                \/>\n            <\/a>\n        <\/div>\n\t\t\t\t\t\t\t<\/div> \n\t\t\t\n                            \n\t\t\t\t<div id=\"ngg-image-3\" class=\"ngg-gallery-thumbnail-box\" >\n\t\t\t\t        <div class=\"ngg-gallery-thumbnail\">\n            <a href=\"http:\/\/16lo.tarman.pl\/wp-content\/gallery\/chmura-krakow-2019\/03.jpg\"\n               title=\"\"\n               data-src=\"http:\/\/16lo.tarman.pl\/wp-content\/gallery\/chmura-krakow-2019\/03.jpg\"\n               data-thumbnail=\"http:\/\/16lo.tarman.pl\/wp-content\/gallery\/chmura-krakow-2019\/thumbs\/thumbs_03.jpg\"\n               data-image-id=\"44881\"\n               data-title=\"03\"\n               data-description=\"\"\n               data-image-slug=\"03-24\"\n               class='thickbox' rel='0f4980e936dbbeecba3d2b0b66ef897e'>\n                <img\n                    title=\"03\"\n                    alt=\"03\"\n                    src=\"http:\/\/16lo.tarman.pl\/wp-content\/gallery\/chmura-krakow-2019\/thumbs\/thumbs_03.jpg\"\n                    width=\"120\"\n                    height=\"90\"\n                    style=\"max-width:100%;\"\n                \/>\n            <\/a>\n        <\/div>\n\t\t\t\t\t\t\t<\/div> \n\t\t\t\n                            \n\t\t\t\t<div id=\"ngg-image-4\" class=\"ngg-gallery-thumbnail-box\" >\n\t\t\t\t        <div class=\"ngg-gallery-thumbnail\">\n            <a href=\"http:\/\/16lo.tarman.pl\/wp-content\/gallery\/chmura-krakow-2019\/04.jpg\"\n               title=\"\"\n               data-src=\"http:\/\/16lo.tarman.pl\/wp-content\/gallery\/chmura-krakow-2019\/04.jpg\"\n               data-thumbnail=\"http:\/\/16lo.tarman.pl\/wp-content\/gallery\/chmura-krakow-2019\/thumbs\/thumbs_04.jpg\"\n               data-image-id=\"44882\"\n               data-title=\"04\"\n               data-description=\"\"\n               data-image-slug=\"04-23\"\n               class='thickbox' rel='0f4980e936dbbeecba3d2b0b66ef897e'>\n                <img\n                    title=\"04\"\n                    alt=\"04\"\n                    src=\"http:\/\/16lo.tarman.pl\/wp-content\/gallery\/chmura-krakow-2019\/thumbs\/thumbs_04.jpg\"\n                    width=\"120\"\n                    height=\"90\"\n                    style=\"max-width:100%;\"\n                \/>\n            <\/a>\n        <\/div>\n\t\t\t\t\t\t\t<\/div> \n\t\t\t\n                                    <br style=\"clear: both\" \/>\n                    \n\t\t\t\t<div id=\"ngg-image-5\" class=\"ngg-gallery-thumbnail-box\" >\n\t\t\t\t        <div class=\"ngg-gallery-thumbnail\">\n            <a href=\"http:\/\/16lo.tarman.pl\/wp-content\/gallery\/chmura-krakow-2019\/05.jpg\"\n               title=\"\"\n               data-src=\"http:\/\/16lo.tarman.pl\/wp-content\/gallery\/chmura-krakow-2019\/05.jpg\"\n               data-thumbnail=\"http:\/\/16lo.tarman.pl\/wp-content\/gallery\/chmura-krakow-2019\/thumbs\/thumbs_05.jpg\"\n               data-image-id=\"44883\"\n               data-title=\"05\"\n               data-description=\"\"\n               data-image-slug=\"05-20\"\n               class='thickbox' rel='0f4980e936dbbeecba3d2b0b66ef897e'>\n                <img\n                    title=\"05\"\n                    alt=\"05\"\n                    src=\"http:\/\/16lo.tarman.pl\/wp-content\/gallery\/chmura-krakow-2019\/thumbs\/thumbs_05.jpg\"\n                    width=\"120\"\n                    height=\"90\"\n                    style=\"max-width:100%;\"\n                \/>\n            <\/a>\n        <\/div>\n\t\t\t\t\t\t\t<\/div> \n\t\t\t\n                            \n\t\t\t\t<div id=\"ngg-image-6\" class=\"ngg-gallery-thumbnail-box\" >\n\t\t\t\t        <div class=\"ngg-gallery-thumbnail\">\n            <a href=\"http:\/\/16lo.tarman.pl\/wp-content\/gallery\/chmura-krakow-2019\/06.jpg\"\n               title=\"\"\n               data-src=\"http:\/\/16lo.tarman.pl\/wp-content\/gallery\/chmura-krakow-2019\/06.jpg\"\n               data-thumbnail=\"http:\/\/16lo.tarman.pl\/wp-content\/gallery\/chmura-krakow-2019\/thumbs\/thumbs_06.jpg\"\n               data-image-id=\"44884\"\n               data-title=\"06\"\n               data-description=\"\"\n               data-image-slug=\"06-21\"\n               class='thickbox' rel='0f4980e936dbbeecba3d2b0b66ef897e'>\n                <img\n                    title=\"06\"\n                    alt=\"06\"\n                    src=\"http:\/\/16lo.tarman.pl\/wp-content\/gallery\/chmura-krakow-2019\/thumbs\/thumbs_06.jpg\"\n                    width=\"120\"\n                    height=\"90\"\n                    style=\"max-width:100%;\"\n                \/>\n            <\/a>\n        <\/div>\n\t\t\t\t\t\t\t<\/div> \n\t\t\t\n                            \n\t\t\t\t<div id=\"ngg-image-7\" class=\"ngg-gallery-thumbnail-box\" >\n\t\t\t\t        <div class=\"ngg-gallery-thumbnail\">\n            <a href=\"http:\/\/16lo.tarman.pl\/wp-content\/gallery\/chmura-krakow-2019\/07.jpg\"\n               title=\"\"\n               data-src=\"http:\/\/16lo.tarman.pl\/wp-content\/gallery\/chmura-krakow-2019\/07.jpg\"\n               data-thumbnail=\"http:\/\/16lo.tarman.pl\/wp-content\/gallery\/chmura-krakow-2019\/thumbs\/thumbs_07.jpg\"\n               data-image-id=\"44885\"\n               data-title=\"07\"\n               data-description=\"\"\n               data-image-slug=\"07-18\"\n               class='thickbox' rel='0f4980e936dbbeecba3d2b0b66ef897e'>\n                <img\n                    title=\"07\"\n                    alt=\"07\"\n                    src=\"http:\/\/16lo.tarman.pl\/wp-content\/gallery\/chmura-krakow-2019\/thumbs\/thumbs_07.jpg\"\n                    width=\"120\"\n                    height=\"90\"\n                    style=\"max-width:100%;\"\n                \/>\n            <\/a>\n        <\/div>\n\t\t\t\t\t\t\t<\/div> \n\t\t\t\n                            \n\t\t\t\t<div id=\"ngg-image-8\" class=\"ngg-gallery-thumbnail-box\" >\n\t\t\t\t        <div class=\"ngg-gallery-thumbnail\">\n            <a href=\"http:\/\/16lo.tarman.pl\/wp-content\/gallery\/chmura-krakow-2019\/08.jpg\"\n               title=\"\"\n               data-src=\"http:\/\/16lo.tarman.pl\/wp-content\/gallery\/chmura-krakow-2019\/08.jpg\"\n               data-thumbnail=\"http:\/\/16lo.tarman.pl\/wp-content\/gallery\/chmura-krakow-2019\/thumbs\/thumbs_08.jpg\"\n               data-image-id=\"44886\"\n               data-title=\"08\"\n               data-description=\"\"\n               data-image-slug=\"08-15\"\n               class='thickbox' rel='0f4980e936dbbeecba3d2b0b66ef897e'>\n                <img\n                    title=\"08\"\n                    alt=\"08\"\n                    src=\"http:\/\/16lo.tarman.pl\/wp-content\/gallery\/chmura-krakow-2019\/thumbs\/thumbs_08.jpg\"\n                    width=\"120\"\n                    height=\"90\"\n                    style=\"max-width:100%;\"\n                \/>\n            <\/a>\n        <\/div>\n\t\t\t\t\t\t\t<\/div> \n\t\t\t\n                            \n\t\t\n\t\t<!-- Pagination -->\n\t<div class='ngg-clear'><\/div>\t<\/div>\n\n","protected":false},"excerpt":{"rendered":"<p>W dniach 6-8 grudnia 2019 w ramach projektu Ma\u0142opolska Chmura Edukacyjna grupa uczni\u00f3w naszej szko\u0142y [&#8230;]<\/p>\n","protected":false},"author":1,"featured_media":61327,"comment_status":"closed","ping_status":"closed","sticky":false,"template":"","format":"standard","meta":{"ngg_post_thumbnail":0},"categories":[351,353],"tags":[],"_links":{"self":[{"href":"http:\/\/16lo.tarman.pl\/index.php?rest_route=\/wp\/v2\/posts\/61271"}],"collection":[{"href":"http:\/\/16lo.tarman.pl\/index.php?rest_route=\/wp\/v2\/posts"}],"about":[{"href":"http:\/\/16lo.tarman.pl\/index.php?rest_route=\/wp\/v2\/types\/post"}],"author":[{"embeddable":true,"href":"http:\/\/16lo.tarman.pl\/index.php?rest_route=\/wp\/v2\/users\/1"}],"replies":[{"embeddable":true,"href":"http:\/\/16lo.tarman.pl\/index.php?rest_route=%2Fwp%2Fv2%2Fcomments&post=61271"}],"version-history":[{"count":2,"href":"http:\/\/16lo.tarman.pl\/index.php?rest_route=\/wp\/v2\/posts\/61271\/revisions"}],"predecessor-version":[{"id":63703,"href":"http:\/\/16lo.tarman.pl\/index.php?rest_route=\/wp\/v2\/posts\/61271\/revisions\/63703"}],"wp:featuredmedia":[{"embeddable":true,"href":"http:\/\/16lo.tarman.pl\/index.php?rest_route=\/wp\/v2\/media\/61327"}],"wp:attachment":[{"href":"http:\/\/16lo.tarman.pl\/index.php?rest_route=%2Fwp%2Fv2%2Fmedia&parent=61271"}],"wp:term":[{"taxonomy":"category","embeddable":true,"href":"http:\/\/16lo.tarman.pl\/index.php?rest_route=%2Fwp%2Fv2%2Fcategories&post=61271"},{"taxonomy":"post_tag","embeddable":true,"href":"http:\/\/16lo.tarman.pl\/index.php?rest_route=%2Fwp%2Fv2%2Ftags&post=61271"}],"curies":[{"name":"wp","href":"https:\/\/api.w.org\/{rel}","templated":true}]}}