{"id":61259,"date":"2019-12-10T19:21:50","date_gmt":"2019-12-10T19:21:50","guid":{"rendered":"http:\/\/16lo.tarman.pl\/?p=61259"},"modified":"2019-12-13T21:51:20","modified_gmt":"2019-12-13T21:51:20","slug":"ostatnie-pozegnanie-kpt-jacka-popiela-2","status":"publish","type":"post","link":"http:\/\/16lo.tarman.pl\/?p=61259","title":{"rendered":"Ostatnie po\u017cegnanie kpt. Jacka Popiela"},"content":{"rendered":"\n<p>Polskie Pa\u0144stwo Podziemne by\u0142o tajn\u0105 struktur\u0105, kt\u00f3ra odegra\u0142a fundamentalne znaczenie w procesie utrzymania przy \u017cyciu \u015bwiadomo\u015bci narodowej. Jej cz\u0142onkiem by\u0142 kpt. Jacek Popiel- przyjacielem naszej szko\u0142y. Ten wielki cz\u0142owiek zapisa\u0142 si\u0119 na kartach historii jako cz\u0142onek konspiracji wojskowej, pilot i instruktor szybowcowy, cz\u0142onek Aeroklubu Gliwickiego, ale przede wszystkim jako cz\u0142onek Batalionu Barbara 16. Pu\u0142ku Piechoty Armii Krajowej.&nbsp; Przyj\u0105wszy pseudonim \u201eLipek\u201d po\u015bwi\u0119ci\u0142 swoj\u0105 m\u0142odo\u015b\u0107, by wraz z wybuchem II wojny \u015bwiatowej walczy\u0107 w&nbsp; o niepodleg\u0142\u0105 Polsk\u0119 . W wieku 16 lat jako partyzant bra\u0142 udzia\u0142 w najwi\u0119kszym boju stoczonym przez \u017co\u0142nierzy AK z Niemcami w ramach akcji \u201eBurza\u201d. &nbsp;Dla uczni\u00f3w, pracownik\u00f3w i przyjaci\u00f3\u0142 naszej szko\u0142y zawsze b\u0119dzie wzorem do na\u015bladowania. Wraz z rodzin\u0105, przyjaci\u00f3\u0142mi oraz przedstawicielami \u015brodowisk patriotycznych uczniowie naszej&nbsp; szko\u0142y oddali ostatnie honory temu zas\u0142u\u017conemu Polakowi bior\u0105c udzia\u0142 w pogrzebie, kt\u00f3ry odby\u0142 si\u0119 w sobot\u0119 7 grudnia w \u0141\u0119kach G\u00f3rnych.<\/p>\n<!-- index.php -->\n<div\n\tclass=\"ngg-galleryoverview ngg-ajax-pagination-none\"\n\tid=\"ngg-gallery-651561b5cd0f90b3d3f6a215d7d51595-1\">\n\n    \t<div class=\"slideshowlink\">\n        <a href='http:\/\/16lo.tarman.pl\/index.php\/nggallery\/slideshow?p=61259'>[Show slideshow]<\/a>\n\t\t\n\t<\/div>\n\t\t\t<!-- Thumbnails -->\n\t\t\t\t<div id=\"ngg-image-0\" class=\"ngg-gallery-thumbnail-box\" >\n\t\t\t\t        <div class=\"ngg-gallery-thumbnail\">\n            <a href=\"http:\/\/16lo.tarman.pl\/wp-content\/gallery\/pogrzeb-kpt-j-popiela\/00.jpg\"\n               title=\"\"\n               data-src=\"http:\/\/16lo.tarman.pl\/wp-content\/gallery\/pogrzeb-kpt-j-popiela\/00.jpg\"\n               data-thumbnail=\"http:\/\/16lo.tarman.pl\/wp-content\/gallery\/pogrzeb-kpt-j-popiela\/thumbs\/thumbs_00.jpg\"\n               data-image-id=\"44871\"\n               data-title=\"00\"\n               data-description=\"\"\n               data-image-slug=\"00-15\"\n               class='thickbox' rel='651561b5cd0f90b3d3f6a215d7d51595'>\n                <img\n                    title=\"00\"\n                    alt=\"00\"\n                    src=\"http:\/\/16lo.tarman.pl\/wp-content\/gallery\/pogrzeb-kpt-j-popiela\/thumbs\/thumbs_00.jpg\"\n                    width=\"120\"\n                    height=\"90\"\n                    style=\"max-width:100%;\"\n                \/>\n            <\/a>\n        <\/div>\n\t\t\t\t\t\t\t<\/div> \n\t\t\t\n                            \n\t\t\t\t<div id=\"ngg-image-1\" class=\"ngg-gallery-thumbnail-box\" >\n\t\t\t\t        <div class=\"ngg-gallery-thumbnail\">\n            <a href=\"http:\/\/16lo.tarman.pl\/wp-content\/gallery\/pogrzeb-kpt-j-popiela\/01.jpg\"\n               title=\"\"\n               data-src=\"http:\/\/16lo.tarman.pl\/wp-content\/gallery\/pogrzeb-kpt-j-popiela\/01.jpg\"\n               data-thumbnail=\"http:\/\/16lo.tarman.pl\/wp-content\/gallery\/pogrzeb-kpt-j-popiela\/thumbs\/thumbs_01.jpg\"\n               data-image-id=\"44872\"\n               data-title=\"01\"\n               data-description=\"\"\n               data-image-slug=\"01-24\"\n               class='thickbox' rel='651561b5cd0f90b3d3f6a215d7d51595'>\n                <img\n                    title=\"01\"\n                    alt=\"01\"\n                    src=\"http:\/\/16lo.tarman.pl\/wp-content\/gallery\/pogrzeb-kpt-j-popiela\/thumbs\/thumbs_01.jpg\"\n                    width=\"120\"\n                    height=\"90\"\n                    style=\"max-width:100%;\"\n                \/>\n            <\/a>\n        <\/div>\n\t\t\t\t\t\t\t<\/div> \n\t\t\t\n                            \n\t\t\t\t<div id=\"ngg-image-2\" class=\"ngg-gallery-thumbnail-box\" >\n\t\t\t\t        <div class=\"ngg-gallery-thumbnail\">\n            <a href=\"http:\/\/16lo.tarman.pl\/wp-content\/gallery\/pogrzeb-kpt-j-popiela\/03.jpg\"\n               title=\"\"\n               data-src=\"http:\/\/16lo.tarman.pl\/wp-content\/gallery\/pogrzeb-kpt-j-popiela\/03.jpg\"\n               data-thumbnail=\"http:\/\/16lo.tarman.pl\/wp-content\/gallery\/pogrzeb-kpt-j-popiela\/thumbs\/thumbs_03.jpg\"\n               data-image-id=\"44873\"\n               data-title=\"03\"\n               data-description=\"\"\n               data-image-slug=\"03-23\"\n               class='thickbox' rel='651561b5cd0f90b3d3f6a215d7d51595'>\n                <img\n                    title=\"03\"\n                    alt=\"03\"\n                    src=\"http:\/\/16lo.tarman.pl\/wp-content\/gallery\/pogrzeb-kpt-j-popiela\/thumbs\/thumbs_03.jpg\"\n                    width=\"120\"\n                    height=\"90\"\n                    style=\"max-width:100%;\"\n                \/>\n            <\/a>\n        <\/div>\n\t\t\t\t\t\t\t<\/div> \n\t\t\t\n                            \n\t\t\t\t<div id=\"ngg-image-3\" class=\"ngg-gallery-thumbnail-box\" >\n\t\t\t\t        <div class=\"ngg-gallery-thumbnail\">\n            <a href=\"http:\/\/16lo.tarman.pl\/wp-content\/gallery\/pogrzeb-kpt-j-popiela\/04.jpg\"\n               title=\"\"\n               data-src=\"http:\/\/16lo.tarman.pl\/wp-content\/gallery\/pogrzeb-kpt-j-popiela\/04.jpg\"\n               data-thumbnail=\"http:\/\/16lo.tarman.pl\/wp-content\/gallery\/pogrzeb-kpt-j-popiela\/thumbs\/thumbs_04.jpg\"\n               data-image-id=\"44874\"\n               data-title=\"04\"\n               data-description=\"\"\n               data-image-slug=\"04-22\"\n               class='thickbox' rel='651561b5cd0f90b3d3f6a215d7d51595'>\n                <img\n                    title=\"04\"\n                    alt=\"04\"\n                    src=\"http:\/\/16lo.tarman.pl\/wp-content\/gallery\/pogrzeb-kpt-j-popiela\/thumbs\/thumbs_04.jpg\"\n                    width=\"120\"\n                    height=\"90\"\n                    style=\"max-width:100%;\"\n                \/>\n            <\/a>\n        <\/div>\n\t\t\t\t\t\t\t<\/div> \n\t\t\t\n                            \n\t\t\t\t<div id=\"ngg-image-4\" class=\"ngg-gallery-thumbnail-box\" >\n\t\t\t\t        <div class=\"ngg-gallery-thumbnail\">\n            <a href=\"http:\/\/16lo.tarman.pl\/wp-content\/gallery\/pogrzeb-kpt-j-popiela\/05.jpg\"\n               title=\"\"\n               data-src=\"http:\/\/16lo.tarman.pl\/wp-content\/gallery\/pogrzeb-kpt-j-popiela\/05.jpg\"\n               data-thumbnail=\"http:\/\/16lo.tarman.pl\/wp-content\/gallery\/pogrzeb-kpt-j-popiela\/thumbs\/thumbs_05.jpg\"\n               data-image-id=\"44875\"\n               data-title=\"05\"\n               data-description=\"\"\n               data-image-slug=\"05-19\"\n               class='thickbox' rel='651561b5cd0f90b3d3f6a215d7d51595'>\n                <img\n                    title=\"05\"\n                    alt=\"05\"\n                    src=\"http:\/\/16lo.tarman.pl\/wp-content\/gallery\/pogrzeb-kpt-j-popiela\/thumbs\/thumbs_05.jpg\"\n                    width=\"120\"\n                    height=\"90\"\n                    style=\"max-width:100%;\"\n                \/>\n            <\/a>\n        <\/div>\n\t\t\t\t\t\t\t<\/div> \n\t\t\t\n                                    <br style=\"clear: both\" \/>\n                    \n\t\t\t\t<div id=\"ngg-image-5\" class=\"ngg-gallery-thumbnail-box\" >\n\t\t\t\t        <div class=\"ngg-gallery-thumbnail\">\n            <a href=\"http:\/\/16lo.tarman.pl\/wp-content\/gallery\/pogrzeb-kpt-j-popiela\/06.jpg\"\n               title=\"\"\n               data-src=\"http:\/\/16lo.tarman.pl\/wp-content\/gallery\/pogrzeb-kpt-j-popiela\/06.jpg\"\n               data-thumbnail=\"http:\/\/16lo.tarman.pl\/wp-content\/gallery\/pogrzeb-kpt-j-popiela\/thumbs\/thumbs_06.jpg\"\n               data-image-id=\"44876\"\n               data-title=\"06\"\n               data-description=\"\"\n               data-image-slug=\"06-20\"\n               class='thickbox' rel='651561b5cd0f90b3d3f6a215d7d51595'>\n                <img\n                    title=\"06\"\n                    alt=\"06\"\n                    src=\"http:\/\/16lo.tarman.pl\/wp-content\/gallery\/pogrzeb-kpt-j-popiela\/thumbs\/thumbs_06.jpg\"\n                    width=\"120\"\n                    height=\"90\"\n                    style=\"max-width:100%;\"\n                \/>\n            <\/a>\n        <\/div>\n\t\t\t\t\t\t\t<\/div> \n\t\t\t\n                            \n\t\t\t\t<div id=\"ngg-image-6\" class=\"ngg-gallery-thumbnail-box\" >\n\t\t\t\t        <div class=\"ngg-gallery-thumbnail\">\n            <a href=\"http:\/\/16lo.tarman.pl\/wp-content\/gallery\/pogrzeb-kpt-j-popiela\/07.jpg\"\n               title=\"\"\n               data-src=\"http:\/\/16lo.tarman.pl\/wp-content\/gallery\/pogrzeb-kpt-j-popiela\/07.jpg\"\n               data-thumbnail=\"http:\/\/16lo.tarman.pl\/wp-content\/gallery\/pogrzeb-kpt-j-popiela\/thumbs\/thumbs_07.jpg\"\n               data-image-id=\"44877\"\n               data-title=\"07\"\n               data-description=\"\"\n               data-image-slug=\"07-17\"\n               class='thickbox' rel='651561b5cd0f90b3d3f6a215d7d51595'>\n                <img\n                    title=\"07\"\n                    alt=\"07\"\n                    src=\"http:\/\/16lo.tarman.pl\/wp-content\/gallery\/pogrzeb-kpt-j-popiela\/thumbs\/thumbs_07.jpg\"\n                    width=\"120\"\n                    height=\"90\"\n                    style=\"max-width:100%;\"\n                \/>\n            <\/a>\n        <\/div>\n\t\t\t\t\t\t\t<\/div> \n\t\t\t\n                            \n\t\t\n\t\t<!-- Pagination -->\n\t<div class='ngg-clear'><\/div>\t<\/div>\n\n","protected":false},"excerpt":{"rendered":"<p>Polskie Pa\u0144stwo Podziemne by\u0142o tajn\u0105 struktur\u0105, kt\u00f3ra odegra\u0142a fundamentalne znaczenie w procesie utrzymania przy \u017cyciu [&#8230;]<\/p>\n","protected":false},"author":1,"featured_media":61329,"comment_status":"closed","ping_status":"closed","sticky":false,"template":"","format":"standard","meta":{"ngg_post_thumbnail":0},"categories":[353],"tags":[],"_links":{"self":[{"href":"http:\/\/16lo.tarman.pl\/index.php?rest_route=\/wp\/v2\/posts\/61259"}],"collection":[{"href":"http:\/\/16lo.tarman.pl\/index.php?rest_route=\/wp\/v2\/posts"}],"about":[{"href":"http:\/\/16lo.tarman.pl\/index.php?rest_route=\/wp\/v2\/types\/post"}],"author":[{"embeddable":true,"href":"http:\/\/16lo.tarman.pl\/index.php?rest_route=\/wp\/v2\/users\/1"}],"replies":[{"embeddable":true,"href":"http:\/\/16lo.tarman.pl\/index.php?rest_route=%2Fwp%2Fv2%2Fcomments&post=61259"}],"version-history":[{"count":1,"href":"http:\/\/16lo.tarman.pl\/index.php?rest_route=\/wp\/v2\/posts\/61259\/revisions"}],"predecessor-version":[{"id":61260,"href":"http:\/\/16lo.tarman.pl\/index.php?rest_route=\/wp\/v2\/posts\/61259\/revisions\/61260"}],"wp:featuredmedia":[{"embeddable":true,"href":"http:\/\/16lo.tarman.pl\/index.php?rest_route=\/wp\/v2\/media\/61329"}],"wp:attachment":[{"href":"http:\/\/16lo.tarman.pl\/index.php?rest_route=%2Fwp%2Fv2%2Fmedia&parent=61259"}],"wp:term":[{"taxonomy":"category","embeddable":true,"href":"http:\/\/16lo.tarman.pl\/index.php?rest_route=%2Fwp%2Fv2%2Fcategories&post=61259"},{"taxonomy":"post_tag","embeddable":true,"href":"http:\/\/16lo.tarman.pl\/index.php?rest_route=%2Fwp%2Fv2%2Ftags&post=61259"}],"curies":[{"name":"wp","href":"https:\/\/api.w.org\/{rel}","templated":true}]}}