{"id":61109,"date":"2019-11-18T18:39:37","date_gmt":"2019-11-18T18:39:37","guid":{"rendered":"http:\/\/16lo.tarman.pl\/?p=61109"},"modified":"2019-11-18T18:39:40","modified_gmt":"2019-11-18T18:39:40","slug":"konkurs-turbolandeskunde","status":"publish","type":"post","link":"http:\/\/16lo.tarman.pl\/?p=61109","title":{"rendered":"Konkurs \u201eTurbolandeskunde\u201d"},"content":{"rendered":"\n<p><strong><em>Konkurs \u201e<\/em><\/strong><strong><em>Turbolandeskunde\u201d- W\u0119dr\u00f3wka po krajach niemieckiego obszaru j\u0119zykowego<\/em><\/strong><\/p>\n<p><strong><em>VI Edycja<\/em><\/strong><\/p>\n<p><strong><em>Temat przewodni- Szwajcaria!!!<\/em><\/strong><\/p>\n<p><strong><em>&nbsp;<\/em><\/strong><\/p>\n<p><strong><em>Interesujesz si\u0119 geografi\u0105, histori\u0105, polityk\u0105, og\u00f3lnie wiedz\u0105 krajoznawcz\u0105 kraj\u00f3w niemieckoj\u0119zycznych oraz potrafisz wsp\u00f3\u0142pracowa\u0107 w grupie\u2026 zapraszamy do konkursu dru\u017cynowego, kt\u00f3ry odb\u0119dzie si\u0119 6 grudnia 2019 r. Stw\u00f3rz 3 osobow\u0105 dru\u017cyn\u0119 z koleg\u0105\/ kole\u017cank\u0105, kt\u00f3ry\/kt\u00f3ra niekoniecznie uczy si\u0119 j. niemieckiego, bowiem pytania s\u0105 w j\u0119zyku polskim i j\u0119zyku niemieckim. Konkurs sprawdza twoj\u0105 wiedz\u0119 og\u00f3ln\u0105.<\/em><\/strong><\/p>\n<p><strong><em>Zg\u0142oszenia do p. Agnieszki Ju\u015bko- koordynatora konkursu na adres <\/em><\/strong><strong><em>centrumbibl.tarnow@gmail.com<\/em><\/strong><strong><em> do dnia 26.11.2019r.<\/em><\/strong><\/p>\n<p><strong><em>Szczeg\u00f3\u0142owy regulamin na stronie organizator\u00f3w, Polskiego Stowarzyszenia Nauczycieli J\u0119zyka Niemieckiego<\/em><\/strong><\/p>\n<p><a href=\"https:\/\/psnjn.org\/pl\/turbolandeskunde-regulamin\/\"><em>https:\/\/psnjn.org\/pl\/turbolandeskunde-regulamin\/<\/em><\/a><\/p>\n<p><strong><em>&nbsp;<\/em><\/strong><\/p>\n<p><strong><em>Zapraszamy!<\/em><\/strong><\/p>\n<p><strong><em>Englisch ist ein Muss,<\/em><\/strong><\/p>\n<p><strong><em>Deutsch ist ein Plus !!!<\/em><\/strong><\/p>\n<p>Zgoda na udzia\u0142: <a href=\"http:\/\/16lo.tarman.pl\/wp-content\/uploads\/2019\/11\/Zalacznik-nr-4.pdf\">Zalacznik nr 4<\/a><\/p>\n<p>Wymagania: <a href=\"http:\/\/16lo.tarman.pl\/wp-content\/uploads\/2019\/11\/Zalacznik-nr-2.pdf\">Zalacznik nr 2<\/a><\/p>\n<p>&nbsp;<\/p>\n<p><strong><em>&nbsp;<\/em><\/strong><\/p>\n<p><strong><em>&nbsp;<\/em><\/strong><\/p>\n<p><strong>&nbsp;<\/strong><\/p>\n","protected":false},"excerpt":{"rendered":"<p>Konkurs \u201eTurbolandeskunde\u201d- W\u0119dr\u00f3wka po krajach niemieckiego obszaru j\u0119zykowego VI Edycja Temat przewodni- Szwajcaria!!! &nbsp; Interesujesz [&#8230;]<\/p>\n","protected":false},"author":1,"featured_media":0,"comment_status":"closed","ping_status":"closed","sticky":false,"template":"","format":"standard","meta":{"ngg_post_thumbnail":0},"categories":[114,352],"tags":[],"_links":{"self":[{"href":"http:\/\/16lo.tarman.pl\/index.php?rest_route=\/wp\/v2\/posts\/61109"}],"collection":[{"href":"http:\/\/16lo.tarman.pl\/index.php?rest_route=\/wp\/v2\/posts"}],"about":[{"href":"http:\/\/16lo.tarman.pl\/index.php?rest_route=\/wp\/v2\/types\/post"}],"author":[{"embeddable":true,"href":"http:\/\/16lo.tarman.pl\/index.php?rest_route=\/wp\/v2\/users\/1"}],"replies":[{"embeddable":true,"href":"http:\/\/16lo.tarman.pl\/index.php?rest_route=%2Fwp%2Fv2%2Fcomments&post=61109"}],"version-history":[{"count":1,"href":"http:\/\/16lo.tarman.pl\/index.php?rest_route=\/wp\/v2\/posts\/61109\/revisions"}],"predecessor-version":[{"id":61110,"href":"http:\/\/16lo.tarman.pl\/index.php?rest_route=\/wp\/v2\/posts\/61109\/revisions\/61110"}],"wp:attachment":[{"href":"http:\/\/16lo.tarman.pl\/index.php?rest_route=%2Fwp%2Fv2%2Fmedia&parent=61109"}],"wp:term":[{"taxonomy":"category","embeddable":true,"href":"http:\/\/16lo.tarman.pl\/index.php?rest_route=%2Fwp%2Fv2%2Fcategories&post=61109"},{"taxonomy":"post_tag","embeddable":true,"href":"http:\/\/16lo.tarman.pl\/index.php?rest_route=%2Fwp%2Fv2%2Ftags&post=61109"}],"curies":[{"name":"wp","href":"https:\/\/api.w.org\/{rel}","templated":true}]}}