{"id":61092,"date":"2019-11-17T13:40:05","date_gmt":"2019-11-17T13:40:05","guid":{"rendered":"http:\/\/16lo.tarman.pl\/?p=61092"},"modified":"2019-12-17T20:51:55","modified_gmt":"2019-12-17T20:51:55","slug":"kurs-na-pletwonurka","status":"publish","type":"post","link":"http:\/\/16lo.tarman.pl\/?p=61092","title":{"rendered":"Kurs na p\u0142etwonurka"},"content":{"rendered":"\n<p><strong>Kurs na p\u0142etwonurka kategorii&nbsp; P1 (max g\u0142\u0119boko\u015b\u0107 20m)<\/strong><\/p>\n<p><strong>Termin:<\/strong> (20-27 czerwca 2020r.)<\/p>\n<p><strong>Lokalizacja<\/strong>: Mazury, jezioro Mamry<\/p>\n<p>Cena kursu <strong>(1950 z\u0142)<\/strong> obejmuje:<\/p>\n<p>&#8211; przejazd tam i z powrotem: Tarn\u00f3w \u2013 W\u0119gorzewo<\/p>\n<p>&#8211; baza noclegowa: o\u015brodek wypoczynkowy <strong>K\u0119trzy\u0144ska Przysta\u0144<\/strong>,<\/p>\n<p>domki z dwuosobowymi pokojami<\/p>\n<p>&#8211; wy\u017cywienie<\/p>\n<p>&#8211; zaj\u0119cia praktyczne i teoretyczne prowadzone przez certyfikowanych instruktor\u00f3w, sprz\u0119t nurkowy<\/p>\n<p>&#8211; komplet dokument\u00f3w po zako\u0144czeniu kursu<\/p>\n<p>&nbsp;<\/p>\n<p>Zg\u0142oszenia przyjmuje organizator wyjazdu, <strong>nauczyciel j\u0119zyka angielskiego Piotr Stec<\/strong>.<\/p>\n<p>Termin sk\u0142adnia zg\u0142osze\u0144 \u2013 31 stycznia 2020.<\/p>\n\n\n\n<p><img decoding=\"async\" loading=\"lazy\" class=\"aligncenter size-large wp-image-61091\" src=\"http:\/\/16lo.tarman.pl\/wp-content\/uploads\/2019\/11\/kurs-nurka-1-1024x724.jpg\" alt=\"\" width=\"860\" height=\"608\" srcset=\"http:\/\/16lo.tarman.pl\/wp-content\/uploads\/2019\/11\/kurs-nurka-1-1024x724.jpg 1024w, http:\/\/16lo.tarman.pl\/wp-content\/uploads\/2019\/11\/kurs-nurka-1-300x212.jpg 300w, http:\/\/16lo.tarman.pl\/wp-content\/uploads\/2019\/11\/kurs-nurka-1-768x543.jpg 768w\" sizes=\"(max-width: 860px) 100vw, 860px\" \/><\/p>\n","protected":false},"excerpt":{"rendered":"<p>Kurs na p\u0142etwonurka kategorii&nbsp; P1 (max g\u0142\u0119boko\u015b\u0107 20m) Termin: (20-27 czerwca 2020r.) Lokalizacja: Mazury, jezioro [&#8230;]<\/p>\n","protected":false},"author":1,"featured_media":61437,"comment_status":"closed","ping_status":"closed","sticky":false,"template":"","format":"standard","meta":{"ngg_post_thumbnail":0},"categories":[1,352,361],"tags":[],"_links":{"self":[{"href":"http:\/\/16lo.tarman.pl\/index.php?rest_route=\/wp\/v2\/posts\/61092"}],"collection":[{"href":"http:\/\/16lo.tarman.pl\/index.php?rest_route=\/wp\/v2\/posts"}],"about":[{"href":"http:\/\/16lo.tarman.pl\/index.php?rest_route=\/wp\/v2\/types\/post"}],"author":[{"embeddable":true,"href":"http:\/\/16lo.tarman.pl\/index.php?rest_route=\/wp\/v2\/users\/1"}],"replies":[{"embeddable":true,"href":"http:\/\/16lo.tarman.pl\/index.php?rest_route=%2Fwp%2Fv2%2Fcomments&post=61092"}],"version-history":[{"count":2,"href":"http:\/\/16lo.tarman.pl\/index.php?rest_route=\/wp\/v2\/posts\/61092\/revisions"}],"predecessor-version":[{"id":61438,"href":"http:\/\/16lo.tarman.pl\/index.php?rest_route=\/wp\/v2\/posts\/61092\/revisions\/61438"}],"wp:featuredmedia":[{"embeddable":true,"href":"http:\/\/16lo.tarman.pl\/index.php?rest_route=\/wp\/v2\/media\/61437"}],"wp:attachment":[{"href":"http:\/\/16lo.tarman.pl\/index.php?rest_route=%2Fwp%2Fv2%2Fmedia&parent=61092"}],"wp:term":[{"taxonomy":"category","embeddable":true,"href":"http:\/\/16lo.tarman.pl\/index.php?rest_route=%2Fwp%2Fv2%2Fcategories&post=61092"},{"taxonomy":"post_tag","embeddable":true,"href":"http:\/\/16lo.tarman.pl\/index.php?rest_route=%2Fwp%2Fv2%2Ftags&post=61092"}],"curies":[{"name":"wp","href":"https:\/\/api.w.org\/{rel}","templated":true}]}}