{"id":61050,"date":"2019-11-05T07:53:34","date_gmt":"2019-11-05T07:53:34","guid":{"rendered":"http:\/\/16lo.tarman.pl\/?p=61050"},"modified":"2019-11-05T07:53:37","modified_gmt":"2019-11-05T07:53:37","slug":"pamiec-o-grobach-polskich-patriotow","status":"publish","type":"post","link":"http:\/\/16lo.tarman.pl\/?p=61050","title":{"rendered":"Pami\u0119\u0107 o grobach polskich patriot\u00f3w"},"content":{"rendered":"\n<p>Pami\u0119\u0107 o zmar\u0142ych&nbsp; przodkach oraz oddawanie im szacunku&nbsp; to jeden z filar\u00f3w ka\u017cdej spo\u0142eczno\u015bci. To oni tworzyli tradycj\u0119, kultur\u0119, a cz\u0119sto walczyli o wolno\u015b\u0107 i niepodleg\u0142o\u015b\u0107. Wspominaj\u0105c w listopadowym okresie zadumy zas\u0142u\u017conych obywateli uczniowie naszej szko\u0142y zadbali o czysto\u015b\u0107 i wygl\u0105d mogi\u0142y powsta\u0144c\u00f3w styczniowych z 1863 roku na Starym cmentarzu w Tarnowie. Nie zapomniano tak\u017ce o uczczeniu pami\u0119ci dra p\u0142ka&nbsp; Jerzego Pertkiewicza- honorowego obywatela miasta Tarnowa, prawdziwego przyjaciela naszej szko\u0142y, kt\u00f3ry jest r\u00f3wnocze\u015bnie patronem wszystkich klas mundurowych XVI LO.<\/p>\n<!-- index.php -->\n<div\n\tclass=\"ngg-galleryoverview ngg-ajax-pagination-none\"\n\tid=\"ngg-gallery-17ef96549175d3bc73dd1cdb62857996-1\">\n\n    \t<div class=\"slideshowlink\">\n        <a href='http:\/\/16lo.tarman.pl\/index.php\/nggallery\/slideshow?p=61050'>[Show slideshow]<\/a>\n\t\t\n\t<\/div>\n\t\t\t<!-- Thumbnails -->\n\t\t\t\t<div id=\"ngg-image-0\" class=\"ngg-gallery-thumbnail-box\" >\n\t\t\t\t        <div class=\"ngg-gallery-thumbnail\">\n            <a href=\"http:\/\/16lo.tarman.pl\/wp-content\/gallery\/mundurowi-pamietaja-2019\/IMG_20191031_092605.jpg\"\n               title=\"\"\n               data-src=\"http:\/\/16lo.tarman.pl\/wp-content\/gallery\/mundurowi-pamietaja-2019\/IMG_20191031_092605.jpg\"\n               data-thumbnail=\"http:\/\/16lo.tarman.pl\/wp-content\/gallery\/mundurowi-pamietaja-2019\/thumbs\/thumbs_IMG_20191031_092605.jpg\"\n               data-image-id=\"44749\"\n               data-title=\"IMG_20191031_092605\"\n               data-description=\"\"\n               data-image-slug=\"img_20191031_092605\"\n               class='thickbox' rel='17ef96549175d3bc73dd1cdb62857996'>\n                <img\n                    title=\"IMG_20191031_092605\"\n                    alt=\"IMG_20191031_092605\"\n                    src=\"http:\/\/16lo.tarman.pl\/wp-content\/gallery\/mundurowi-pamietaja-2019\/thumbs\/thumbs_IMG_20191031_092605.jpg\"\n                    width=\"120\"\n                    height=\"90\"\n                    style=\"max-width:100%;\"\n                \/>\n            <\/a>\n        <\/div>\n\t\t\t\t\t\t\t<\/div> \n\t\t\t\n                            \n\t\t\t\t<div id=\"ngg-image-1\" class=\"ngg-gallery-thumbnail-box\" >\n\t\t\t\t        <div class=\"ngg-gallery-thumbnail\">\n            <a href=\"http:\/\/16lo.tarman.pl\/wp-content\/gallery\/mundurowi-pamietaja-2019\/IMG_20191031_092631.jpg\"\n               title=\"\"\n               data-src=\"http:\/\/16lo.tarman.pl\/wp-content\/gallery\/mundurowi-pamietaja-2019\/IMG_20191031_092631.jpg\"\n               data-thumbnail=\"http:\/\/16lo.tarman.pl\/wp-content\/gallery\/mundurowi-pamietaja-2019\/thumbs\/thumbs_IMG_20191031_092631.jpg\"\n               data-image-id=\"44750\"\n               data-title=\"IMG_20191031_092631\"\n               data-description=\"\"\n               data-image-slug=\"img_20191031_092631\"\n               class='thickbox' rel='17ef96549175d3bc73dd1cdb62857996'>\n                <img\n                    title=\"IMG_20191031_092631\"\n                    alt=\"IMG_20191031_092631\"\n                    src=\"http:\/\/16lo.tarman.pl\/wp-content\/gallery\/mundurowi-pamietaja-2019\/thumbs\/thumbs_IMG_20191031_092631.jpg\"\n                    width=\"120\"\n                    height=\"90\"\n                    style=\"max-width:100%;\"\n                \/>\n            <\/a>\n        <\/div>\n\t\t\t\t\t\t\t<\/div> \n\t\t\t\n                            \n\t\t\t\t<div id=\"ngg-image-2\" class=\"ngg-gallery-thumbnail-box\" >\n\t\t\t\t        <div class=\"ngg-gallery-thumbnail\">\n            <a href=\"http:\/\/16lo.tarman.pl\/wp-content\/gallery\/mundurowi-pamietaja-2019\/IMG_20191031_092738.jpg\"\n               title=\"\"\n               data-src=\"http:\/\/16lo.tarman.pl\/wp-content\/gallery\/mundurowi-pamietaja-2019\/IMG_20191031_092738.jpg\"\n               data-thumbnail=\"http:\/\/16lo.tarman.pl\/wp-content\/gallery\/mundurowi-pamietaja-2019\/thumbs\/thumbs_IMG_20191031_092738.jpg\"\n               data-image-id=\"44751\"\n               data-title=\"IMG_20191031_092738\"\n               data-description=\"\"\n               data-image-slug=\"img_20191031_092738\"\n               class='thickbox' rel='17ef96549175d3bc73dd1cdb62857996'>\n                <img\n                    title=\"IMG_20191031_092738\"\n                    alt=\"IMG_20191031_092738\"\n                    src=\"http:\/\/16lo.tarman.pl\/wp-content\/gallery\/mundurowi-pamietaja-2019\/thumbs\/thumbs_IMG_20191031_092738.jpg\"\n                    width=\"120\"\n                    height=\"90\"\n                    style=\"max-width:100%;\"\n                \/>\n            <\/a>\n        <\/div>\n\t\t\t\t\t\t\t<\/div> \n\t\t\t\n                            \n\t\t\t\t<div id=\"ngg-image-3\" class=\"ngg-gallery-thumbnail-box\" >\n\t\t\t\t        <div class=\"ngg-gallery-thumbnail\">\n            <a href=\"http:\/\/16lo.tarman.pl\/wp-content\/gallery\/mundurowi-pamietaja-2019\/IMG_20191031_092803.jpg\"\n               title=\"\"\n               data-src=\"http:\/\/16lo.tarman.pl\/wp-content\/gallery\/mundurowi-pamietaja-2019\/IMG_20191031_092803.jpg\"\n               data-thumbnail=\"http:\/\/16lo.tarman.pl\/wp-content\/gallery\/mundurowi-pamietaja-2019\/thumbs\/thumbs_IMG_20191031_092803.jpg\"\n               data-image-id=\"44752\"\n               data-title=\"IMG_20191031_092803\"\n               data-description=\"\"\n               data-image-slug=\"img_20191031_092803\"\n               class='thickbox' rel='17ef96549175d3bc73dd1cdb62857996'>\n                <img\n                    title=\"IMG_20191031_092803\"\n                    alt=\"IMG_20191031_092803\"\n                    src=\"http:\/\/16lo.tarman.pl\/wp-content\/gallery\/mundurowi-pamietaja-2019\/thumbs\/thumbs_IMG_20191031_092803.jpg\"\n                    width=\"120\"\n                    height=\"90\"\n                    style=\"max-width:100%;\"\n                \/>\n            <\/a>\n        <\/div>\n\t\t\t\t\t\t\t<\/div> \n\t\t\t\n                            \n\t\t\t\t<div id=\"ngg-image-4\" class=\"ngg-gallery-thumbnail-box\" >\n\t\t\t\t        <div class=\"ngg-gallery-thumbnail\">\n            <a href=\"http:\/\/16lo.tarman.pl\/wp-content\/gallery\/mundurowi-pamietaja-2019\/IMG_20191031_092810.jpg\"\n               title=\"\"\n               data-src=\"http:\/\/16lo.tarman.pl\/wp-content\/gallery\/mundurowi-pamietaja-2019\/IMG_20191031_092810.jpg\"\n               data-thumbnail=\"http:\/\/16lo.tarman.pl\/wp-content\/gallery\/mundurowi-pamietaja-2019\/thumbs\/thumbs_IMG_20191031_092810.jpg\"\n               data-image-id=\"44753\"\n               data-title=\"IMG_20191031_092810\"\n               data-description=\"\"\n               data-image-slug=\"img_20191031_092810\"\n               class='thickbox' rel='17ef96549175d3bc73dd1cdb62857996'>\n                <img\n                    title=\"IMG_20191031_092810\"\n                    alt=\"IMG_20191031_092810\"\n                    src=\"http:\/\/16lo.tarman.pl\/wp-content\/gallery\/mundurowi-pamietaja-2019\/thumbs\/thumbs_IMG_20191031_092810.jpg\"\n                    width=\"120\"\n                    height=\"90\"\n                    style=\"max-width:100%;\"\n                \/>\n            <\/a>\n        <\/div>\n\t\t\t\t\t\t\t<\/div> \n\t\t\t\n                                    <br style=\"clear: both\" \/>\n                    \n\t\t\t\t<div id=\"ngg-image-5\" class=\"ngg-gallery-thumbnail-box\" >\n\t\t\t\t        <div class=\"ngg-gallery-thumbnail\">\n            <a href=\"http:\/\/16lo.tarman.pl\/wp-content\/gallery\/mundurowi-pamietaja-2019\/IMG_20191031_092839.jpg\"\n               title=\"\"\n               data-src=\"http:\/\/16lo.tarman.pl\/wp-content\/gallery\/mundurowi-pamietaja-2019\/IMG_20191031_092839.jpg\"\n               data-thumbnail=\"http:\/\/16lo.tarman.pl\/wp-content\/gallery\/mundurowi-pamietaja-2019\/thumbs\/thumbs_IMG_20191031_092839.jpg\"\n               data-image-id=\"44754\"\n               data-title=\"IMG_20191031_092839\"\n               data-description=\"\"\n               data-image-slug=\"img_20191031_092839\"\n               class='thickbox' rel='17ef96549175d3bc73dd1cdb62857996'>\n                <img\n                    title=\"IMG_20191031_092839\"\n                    alt=\"IMG_20191031_092839\"\n                    src=\"http:\/\/16lo.tarman.pl\/wp-content\/gallery\/mundurowi-pamietaja-2019\/thumbs\/thumbs_IMG_20191031_092839.jpg\"\n                    width=\"120\"\n                    height=\"90\"\n                    style=\"max-width:100%;\"\n                \/>\n            <\/a>\n        <\/div>\n\t\t\t\t\t\t\t<\/div> \n\t\t\t\n                            \n\t\t\t\t<div id=\"ngg-image-6\" class=\"ngg-gallery-thumbnail-box\" >\n\t\t\t\t        <div class=\"ngg-gallery-thumbnail\">\n            <a href=\"http:\/\/16lo.tarman.pl\/wp-content\/gallery\/mundurowi-pamietaja-2019\/IMG_20191031_092843.jpg\"\n               title=\"\"\n               data-src=\"http:\/\/16lo.tarman.pl\/wp-content\/gallery\/mundurowi-pamietaja-2019\/IMG_20191031_092843.jpg\"\n               data-thumbnail=\"http:\/\/16lo.tarman.pl\/wp-content\/gallery\/mundurowi-pamietaja-2019\/thumbs\/thumbs_IMG_20191031_092843.jpg\"\n               data-image-id=\"44755\"\n               data-title=\"IMG_20191031_092843\"\n               data-description=\"\"\n               data-image-slug=\"img_20191031_092843\"\n               class='thickbox' rel='17ef96549175d3bc73dd1cdb62857996'>\n                <img\n                    title=\"IMG_20191031_092843\"\n                    alt=\"IMG_20191031_092843\"\n                    src=\"http:\/\/16lo.tarman.pl\/wp-content\/gallery\/mundurowi-pamietaja-2019\/thumbs\/thumbs_IMG_20191031_092843.jpg\"\n                    width=\"120\"\n                    height=\"90\"\n                    style=\"max-width:100%;\"\n                \/>\n            <\/a>\n        <\/div>\n\t\t\t\t\t\t\t<\/div> \n\t\t\t\n                            \n\t\t\t\t<div id=\"ngg-image-7\" class=\"ngg-gallery-thumbnail-box\" >\n\t\t\t\t        <div class=\"ngg-gallery-thumbnail\">\n            <a href=\"http:\/\/16lo.tarman.pl\/wp-content\/gallery\/mundurowi-pamietaja-2019\/IMG_20191031_095233_1.jpg\"\n               title=\"\"\n               data-src=\"http:\/\/16lo.tarman.pl\/wp-content\/gallery\/mundurowi-pamietaja-2019\/IMG_20191031_095233_1.jpg\"\n               data-thumbnail=\"http:\/\/16lo.tarman.pl\/wp-content\/gallery\/mundurowi-pamietaja-2019\/thumbs\/thumbs_IMG_20191031_095233_1.jpg\"\n               data-image-id=\"44756\"\n               data-title=\"IMG_20191031_095233_1\"\n               data-description=\"\"\n               data-image-slug=\"img_20191031_095233_1\"\n               class='thickbox' rel='17ef96549175d3bc73dd1cdb62857996'>\n                <img\n                    title=\"IMG_20191031_095233_1\"\n                    alt=\"IMG_20191031_095233_1\"\n                    src=\"http:\/\/16lo.tarman.pl\/wp-content\/gallery\/mundurowi-pamietaja-2019\/thumbs\/thumbs_IMG_20191031_095233_1.jpg\"\n                    width=\"120\"\n                    height=\"90\"\n                    style=\"max-width:100%;\"\n                \/>\n            <\/a>\n        <\/div>\n\t\t\t\t\t\t\t<\/div> \n\t\t\t\n                            \n\t\t\t\t<div id=\"ngg-image-8\" class=\"ngg-gallery-thumbnail-box\" >\n\t\t\t\t        <div class=\"ngg-gallery-thumbnail\">\n            <a href=\"http:\/\/16lo.tarman.pl\/wp-content\/gallery\/mundurowi-pamietaja-2019\/IMG_20191031_100449_1.jpg\"\n               title=\"\"\n               data-src=\"http:\/\/16lo.tarman.pl\/wp-content\/gallery\/mundurowi-pamietaja-2019\/IMG_20191031_100449_1.jpg\"\n               data-thumbnail=\"http:\/\/16lo.tarman.pl\/wp-content\/gallery\/mundurowi-pamietaja-2019\/thumbs\/thumbs_IMG_20191031_100449_1.jpg\"\n               data-image-id=\"44757\"\n               data-title=\"IMG_20191031_100449_1\"\n               data-description=\"\"\n               data-image-slug=\"img_20191031_100449_1\"\n               class='thickbox' rel='17ef96549175d3bc73dd1cdb62857996'>\n                <img\n                    title=\"IMG_20191031_100449_1\"\n                    alt=\"IMG_20191031_100449_1\"\n                    src=\"http:\/\/16lo.tarman.pl\/wp-content\/gallery\/mundurowi-pamietaja-2019\/thumbs\/thumbs_IMG_20191031_100449_1.jpg\"\n                    width=\"120\"\n                    height=\"90\"\n                    style=\"max-width:100%;\"\n                \/>\n            <\/a>\n        <\/div>\n\t\t\t\t\t\t\t<\/div> \n\t\t\t\n                            \n\t\t\t\t<div id=\"ngg-image-9\" class=\"ngg-gallery-thumbnail-box\" >\n\t\t\t\t        <div class=\"ngg-gallery-thumbnail\">\n            <a href=\"http:\/\/16lo.tarman.pl\/wp-content\/gallery\/mundurowi-pamietaja-2019\/IMG_20191031_101858.jpg\"\n               title=\"\"\n               data-src=\"http:\/\/16lo.tarman.pl\/wp-content\/gallery\/mundurowi-pamietaja-2019\/IMG_20191031_101858.jpg\"\n               data-thumbnail=\"http:\/\/16lo.tarman.pl\/wp-content\/gallery\/mundurowi-pamietaja-2019\/thumbs\/thumbs_IMG_20191031_101858.jpg\"\n               data-image-id=\"44758\"\n               data-title=\"IMG_20191031_101858\"\n               data-description=\"\"\n               data-image-slug=\"img_20191031_101858\"\n               class='thickbox' rel='17ef96549175d3bc73dd1cdb62857996'>\n                <img\n                    title=\"IMG_20191031_101858\"\n                    alt=\"IMG_20191031_101858\"\n                    src=\"http:\/\/16lo.tarman.pl\/wp-content\/gallery\/mundurowi-pamietaja-2019\/thumbs\/thumbs_IMG_20191031_101858.jpg\"\n                    width=\"120\"\n                    height=\"90\"\n                    style=\"max-width:100%;\"\n                \/>\n            <\/a>\n        <\/div>\n\t\t\t\t\t\t\t<\/div> \n\t\t\t\n                                    <br style=\"clear: both\" \/>\n                    \n\t\t\n\t\t<!-- Pagination -->\n\t<div class='ngg-clear'><\/div>\t<\/div>\n\n","protected":false},"excerpt":{"rendered":"<p>Pami\u0119\u0107 o zmar\u0142ych&nbsp; przodkach oraz oddawanie im szacunku&nbsp; to jeden z filar\u00f3w ka\u017cdej spo\u0142eczno\u015bci. To [&#8230;]<\/p>\n","protected":false},"author":1,"featured_media":0,"comment_status":"closed","ping_status":"closed","sticky":false,"template":"","format":"standard","meta":{"ngg_post_thumbnail":0},"categories":[1,349],"tags":[],"_links":{"self":[{"href":"http:\/\/16lo.tarman.pl\/index.php?rest_route=\/wp\/v2\/posts\/61050"}],"collection":[{"href":"http:\/\/16lo.tarman.pl\/index.php?rest_route=\/wp\/v2\/posts"}],"about":[{"href":"http:\/\/16lo.tarman.pl\/index.php?rest_route=\/wp\/v2\/types\/post"}],"author":[{"embeddable":true,"href":"http:\/\/16lo.tarman.pl\/index.php?rest_route=\/wp\/v2\/users\/1"}],"replies":[{"embeddable":true,"href":"http:\/\/16lo.tarman.pl\/index.php?rest_route=%2Fwp%2Fv2%2Fcomments&post=61050"}],"version-history":[{"count":1,"href":"http:\/\/16lo.tarman.pl\/index.php?rest_route=\/wp\/v2\/posts\/61050\/revisions"}],"predecessor-version":[{"id":61051,"href":"http:\/\/16lo.tarman.pl\/index.php?rest_route=\/wp\/v2\/posts\/61050\/revisions\/61051"}],"wp:attachment":[{"href":"http:\/\/16lo.tarman.pl\/index.php?rest_route=%2Fwp%2Fv2%2Fmedia&parent=61050"}],"wp:term":[{"taxonomy":"category","embeddable":true,"href":"http:\/\/16lo.tarman.pl\/index.php?rest_route=%2Fwp%2Fv2%2Fcategories&post=61050"},{"taxonomy":"post_tag","embeddable":true,"href":"http:\/\/16lo.tarman.pl\/index.php?rest_route=%2Fwp%2Fv2%2Ftags&post=61050"}],"curies":[{"name":"wp","href":"https:\/\/api.w.org\/{rel}","templated":true}]}}