{"id":60786,"date":"2019-10-02T17:27:12","date_gmt":"2019-10-02T17:27:12","guid":{"rendered":"http:\/\/16lo.tarman.pl\/?p=60786"},"modified":"2019-12-15T09:15:58","modified_gmt":"2019-12-15T09:15:58","slug":"zloty-medal-xvi-lo-w-ogolnopolskich-zawodach-o-srebrne-muszkiety","status":"publish","type":"post","link":"http:\/\/16lo.tarman.pl\/?p=60786","title":{"rendered":"Z\u0141OTY MEDAL XVI LO W OG\u00d3LNOPOLSKICH ZAWODACH \u201e O SREBRNE MUSZKIETY\u201d"},"content":{"rendered":"\n<p>XVI Liceum Og\u00f3lnokszta\u0142c\u0105ce od lat krzewi w\u015br\u00f3d m\u0142odzie\u017cy postawy zwi\u0105zane z patriotyzmem oraz obronno\u015bci\u0105 kraju. W tej najwi\u0119kszej w mie\u015bcie i regionie szkole mundurowej uczniowie poznaj\u0105 tajniki musztry paradnej, szyku wojskowego oraz zagadnie\u0144 zwi\u0105zanych ze sprawno\u015bci\u0105 fizyczn\u0105. Dzi\u0119ki \u0107wiczeniom, ci\u0119\u017ckiej pracy oraz przygotowaniu pod okiem pana Ryszarda W\u0105troby tarnowska Szesnastka mo\u017ce poszczyci\u0107 si\u0119<strong> Z\u0142otym Medalem w Og\u00f3lnopolskich Zawodach Strzeleckich \u201eO srebrne muszkiety\u201d. <\/strong>Zawody zorganizowane zosta\u0142y&nbsp;przez Wojskowe Stowarzyszenie \u201eSport- Turystyka- Obronno\u015b\u0107\u201d przy wsparciu Departamentu Edukacji, Kultury i Dziedzictwa MON. Na strzelinicy Zawiszy w Bydgoszczy m\u0142odzi sportowcy ze szk\u00f3\u0142 z ca\u0142ej Polski rywalizowali w konkurencji karabinu sportowego 60 strza\u0142\u00f3w w postawie le\u017c\u0105cej (odleg\u0142o\u015b\u0107 strzelania \u2013 50 m). Uczennice XVI LO dzi\u0119ki wystrzelaniu 1782,2 pkt. zaj\u0119\u0142y zar\u00f3wno I miejsce w kategorii dru\u017cynowej (Mariola Plebanek, Justyna Czosnyka, Angelika K\u0142usek), jak i indywidualnej.<\/p>\n<p><strong>Z\u0142oty medal wystrzela\u0142a Mariola Plebanek, uczennica klasy o profilu po\u017carniczym z ko\u0144cowym wynikiem 608,5 pkt. <\/strong>Dzi\u0119ki przygotowaniu ze strony trenera oraz szko\u0142y VI miejsce w og\u00f3lnopolskiej klasyfikacji zaj\u0119\u0142a tak\u017ce dru\u017cyna m\u0119ska uzyskuj\u0105c 1709,7 pkt. ( Bartosz Czader, Mi\u0142osz Fry\u015b, Micha\u0142 Patrza\u0142ek).<\/p>\n<p>Za wsparcie i mo\u017cliwo\u015b\u0107 rozwoju szko\u0142a sk\u0142ada podzi\u0119kowania firmie WOJ-POL- p. W. Zbrze\u017aniakowi oraz p. J. Gibzi\u0144skiemu<\/p>\n<p><img decoding=\"async\" loading=\"lazy\" class=\"wp-image-60799 alignleft\" src=\"http:\/\/16lo.tarman.pl\/wp-content\/uploads\/2019\/10\/Plebanek-dyplom.png\" alt=\"\" width=\"235\" height=\"329\" srcset=\"http:\/\/16lo.tarman.pl\/wp-content\/uploads\/2019\/10\/Plebanek-dyplom.png 421w, http:\/\/16lo.tarman.pl\/wp-content\/uploads\/2019\/10\/Plebanek-dyplom-214x300.png 214w\" sizes=\"(max-width: 235px) 100vw, 235px\" \/> <img decoding=\"async\" loading=\"lazy\" class=\"wp-image-60798 alignleft\" src=\"http:\/\/16lo.tarman.pl\/wp-content\/uploads\/2019\/10\/Dziewczeta-dyplom.png\" alt=\"\" width=\"232\" height=\"326\" srcset=\"http:\/\/16lo.tarman.pl\/wp-content\/uploads\/2019\/10\/Dziewczeta-dyplom.png 417w, http:\/\/16lo.tarman.pl\/wp-content\/uploads\/2019\/10\/Dziewczeta-dyplom-213x300.png 213w\" sizes=\"(max-width: 232px) 100vw, 232px\" \/> <img decoding=\"async\" loading=\"lazy\" class=\"wp-image-60797 alignleft\" src=\"http:\/\/16lo.tarman.pl\/wp-content\/uploads\/2019\/10\/Chlopaki-dyplom.png\" alt=\"\" width=\"246\" height=\"334\" srcset=\"http:\/\/16lo.tarman.pl\/wp-content\/uploads\/2019\/10\/Chlopaki-dyplom.png 434w, http:\/\/16lo.tarman.pl\/wp-content\/uploads\/2019\/10\/Chlopaki-dyplom-221x300.png 221w\" sizes=\"(max-width: 246px) 100vw, 246px\" \/><\/p>\n<!-- index.php -->\n<div\n\tclass=\"ngg-galleryoverview ngg-ajax-pagination-none\"\n\tid=\"ngg-gallery-181e695808161675d0376f95c848dc23-1\">\n\n    \t<div class=\"slideshowlink\">\n        <a href='http:\/\/16lo.tarman.pl\/index.php\/nggallery\/slideshow?p=60786'>[Show slideshow]<\/a>\n\t\t\n\t<\/div>\n\t\t\t<!-- Thumbnails -->\n\t\t\t\t<div id=\"ngg-image-0\" class=\"ngg-gallery-thumbnail-box\" >\n\t\t\t\t        <div class=\"ngg-gallery-thumbnail\">\n            <a href=\"http:\/\/16lo.tarman.pl\/wp-content\/gallery\/srebrne-muszkiety-2019\/00.jpg\"\n               title=\"\"\n               data-src=\"http:\/\/16lo.tarman.pl\/wp-content\/gallery\/srebrne-muszkiety-2019\/00.jpg\"\n               data-thumbnail=\"http:\/\/16lo.tarman.pl\/wp-content\/gallery\/srebrne-muszkiety-2019\/thumbs\/thumbs_00.jpg\"\n               data-image-id=\"44588\"\n               data-title=\"00\"\n               data-description=\"\"\n               data-image-slug=\"00-2\"\n               class='thickbox' rel='181e695808161675d0376f95c848dc23'>\n                <img\n                    title=\"00\"\n                    alt=\"00\"\n                    src=\"http:\/\/16lo.tarman.pl\/wp-content\/gallery\/srebrne-muszkiety-2019\/thumbs\/thumbs_00.jpg\"\n                    width=\"120\"\n                    height=\"90\"\n                    style=\"max-width:100%;\"\n                \/>\n            <\/a>\n        <\/div>\n\t\t\t\t\t\t\t<\/div> \n\t\t\t\n                            \n\t\t\t\t<div id=\"ngg-image-1\" class=\"ngg-gallery-thumbnail-box\" >\n\t\t\t\t        <div class=\"ngg-gallery-thumbnail\">\n            <a href=\"http:\/\/16lo.tarman.pl\/wp-content\/gallery\/srebrne-muszkiety-2019\/01.jpg\"\n               title=\"\"\n               data-src=\"http:\/\/16lo.tarman.pl\/wp-content\/gallery\/srebrne-muszkiety-2019\/01.jpg\"\n               data-thumbnail=\"http:\/\/16lo.tarman.pl\/wp-content\/gallery\/srebrne-muszkiety-2019\/thumbs\/thumbs_01.jpg\"\n               data-image-id=\"44589\"\n               data-title=\"01\"\n               data-description=\"\"\n               data-image-slug=\"01-9\"\n               class='thickbox' rel='181e695808161675d0376f95c848dc23'>\n                <img\n                    title=\"01\"\n                    alt=\"01\"\n                    src=\"http:\/\/16lo.tarman.pl\/wp-content\/gallery\/srebrne-muszkiety-2019\/thumbs\/thumbs_01.jpg\"\n                    width=\"120\"\n                    height=\"90\"\n                    style=\"max-width:100%;\"\n                \/>\n            <\/a>\n        <\/div>\n\t\t\t\t\t\t\t<\/div> \n\t\t\t\n                            \n\t\t\t\t<div id=\"ngg-image-2\" class=\"ngg-gallery-thumbnail-box\" >\n\t\t\t\t        <div class=\"ngg-gallery-thumbnail\">\n            <a href=\"http:\/\/16lo.tarman.pl\/wp-content\/gallery\/srebrne-muszkiety-2019\/03.jpg\"\n               title=\"\"\n               data-src=\"http:\/\/16lo.tarman.pl\/wp-content\/gallery\/srebrne-muszkiety-2019\/03.jpg\"\n               data-thumbnail=\"http:\/\/16lo.tarman.pl\/wp-content\/gallery\/srebrne-muszkiety-2019\/thumbs\/thumbs_03.jpg\"\n               data-image-id=\"44590\"\n               data-title=\"03\"\n               data-description=\"\"\n               data-image-slug=\"03-8\"\n               class='thickbox' rel='181e695808161675d0376f95c848dc23'>\n                <img\n                    title=\"03\"\n                    alt=\"03\"\n                    src=\"http:\/\/16lo.tarman.pl\/wp-content\/gallery\/srebrne-muszkiety-2019\/thumbs\/thumbs_03.jpg\"\n                    width=\"120\"\n                    height=\"90\"\n                    style=\"max-width:100%;\"\n                \/>\n            <\/a>\n        <\/div>\n\t\t\t\t\t\t\t<\/div> \n\t\t\t\n                            \n\t\t\t\t<div id=\"ngg-image-3\" class=\"ngg-gallery-thumbnail-box\" >\n\t\t\t\t        <div class=\"ngg-gallery-thumbnail\">\n            <a href=\"http:\/\/16lo.tarman.pl\/wp-content\/gallery\/srebrne-muszkiety-2019\/04.jpg\"\n               title=\"\"\n               data-src=\"http:\/\/16lo.tarman.pl\/wp-content\/gallery\/srebrne-muszkiety-2019\/04.jpg\"\n               data-thumbnail=\"http:\/\/16lo.tarman.pl\/wp-content\/gallery\/srebrne-muszkiety-2019\/thumbs\/thumbs_04.jpg\"\n               data-image-id=\"44591\"\n               data-title=\"04\"\n               data-description=\"\"\n               data-image-slug=\"04-8\"\n               class='thickbox' rel='181e695808161675d0376f95c848dc23'>\n                <img\n                    title=\"04\"\n                    alt=\"04\"\n                    src=\"http:\/\/16lo.tarman.pl\/wp-content\/gallery\/srebrne-muszkiety-2019\/thumbs\/thumbs_04.jpg\"\n                    width=\"120\"\n                    height=\"90\"\n                    style=\"max-width:100%;\"\n                \/>\n            <\/a>\n        <\/div>\n\t\t\t\t\t\t\t<\/div> \n\t\t\t\n                            \n\t\t\t\t<div id=\"ngg-image-4\" class=\"ngg-gallery-thumbnail-box\" >\n\t\t\t\t        <div class=\"ngg-gallery-thumbnail\">\n            <a href=\"http:\/\/16lo.tarman.pl\/wp-content\/gallery\/srebrne-muszkiety-2019\/05.jpg\"\n               title=\"\"\n               data-src=\"http:\/\/16lo.tarman.pl\/wp-content\/gallery\/srebrne-muszkiety-2019\/05.jpg\"\n               data-thumbnail=\"http:\/\/16lo.tarman.pl\/wp-content\/gallery\/srebrne-muszkiety-2019\/thumbs\/thumbs_05.jpg\"\n               data-image-id=\"44592\"\n               data-title=\"05\"\n               data-description=\"\"\n               data-image-slug=\"05-6\"\n               class='thickbox' rel='181e695808161675d0376f95c848dc23'>\n                <img\n                    title=\"05\"\n                    alt=\"05\"\n                    src=\"http:\/\/16lo.tarman.pl\/wp-content\/gallery\/srebrne-muszkiety-2019\/thumbs\/thumbs_05.jpg\"\n                    width=\"120\"\n                    height=\"90\"\n                    style=\"max-width:100%;\"\n                \/>\n            <\/a>\n        <\/div>\n\t\t\t\t\t\t\t<\/div> \n\t\t\t\n                                    <br style=\"clear: both\" \/>\n                    \n\t\t\t\t<div id=\"ngg-image-5\" class=\"ngg-gallery-thumbnail-box\" >\n\t\t\t\t        <div class=\"ngg-gallery-thumbnail\">\n            <a href=\"http:\/\/16lo.tarman.pl\/wp-content\/gallery\/srebrne-muszkiety-2019\/06.jpg\"\n               title=\"\"\n               data-src=\"http:\/\/16lo.tarman.pl\/wp-content\/gallery\/srebrne-muszkiety-2019\/06.jpg\"\n               data-thumbnail=\"http:\/\/16lo.tarman.pl\/wp-content\/gallery\/srebrne-muszkiety-2019\/thumbs\/thumbs_06.jpg\"\n               data-image-id=\"44593\"\n               data-title=\"06\"\n               data-description=\"\"\n               data-image-slug=\"06-8\"\n               class='thickbox' rel='181e695808161675d0376f95c848dc23'>\n                <img\n                    title=\"06\"\n                    alt=\"06\"\n                    src=\"http:\/\/16lo.tarman.pl\/wp-content\/gallery\/srebrne-muszkiety-2019\/thumbs\/thumbs_06.jpg\"\n                    width=\"120\"\n                    height=\"90\"\n                    style=\"max-width:100%;\"\n                \/>\n            <\/a>\n        <\/div>\n\t\t\t\t\t\t\t<\/div> \n\t\t\t\n                            \n\t\t\n\t\t<!-- Pagination -->\n\t<div class='ngg-clear'><\/div>\t<\/div>\n\n","protected":false},"excerpt":{"rendered":"<p>XVI Liceum Og\u00f3lnokszta\u0142c\u0105ce od lat krzewi w\u015br\u00f3d m\u0142odzie\u017cy postawy zwi\u0105zane z patriotyzmem oraz obronno\u015bci\u0105 kraju. [&#8230;]<\/p>\n","protected":false},"author":1,"featured_media":61371,"comment_status":"closed","ping_status":"closed","sticky":false,"template":"","format":"standard","meta":{"ngg_post_thumbnail":0},"categories":[85,349],"tags":[],"_links":{"self":[{"href":"http:\/\/16lo.tarman.pl\/index.php?rest_route=\/wp\/v2\/posts\/60786"}],"collection":[{"href":"http:\/\/16lo.tarman.pl\/index.php?rest_route=\/wp\/v2\/posts"}],"about":[{"href":"http:\/\/16lo.tarman.pl\/index.php?rest_route=\/wp\/v2\/types\/post"}],"author":[{"embeddable":true,"href":"http:\/\/16lo.tarman.pl\/index.php?rest_route=\/wp\/v2\/users\/1"}],"replies":[{"embeddable":true,"href":"http:\/\/16lo.tarman.pl\/index.php?rest_route=%2Fwp%2Fv2%2Fcomments&post=60786"}],"version-history":[{"count":4,"href":"http:\/\/16lo.tarman.pl\/index.php?rest_route=\/wp\/v2\/posts\/60786\/revisions"}],"predecessor-version":[{"id":60841,"href":"http:\/\/16lo.tarman.pl\/index.php?rest_route=\/wp\/v2\/posts\/60786\/revisions\/60841"}],"wp:featuredmedia":[{"embeddable":true,"href":"http:\/\/16lo.tarman.pl\/index.php?rest_route=\/wp\/v2\/media\/61371"}],"wp:attachment":[{"href":"http:\/\/16lo.tarman.pl\/index.php?rest_route=%2Fwp%2Fv2%2Fmedia&parent=60786"}],"wp:term":[{"taxonomy":"category","embeddable":true,"href":"http:\/\/16lo.tarman.pl\/index.php?rest_route=%2Fwp%2Fv2%2Fcategories&post=60786"},{"taxonomy":"post_tag","embeddable":true,"href":"http:\/\/16lo.tarman.pl\/index.php?rest_route=%2Fwp%2Fv2%2Ftags&post=60786"}],"curies":[{"name":"wp","href":"https:\/\/api.w.org\/{rel}","templated":true}]}}