{"id":59813,"date":"2019-05-23T04:18:27","date_gmt":"2019-05-23T04:18:27","guid":{"rendered":"http:\/\/16lo.tarman.pl\/?p=59813"},"modified":"2019-05-23T04:18:30","modified_gmt":"2019-05-23T04:18:30","slug":"swieto-11-malopolskiej-brygady-obrony-terytorialnej","status":"publish","type":"post","link":"http:\/\/16lo.tarman.pl\/?p=59813","title":{"rendered":"\u015aWI\u0118TO 11 MA\u0141OPOLSKIEJ BRYGADY OBRONY TERYTORIALNEJ"},"content":{"rendered":"\n<p>W jednostce\nwojskowej w Rz\u0105sce pod Krakowem \u015bwi\u0119towa\u0142a dzi\u015b po raz pierwszy 11. Ma\u0142opolska\nBrygada Obrony Terytorialnej im. gen. bryg. Leopolda Okulickiego ps.\n\u201eNied\u017awiadek\u201d. 75 lat temu, w nocy z 21 na 22 maja 1944 r., patron jednostki \u2013\nostatni komendant g\u0142\u00f3wny Armii Krajowej \u2013 przylecia\u0142 z Wielkiej Brytanii do\nokupowanej Polski i wykona\u0142 skok ze spadochronem na pola pod Wierzbnem ko\u0142o\nProszowic.<\/p>\n\n\n\n<p>Klasa 2A,\nobj\u0119ta ministerialnym programem certyfikowanych klas wojskowych, wzi\u0119\u0142a udzia\u0142\nw uroczysto\u015bciach w Rz\u0105sce, podczas kt\u00f3rych \u017co\u0142nierzom i pracownikom resortu\nobrony wr\u0119czono nagrody, wyr\u00f3\u017cnienia oraz dwa karabiny \u201eGrot\u201d, ufundowane przez\nkrakowskie Bractwo Kurkowe.<\/p>\n\n\n\n<p>Na\nzako\u0144czenie odby\u0142 si\u0119 pokaz musztry paradnej, defilada pododdzia\u0142\u00f3w, a go\u015bcie\nmogli si\u0119 zapozna\u0107 ze sprz\u0119tem i uzbrojeniem, jakim dysponuj\u0105 \u017co\u0142nierze WOT i\npokrzepi\u0107 si\u0119 \u017co\u0142nierskim pocz\u0119stunkiem. Honory gospodarza czyni\u0142 dow\u00f3dca\n11MBOT p\u0142k Krzysztof Goncerz.<\/p>\n\n\n\n<!-- index.php -->\n<div\n\tclass=\"ngg-galleryoverview ngg-ajax-pagination-none\"\n\tid=\"ngg-gallery-496929f149fad1bf940e6af278217c0b-1\">\n\n    \t<div class=\"slideshowlink\">\n        <a href='http:\/\/16lo.tarman.pl\/index.php\/nggallery\/slideshow?p=59813'>[Show slideshow]<\/a>\n\t\t\n\t<\/div>\n\t\t\t<!-- Thumbnails -->\n\t\t\t\t<div id=\"ngg-image-0\" class=\"ngg-gallery-thumbnail-box\" >\n\t\t\t\t        <div class=\"ngg-gallery-thumbnail\">\n            <a href=\"http:\/\/16lo.tarman.pl\/wp-content\/gallery\/swieto-11-malopolskiej-brygady-obrony-terytorialnej\/60508319_670079176770399_4135172561010950144_o.jpg\"\n               title=\"\"\n               data-src=\"http:\/\/16lo.tarman.pl\/wp-content\/gallery\/swieto-11-malopolskiej-brygady-obrony-terytorialnej\/60508319_670079176770399_4135172561010950144_o.jpg\"\n               data-thumbnail=\"http:\/\/16lo.tarman.pl\/wp-content\/gallery\/swieto-11-malopolskiej-brygady-obrony-terytorialnej\/thumbs\/thumbs_60508319_670079176770399_4135172561010950144_o.jpg\"\n               data-image-id=\"43956\"\n               data-title=\"60508319_670079176770399_4135172561010950144_o\"\n               data-description=\"\"\n               data-image-slug=\"60508319_670079176770399_4135172561010950144_o\"\n               class='thickbox' rel='496929f149fad1bf940e6af278217c0b'>\n                <img\n                    title=\"60508319_670079176770399_4135172561010950144_o\"\n                    alt=\"60508319_670079176770399_4135172561010950144_o\"\n                    src=\"http:\/\/16lo.tarman.pl\/wp-content\/gallery\/swieto-11-malopolskiej-brygady-obrony-terytorialnej\/thumbs\/thumbs_60508319_670079176770399_4135172561010950144_o.jpg\"\n                    width=\"120\"\n                    height=\"90\"\n                    style=\"max-width:100%;\"\n                \/>\n            <\/a>\n        <\/div>\n\t\t\t\t\t\t\t<\/div> \n\t\t\t\n                            \n\t\t\t\t<div id=\"ngg-image-1\" class=\"ngg-gallery-thumbnail-box\" >\n\t\t\t\t        <div class=\"ngg-gallery-thumbnail\">\n            <a href=\"http:\/\/16lo.tarman.pl\/wp-content\/gallery\/swieto-11-malopolskiej-brygady-obrony-terytorialnej\/60602249_670077860103864_3546237265174855680_o.jpg\"\n               title=\"\"\n               data-src=\"http:\/\/16lo.tarman.pl\/wp-content\/gallery\/swieto-11-malopolskiej-brygady-obrony-terytorialnej\/60602249_670077860103864_3546237265174855680_o.jpg\"\n               data-thumbnail=\"http:\/\/16lo.tarman.pl\/wp-content\/gallery\/swieto-11-malopolskiej-brygady-obrony-terytorialnej\/thumbs\/thumbs_60602249_670077860103864_3546237265174855680_o.jpg\"\n               data-image-id=\"43957\"\n               data-title=\"60602249_670077860103864_3546237265174855680_o\"\n               data-description=\"\"\n               data-image-slug=\"60602249_670077860103864_3546237265174855680_o\"\n               class='thickbox' rel='496929f149fad1bf940e6af278217c0b'>\n                <img\n                    title=\"60602249_670077860103864_3546237265174855680_o\"\n                    alt=\"60602249_670077860103864_3546237265174855680_o\"\n                    src=\"http:\/\/16lo.tarman.pl\/wp-content\/gallery\/swieto-11-malopolskiej-brygady-obrony-terytorialnej\/thumbs\/thumbs_60602249_670077860103864_3546237265174855680_o.jpg\"\n                    width=\"120\"\n                    height=\"90\"\n                    style=\"max-width:100%;\"\n                \/>\n            <\/a>\n        <\/div>\n\t\t\t\t\t\t\t<\/div> \n\t\t\t\n                            \n\t\t\t\t<div id=\"ngg-image-2\" class=\"ngg-gallery-thumbnail-box\" >\n\t\t\t\t        <div class=\"ngg-gallery-thumbnail\">\n            <a href=\"http:\/\/16lo.tarman.pl\/wp-content\/gallery\/swieto-11-malopolskiej-brygady-obrony-terytorialnej\/60608112_670077943437189_3939280442670186496_o.jpg\"\n               title=\"\"\n               data-src=\"http:\/\/16lo.tarman.pl\/wp-content\/gallery\/swieto-11-malopolskiej-brygady-obrony-terytorialnej\/60608112_670077943437189_3939280442670186496_o.jpg\"\n               data-thumbnail=\"http:\/\/16lo.tarman.pl\/wp-content\/gallery\/swieto-11-malopolskiej-brygady-obrony-terytorialnej\/thumbs\/thumbs_60608112_670077943437189_3939280442670186496_o.jpg\"\n               data-image-id=\"43958\"\n               data-title=\"60608112_670077943437189_3939280442670186496_o\"\n               data-description=\"\"\n               data-image-slug=\"60608112_670077943437189_3939280442670186496_o\"\n               class='thickbox' rel='496929f149fad1bf940e6af278217c0b'>\n                <img\n                    title=\"60608112_670077943437189_3939280442670186496_o\"\n                    alt=\"60608112_670077943437189_3939280442670186496_o\"\n                    src=\"http:\/\/16lo.tarman.pl\/wp-content\/gallery\/swieto-11-malopolskiej-brygady-obrony-terytorialnej\/thumbs\/thumbs_60608112_670077943437189_3939280442670186496_o.jpg\"\n                    width=\"120\"\n                    height=\"90\"\n                    style=\"max-width:100%;\"\n                \/>\n            <\/a>\n        <\/div>\n\t\t\t\t\t\t\t<\/div> \n\t\t\t\n                            \n\t\t\t\t<div id=\"ngg-image-3\" class=\"ngg-gallery-thumbnail-box\" >\n\t\t\t\t        <div class=\"ngg-gallery-thumbnail\">\n            <a href=\"http:\/\/16lo.tarman.pl\/wp-content\/gallery\/swieto-11-malopolskiej-brygady-obrony-terytorialnej\/60611701_670078820103768_4268171725184696320_o.jpg\"\n               title=\"\"\n               data-src=\"http:\/\/16lo.tarman.pl\/wp-content\/gallery\/swieto-11-malopolskiej-brygady-obrony-terytorialnej\/60611701_670078820103768_4268171725184696320_o.jpg\"\n               data-thumbnail=\"http:\/\/16lo.tarman.pl\/wp-content\/gallery\/swieto-11-malopolskiej-brygady-obrony-terytorialnej\/thumbs\/thumbs_60611701_670078820103768_4268171725184696320_o.jpg\"\n               data-image-id=\"43959\"\n               data-title=\"60611701_670078820103768_4268171725184696320_o\"\n               data-description=\"\"\n               data-image-slug=\"60611701_670078820103768_4268171725184696320_o\"\n               class='thickbox' rel='496929f149fad1bf940e6af278217c0b'>\n                <img\n                    title=\"60611701_670078820103768_4268171725184696320_o\"\n                    alt=\"60611701_670078820103768_4268171725184696320_o\"\n                    src=\"http:\/\/16lo.tarman.pl\/wp-content\/gallery\/swieto-11-malopolskiej-brygady-obrony-terytorialnej\/thumbs\/thumbs_60611701_670078820103768_4268171725184696320_o.jpg\"\n                    width=\"120\"\n                    height=\"90\"\n                    style=\"max-width:100%;\"\n                \/>\n            <\/a>\n        <\/div>\n\t\t\t\t\t\t\t<\/div> \n\t\t\t\n                            \n\t\t\t\t<div id=\"ngg-image-4\" class=\"ngg-gallery-thumbnail-box\" >\n\t\t\t\t        <div class=\"ngg-gallery-thumbnail\">\n            <a href=\"http:\/\/16lo.tarman.pl\/wp-content\/gallery\/swieto-11-malopolskiej-brygady-obrony-terytorialnej\/60658365_670078693437114_6122760426326327296_o.jpg\"\n               title=\"\"\n               data-src=\"http:\/\/16lo.tarman.pl\/wp-content\/gallery\/swieto-11-malopolskiej-brygady-obrony-terytorialnej\/60658365_670078693437114_6122760426326327296_o.jpg\"\n               data-thumbnail=\"http:\/\/16lo.tarman.pl\/wp-content\/gallery\/swieto-11-malopolskiej-brygady-obrony-terytorialnej\/thumbs\/thumbs_60658365_670078693437114_6122760426326327296_o.jpg\"\n               data-image-id=\"43960\"\n               data-title=\"60658365_670078693437114_6122760426326327296_o\"\n               data-description=\"\"\n               data-image-slug=\"60658365_670078693437114_6122760426326327296_o\"\n               class='thickbox' rel='496929f149fad1bf940e6af278217c0b'>\n                <img\n                    title=\"60658365_670078693437114_6122760426326327296_o\"\n                    alt=\"60658365_670078693437114_6122760426326327296_o\"\n                    src=\"http:\/\/16lo.tarman.pl\/wp-content\/gallery\/swieto-11-malopolskiej-brygady-obrony-terytorialnej\/thumbs\/thumbs_60658365_670078693437114_6122760426326327296_o.jpg\"\n                    width=\"120\"\n                    height=\"90\"\n                    style=\"max-width:100%;\"\n                \/>\n            <\/a>\n        <\/div>\n\t\t\t\t\t\t\t<\/div> \n\t\t\t\n                                    <br style=\"clear: both\" \/>\n                    \n\t\t\t\t<div id=\"ngg-image-5\" class=\"ngg-gallery-thumbnail-box\" >\n\t\t\t\t        <div class=\"ngg-gallery-thumbnail\">\n            <a href=\"http:\/\/16lo.tarman.pl\/wp-content\/gallery\/swieto-11-malopolskiej-brygady-obrony-terytorialnej\/60660077_670078100103840_425242156471418880_o.jpg\"\n               title=\"\"\n               data-src=\"http:\/\/16lo.tarman.pl\/wp-content\/gallery\/swieto-11-malopolskiej-brygady-obrony-terytorialnej\/60660077_670078100103840_425242156471418880_o.jpg\"\n               data-thumbnail=\"http:\/\/16lo.tarman.pl\/wp-content\/gallery\/swieto-11-malopolskiej-brygady-obrony-terytorialnej\/thumbs\/thumbs_60660077_670078100103840_425242156471418880_o.jpg\"\n               data-image-id=\"43961\"\n               data-title=\"60660077_670078100103840_425242156471418880_o\"\n               data-description=\"\"\n               data-image-slug=\"60660077_670078100103840_425242156471418880_o\"\n               class='thickbox' rel='496929f149fad1bf940e6af278217c0b'>\n                <img\n                    title=\"60660077_670078100103840_425242156471418880_o\"\n                    alt=\"60660077_670078100103840_425242156471418880_o\"\n                    src=\"http:\/\/16lo.tarman.pl\/wp-content\/gallery\/swieto-11-malopolskiej-brygady-obrony-terytorialnej\/thumbs\/thumbs_60660077_670078100103840_425242156471418880_o.jpg\"\n                    width=\"120\"\n                    height=\"90\"\n                    style=\"max-width:100%;\"\n                \/>\n            <\/a>\n        <\/div>\n\t\t\t\t\t\t\t<\/div> \n\t\t\t\n                            \n\t\t\t\t<div id=\"ngg-image-6\" class=\"ngg-gallery-thumbnail-box\" >\n\t\t\t\t        <div class=\"ngg-gallery-thumbnail\">\n            <a href=\"http:\/\/16lo.tarman.pl\/wp-content\/gallery\/swieto-11-malopolskiej-brygady-obrony-terytorialnej\/60714531_670077846770532_3171857112150048768_o.jpg\"\n               title=\"\"\n               data-src=\"http:\/\/16lo.tarman.pl\/wp-content\/gallery\/swieto-11-malopolskiej-brygady-obrony-terytorialnej\/60714531_670077846770532_3171857112150048768_o.jpg\"\n               data-thumbnail=\"http:\/\/16lo.tarman.pl\/wp-content\/gallery\/swieto-11-malopolskiej-brygady-obrony-terytorialnej\/thumbs\/thumbs_60714531_670077846770532_3171857112150048768_o.jpg\"\n               data-image-id=\"43962\"\n               data-title=\"60714531_670077846770532_3171857112150048768_o\"\n               data-description=\"\"\n               data-image-slug=\"60714531_670077846770532_3171857112150048768_o\"\n               class='thickbox' rel='496929f149fad1bf940e6af278217c0b'>\n                <img\n                    title=\"60714531_670077846770532_3171857112150048768_o\"\n                    alt=\"60714531_670077846770532_3171857112150048768_o\"\n                    src=\"http:\/\/16lo.tarman.pl\/wp-content\/gallery\/swieto-11-malopolskiej-brygady-obrony-terytorialnej\/thumbs\/thumbs_60714531_670077846770532_3171857112150048768_o.jpg\"\n                    width=\"120\"\n                    height=\"90\"\n                    style=\"max-width:100%;\"\n                \/>\n            <\/a>\n        <\/div>\n\t\t\t\t\t\t\t<\/div> \n\t\t\t\n                            \n\t\t\t\t<div id=\"ngg-image-7\" class=\"ngg-gallery-thumbnail-box\" >\n\t\t\t\t        <div class=\"ngg-gallery-thumbnail\">\n            <a href=\"http:\/\/16lo.tarman.pl\/wp-content\/gallery\/swieto-11-malopolskiej-brygady-obrony-terytorialnej\/60778256_670078673437116_5639555731985268736_o.jpg\"\n               title=\"\"\n               data-src=\"http:\/\/16lo.tarman.pl\/wp-content\/gallery\/swieto-11-malopolskiej-brygady-obrony-terytorialnej\/60778256_670078673437116_5639555731985268736_o.jpg\"\n               data-thumbnail=\"http:\/\/16lo.tarman.pl\/wp-content\/gallery\/swieto-11-malopolskiej-brygady-obrony-terytorialnej\/thumbs\/thumbs_60778256_670078673437116_5639555731985268736_o.jpg\"\n               data-image-id=\"43963\"\n               data-title=\"60778256_670078673437116_5639555731985268736_o\"\n               data-description=\"\"\n               data-image-slug=\"60778256_670078673437116_5639555731985268736_o\"\n               class='thickbox' rel='496929f149fad1bf940e6af278217c0b'>\n                <img\n                    title=\"60778256_670078673437116_5639555731985268736_o\"\n                    alt=\"60778256_670078673437116_5639555731985268736_o\"\n                    src=\"http:\/\/16lo.tarman.pl\/wp-content\/gallery\/swieto-11-malopolskiej-brygady-obrony-terytorialnej\/thumbs\/thumbs_60778256_670078673437116_5639555731985268736_o.jpg\"\n                    width=\"120\"\n                    height=\"90\"\n                    style=\"max-width:100%;\"\n                \/>\n            <\/a>\n        <\/div>\n\t\t\t\t\t\t\t<\/div> \n\t\t\t\n                            \n\t\t\t\t<div id=\"ngg-image-8\" class=\"ngg-gallery-thumbnail-box\" >\n\t\t\t\t        <div class=\"ngg-gallery-thumbnail\">\n            <a href=\"http:\/\/16lo.tarman.pl\/wp-content\/gallery\/swieto-11-malopolskiej-brygady-obrony-terytorialnej\/60808828_670078776770439_7693574161410555904_o.jpg\"\n               title=\"\"\n               data-src=\"http:\/\/16lo.tarman.pl\/wp-content\/gallery\/swieto-11-malopolskiej-brygady-obrony-terytorialnej\/60808828_670078776770439_7693574161410555904_o.jpg\"\n               data-thumbnail=\"http:\/\/16lo.tarman.pl\/wp-content\/gallery\/swieto-11-malopolskiej-brygady-obrony-terytorialnej\/thumbs\/thumbs_60808828_670078776770439_7693574161410555904_o.jpg\"\n               data-image-id=\"43964\"\n               data-title=\"60808828_670078776770439_7693574161410555904_o\"\n               data-description=\"\"\n               data-image-slug=\"60808828_670078776770439_7693574161410555904_o\"\n               class='thickbox' rel='496929f149fad1bf940e6af278217c0b'>\n                <img\n                    title=\"60808828_670078776770439_7693574161410555904_o\"\n                    alt=\"60808828_670078776770439_7693574161410555904_o\"\n                    src=\"http:\/\/16lo.tarman.pl\/wp-content\/gallery\/swieto-11-malopolskiej-brygady-obrony-terytorialnej\/thumbs\/thumbs_60808828_670078776770439_7693574161410555904_o.jpg\"\n                    width=\"120\"\n                    height=\"90\"\n                    style=\"max-width:100%;\"\n                \/>\n            <\/a>\n        <\/div>\n\t\t\t\t\t\t\t<\/div> \n\t\t\t\n                            \n\t\t\t\t<div id=\"ngg-image-9\" class=\"ngg-gallery-thumbnail-box\" >\n\t\t\t\t        <div class=\"ngg-gallery-thumbnail\">\n            <a href=\"http:\/\/16lo.tarman.pl\/wp-content\/gallery\/swieto-11-malopolskiej-brygady-obrony-terytorialnej\/60828672_670077470103903_3725464609759428608_o.jpg\"\n               title=\"\"\n               data-src=\"http:\/\/16lo.tarman.pl\/wp-content\/gallery\/swieto-11-malopolskiej-brygady-obrony-terytorialnej\/60828672_670077470103903_3725464609759428608_o.jpg\"\n               data-thumbnail=\"http:\/\/16lo.tarman.pl\/wp-content\/gallery\/swieto-11-malopolskiej-brygady-obrony-terytorialnej\/thumbs\/thumbs_60828672_670077470103903_3725464609759428608_o.jpg\"\n               data-image-id=\"43965\"\n               data-title=\"60828672_670077470103903_3725464609759428608_o\"\n               data-description=\"\"\n               data-image-slug=\"60828672_670077470103903_3725464609759428608_o\"\n               class='thickbox' rel='496929f149fad1bf940e6af278217c0b'>\n                <img\n                    title=\"60828672_670077470103903_3725464609759428608_o\"\n                    alt=\"60828672_670077470103903_3725464609759428608_o\"\n                    src=\"http:\/\/16lo.tarman.pl\/wp-content\/gallery\/swieto-11-malopolskiej-brygady-obrony-terytorialnej\/thumbs\/thumbs_60828672_670077470103903_3725464609759428608_o.jpg\"\n                    width=\"120\"\n                    height=\"90\"\n                    style=\"max-width:100%;\"\n                \/>\n            <\/a>\n        <\/div>\n\t\t\t\t\t\t\t<\/div> \n\t\t\t\n                                    <br style=\"clear: both\" \/>\n                    \n\t\t\t\t<div id=\"ngg-image-10\" class=\"ngg-gallery-thumbnail-box\" >\n\t\t\t\t        <div class=\"ngg-gallery-thumbnail\">\n            <a href=\"http:\/\/16lo.tarman.pl\/wp-content\/gallery\/swieto-11-malopolskiej-brygady-obrony-terytorialnej\/60882052_670079030103747_6399057626688126976_o.jpg\"\n               title=\"\"\n               data-src=\"http:\/\/16lo.tarman.pl\/wp-content\/gallery\/swieto-11-malopolskiej-brygady-obrony-terytorialnej\/60882052_670079030103747_6399057626688126976_o.jpg\"\n               data-thumbnail=\"http:\/\/16lo.tarman.pl\/wp-content\/gallery\/swieto-11-malopolskiej-brygady-obrony-terytorialnej\/thumbs\/thumbs_60882052_670079030103747_6399057626688126976_o.jpg\"\n               data-image-id=\"43966\"\n               data-title=\"60882052_670079030103747_6399057626688126976_o\"\n               data-description=\"\"\n               data-image-slug=\"60882052_670079030103747_6399057626688126976_o\"\n               class='thickbox' rel='496929f149fad1bf940e6af278217c0b'>\n                <img\n                    title=\"60882052_670079030103747_6399057626688126976_o\"\n                    alt=\"60882052_670079030103747_6399057626688126976_o\"\n                    src=\"http:\/\/16lo.tarman.pl\/wp-content\/gallery\/swieto-11-malopolskiej-brygady-obrony-terytorialnej\/thumbs\/thumbs_60882052_670079030103747_6399057626688126976_o.jpg\"\n                    width=\"120\"\n                    height=\"90\"\n                    style=\"max-width:100%;\"\n                \/>\n            <\/a>\n        <\/div>\n\t\t\t\t\t\t\t<\/div> \n\t\t\t\n                            \n\t\t\t\t<div id=\"ngg-image-11\" class=\"ngg-gallery-thumbnail-box\" >\n\t\t\t\t        <div class=\"ngg-gallery-thumbnail\">\n            <a href=\"http:\/\/16lo.tarman.pl\/wp-content\/gallery\/swieto-11-malopolskiej-brygady-obrony-terytorialnej\/60923329_670077866770530_7335747473769496576_o.jpg\"\n               title=\"\"\n               data-src=\"http:\/\/16lo.tarman.pl\/wp-content\/gallery\/swieto-11-malopolskiej-brygady-obrony-terytorialnej\/60923329_670077866770530_7335747473769496576_o.jpg\"\n               data-thumbnail=\"http:\/\/16lo.tarman.pl\/wp-content\/gallery\/swieto-11-malopolskiej-brygady-obrony-terytorialnej\/thumbs\/thumbs_60923329_670077866770530_7335747473769496576_o.jpg\"\n               data-image-id=\"43967\"\n               data-title=\"60923329_670077866770530_7335747473769496576_o\"\n               data-description=\"\"\n               data-image-slug=\"60923329_670077866770530_7335747473769496576_o\"\n               class='thickbox' rel='496929f149fad1bf940e6af278217c0b'>\n                <img\n                    title=\"60923329_670077866770530_7335747473769496576_o\"\n                    alt=\"60923329_670077866770530_7335747473769496576_o\"\n                    src=\"http:\/\/16lo.tarman.pl\/wp-content\/gallery\/swieto-11-malopolskiej-brygady-obrony-terytorialnej\/thumbs\/thumbs_60923329_670077866770530_7335747473769496576_o.jpg\"\n                    width=\"120\"\n                    height=\"90\"\n                    style=\"max-width:100%;\"\n                \/>\n            <\/a>\n        <\/div>\n\t\t\t\t\t\t\t<\/div> \n\t\t\t\n                            \n\t\t\t\t<div id=\"ngg-image-12\" class=\"ngg-gallery-thumbnail-box\" >\n\t\t\t\t        <div class=\"ngg-gallery-thumbnail\">\n            <a href=\"http:\/\/16lo.tarman.pl\/wp-content\/gallery\/swieto-11-malopolskiej-brygady-obrony-terytorialnej\/60955337_670077973437186_6102195508732755968_o.jpg\"\n               title=\"\"\n               data-src=\"http:\/\/16lo.tarman.pl\/wp-content\/gallery\/swieto-11-malopolskiej-brygady-obrony-terytorialnej\/60955337_670077973437186_6102195508732755968_o.jpg\"\n               data-thumbnail=\"http:\/\/16lo.tarman.pl\/wp-content\/gallery\/swieto-11-malopolskiej-brygady-obrony-terytorialnej\/thumbs\/thumbs_60955337_670077973437186_6102195508732755968_o.jpg\"\n               data-image-id=\"43968\"\n               data-title=\"60955337_670077973437186_6102195508732755968_o\"\n               data-description=\"\"\n               data-image-slug=\"60955337_670077973437186_6102195508732755968_o\"\n               class='thickbox' rel='496929f149fad1bf940e6af278217c0b'>\n                <img\n                    title=\"60955337_670077973437186_6102195508732755968_o\"\n                    alt=\"60955337_670077973437186_6102195508732755968_o\"\n                    src=\"http:\/\/16lo.tarman.pl\/wp-content\/gallery\/swieto-11-malopolskiej-brygady-obrony-terytorialnej\/thumbs\/thumbs_60955337_670077973437186_6102195508732755968_o.jpg\"\n                    width=\"120\"\n                    height=\"90\"\n                    style=\"max-width:100%;\"\n                \/>\n            <\/a>\n        <\/div>\n\t\t\t\t\t\t\t<\/div> \n\t\t\t\n                            \n\t\t\n\t\t<!-- Pagination -->\n\t<div class='ngg-clear'><\/div>\t<\/div>\n\n","protected":false},"excerpt":{"rendered":"<p>W jednostce wojskowej w Rz\u0105sce pod Krakowem \u015bwi\u0119towa\u0142a dzi\u015b po raz pierwszy 11. Ma\u0142opolska Brygada [&#8230;]<\/p>\n","protected":false},"author":1,"featured_media":0,"comment_status":"closed","ping_status":"closed","sticky":false,"template":"","format":"standard","meta":{"ngg_post_thumbnail":0},"categories":[345],"tags":[],"_links":{"self":[{"href":"http:\/\/16lo.tarman.pl\/index.php?rest_route=\/wp\/v2\/posts\/59813"}],"collection":[{"href":"http:\/\/16lo.tarman.pl\/index.php?rest_route=\/wp\/v2\/posts"}],"about":[{"href":"http:\/\/16lo.tarman.pl\/index.php?rest_route=\/wp\/v2\/types\/post"}],"author":[{"embeddable":true,"href":"http:\/\/16lo.tarman.pl\/index.php?rest_route=\/wp\/v2\/users\/1"}],"replies":[{"embeddable":true,"href":"http:\/\/16lo.tarman.pl\/index.php?rest_route=%2Fwp%2Fv2%2Fcomments&post=59813"}],"version-history":[{"count":1,"href":"http:\/\/16lo.tarman.pl\/index.php?rest_route=\/wp\/v2\/posts\/59813\/revisions"}],"predecessor-version":[{"id":59828,"href":"http:\/\/16lo.tarman.pl\/index.php?rest_route=\/wp\/v2\/posts\/59813\/revisions\/59828"}],"wp:attachment":[{"href":"http:\/\/16lo.tarman.pl\/index.php?rest_route=%2Fwp%2Fv2%2Fmedia&parent=59813"}],"wp:term":[{"taxonomy":"category","embeddable":true,"href":"http:\/\/16lo.tarman.pl\/index.php?rest_route=%2Fwp%2Fv2%2Fcategories&post=59813"},{"taxonomy":"post_tag","embeddable":true,"href":"http:\/\/16lo.tarman.pl\/index.php?rest_route=%2Fwp%2Fv2%2Ftags&post=59813"}],"curies":[{"name":"wp","href":"https:\/\/api.w.org\/{rel}","templated":true}]}}