{"id":58989,"date":"2019-03-29T12:51:16","date_gmt":"2019-03-29T12:51:16","guid":{"rendered":"http:\/\/16lo.tarman.pl\/?p=58989"},"modified":"2019-04-02T06:21:38","modified_gmt":"2019-04-02T06:21:38","slug":"dni-otwarte-4","status":"publish","type":"post","link":"http:\/\/16lo.tarman.pl\/?p=58989","title":{"rendered":"DNI OTWARTE"},"content":{"rendered":"\n<p>W dniach 28-29 marca drzwi naszej szko\u0142y by\u0142y otwarte dla\nka\u017cdego gimnazjalisty oraz ucznia klasy \u00f3smej. Jak zawsze przygotowali\u015bmy\nmn\u00f3stwo atrakcji m.in. zawody stra\u017cackie, pokazy pierwszej pomocy, \u0107wiczenia\nkryminalistyczne. Za wsparcie dzi\u0119kujemy r\u00f3wnie\u017c pracownikom s\u0142u\u017cb mundurowych\noraz medycznych, a tak\u017ce przedstawicielom&nbsp;\n5.kompanii lekkiej piechoty 33.batalionu OT w D\u0119bicy, kt\u00f3rzy\nzaprezentowali profesjonalny sprz\u0119t wojskowy. <\/p>\n\n\n\n<!-- index.php -->\n<div\n\tclass=\"ngg-galleryoverview ngg-ajax-pagination-none\"\n\tid=\"ngg-gallery-c4230b2491144c368ce287e3337344d6-1\">\n\n    \t<div class=\"slideshowlink\">\n        <a href='http:\/\/16lo.tarman.pl\/index.php\/nggallery\/slideshow?p=58989'>[Show slideshow]<\/a>\n\t\t\n\t<\/div>\n\t\t\t<!-- Thumbnails -->\n\t\t\t\t<div id=\"ngg-image-0\" class=\"ngg-gallery-thumbnail-box\" >\n\t\t\t\t        <div class=\"ngg-gallery-thumbnail\">\n            <a href=\"http:\/\/16lo.tarman.pl\/wp-content\/gallery\/dni-otwarte-xvi-lo\/IMG_4959.JPG\"\n               title=\"\"\n               data-src=\"http:\/\/16lo.tarman.pl\/wp-content\/gallery\/dni-otwarte-xvi-lo\/IMG_4959.JPG\"\n               data-thumbnail=\"http:\/\/16lo.tarman.pl\/wp-content\/gallery\/dni-otwarte-xvi-lo\/thumbs\/thumbs_IMG_4959.JPG\"\n               data-image-id=\"43274\"\n               data-title=\"IMG_4959\"\n               data-description=\"\"\n               data-image-slug=\"img_4959\"\n               class='thickbox' rel='c4230b2491144c368ce287e3337344d6'>\n                <img\n                    title=\"IMG_4959\"\n                    alt=\"IMG_4959\"\n                    src=\"http:\/\/16lo.tarman.pl\/wp-content\/gallery\/dni-otwarte-xvi-lo\/thumbs\/thumbs_IMG_4959.JPG\"\n                    width=\"120\"\n                    height=\"90\"\n                    style=\"max-width:100%;\"\n                \/>\n            <\/a>\n        <\/div>\n\t\t\t\t\t\t\t<\/div> \n\t\t\t\n                            \n\t\t\t\t<div id=\"ngg-image-1\" class=\"ngg-gallery-thumbnail-box\" >\n\t\t\t\t        <div class=\"ngg-gallery-thumbnail\">\n            <a href=\"http:\/\/16lo.tarman.pl\/wp-content\/gallery\/dni-otwarte-xvi-lo\/IMG_4960.JPG\"\n               title=\"\"\n               data-src=\"http:\/\/16lo.tarman.pl\/wp-content\/gallery\/dni-otwarte-xvi-lo\/IMG_4960.JPG\"\n               data-thumbnail=\"http:\/\/16lo.tarman.pl\/wp-content\/gallery\/dni-otwarte-xvi-lo\/thumbs\/thumbs_IMG_4960.JPG\"\n               data-image-id=\"43275\"\n               data-title=\"IMG_4960\"\n               data-description=\"\"\n               data-image-slug=\"img_4960\"\n               class='thickbox' rel='c4230b2491144c368ce287e3337344d6'>\n                <img\n                    title=\"IMG_4960\"\n                    alt=\"IMG_4960\"\n                    src=\"http:\/\/16lo.tarman.pl\/wp-content\/gallery\/dni-otwarte-xvi-lo\/thumbs\/thumbs_IMG_4960.JPG\"\n                    width=\"120\"\n                    height=\"90\"\n                    style=\"max-width:100%;\"\n                \/>\n            <\/a>\n        <\/div>\n\t\t\t\t\t\t\t<\/div> \n\t\t\t\n                            \n\t\t\t\t<div id=\"ngg-image-2\" class=\"ngg-gallery-thumbnail-box\" >\n\t\t\t\t        <div class=\"ngg-gallery-thumbnail\">\n            <a href=\"http:\/\/16lo.tarman.pl\/wp-content\/gallery\/dni-otwarte-xvi-lo\/IMG_4962.JPG\"\n               title=\"\"\n               data-src=\"http:\/\/16lo.tarman.pl\/wp-content\/gallery\/dni-otwarte-xvi-lo\/IMG_4962.JPG\"\n               data-thumbnail=\"http:\/\/16lo.tarman.pl\/wp-content\/gallery\/dni-otwarte-xvi-lo\/thumbs\/thumbs_IMG_4962.JPG\"\n               data-image-id=\"43276\"\n               data-title=\"IMG_4962\"\n               data-description=\"\"\n               data-image-slug=\"img_4962\"\n               class='thickbox' rel='c4230b2491144c368ce287e3337344d6'>\n                <img\n                    title=\"IMG_4962\"\n                    alt=\"IMG_4962\"\n                    src=\"http:\/\/16lo.tarman.pl\/wp-content\/gallery\/dni-otwarte-xvi-lo\/thumbs\/thumbs_IMG_4962.JPG\"\n                    width=\"120\"\n                    height=\"90\"\n                    style=\"max-width:100%;\"\n                \/>\n            <\/a>\n        <\/div>\n\t\t\t\t\t\t\t<\/div> \n\t\t\t\n                            \n\t\t\t\t<div id=\"ngg-image-3\" class=\"ngg-gallery-thumbnail-box\" >\n\t\t\t\t        <div class=\"ngg-gallery-thumbnail\">\n            <a href=\"http:\/\/16lo.tarman.pl\/wp-content\/gallery\/dni-otwarte-xvi-lo\/IMG_4963.JPG\"\n               title=\"\"\n               data-src=\"http:\/\/16lo.tarman.pl\/wp-content\/gallery\/dni-otwarte-xvi-lo\/IMG_4963.JPG\"\n               data-thumbnail=\"http:\/\/16lo.tarman.pl\/wp-content\/gallery\/dni-otwarte-xvi-lo\/thumbs\/thumbs_IMG_4963.JPG\"\n               data-image-id=\"43277\"\n               data-title=\"IMG_4963\"\n               data-description=\"\"\n               data-image-slug=\"img_4963\"\n               class='thickbox' rel='c4230b2491144c368ce287e3337344d6'>\n                <img\n                    title=\"IMG_4963\"\n                    alt=\"IMG_4963\"\n                    src=\"http:\/\/16lo.tarman.pl\/wp-content\/gallery\/dni-otwarte-xvi-lo\/thumbs\/thumbs_IMG_4963.JPG\"\n                    width=\"120\"\n                    height=\"90\"\n                    style=\"max-width:100%;\"\n                \/>\n            <\/a>\n        <\/div>\n\t\t\t\t\t\t\t<\/div> \n\t\t\t\n                            \n\t\t\t\t<div id=\"ngg-image-4\" class=\"ngg-gallery-thumbnail-box\" >\n\t\t\t\t        <div class=\"ngg-gallery-thumbnail\">\n            <a href=\"http:\/\/16lo.tarman.pl\/wp-content\/gallery\/dni-otwarte-xvi-lo\/IMG_4964.JPG\"\n               title=\"\"\n               data-src=\"http:\/\/16lo.tarman.pl\/wp-content\/gallery\/dni-otwarte-xvi-lo\/IMG_4964.JPG\"\n               data-thumbnail=\"http:\/\/16lo.tarman.pl\/wp-content\/gallery\/dni-otwarte-xvi-lo\/thumbs\/thumbs_IMG_4964.JPG\"\n               data-image-id=\"43278\"\n               data-title=\"IMG_4964\"\n               data-description=\"\"\n               data-image-slug=\"img_4964\"\n               class='thickbox' rel='c4230b2491144c368ce287e3337344d6'>\n                <img\n                    title=\"IMG_4964\"\n                    alt=\"IMG_4964\"\n                    src=\"http:\/\/16lo.tarman.pl\/wp-content\/gallery\/dni-otwarte-xvi-lo\/thumbs\/thumbs_IMG_4964.JPG\"\n                    width=\"120\"\n                    height=\"90\"\n                    style=\"max-width:100%;\"\n                \/>\n            <\/a>\n        <\/div>\n\t\t\t\t\t\t\t<\/div> \n\t\t\t\n                                    <br style=\"clear: both\" \/>\n                    \n\t\t\t\t<div id=\"ngg-image-5\" class=\"ngg-gallery-thumbnail-box\" >\n\t\t\t\t        <div class=\"ngg-gallery-thumbnail\">\n            <a href=\"http:\/\/16lo.tarman.pl\/wp-content\/gallery\/dni-otwarte-xvi-lo\/IMG_4966.JPG\"\n               title=\"\"\n               data-src=\"http:\/\/16lo.tarman.pl\/wp-content\/gallery\/dni-otwarte-xvi-lo\/IMG_4966.JPG\"\n               data-thumbnail=\"http:\/\/16lo.tarman.pl\/wp-content\/gallery\/dni-otwarte-xvi-lo\/thumbs\/thumbs_IMG_4966.JPG\"\n               data-image-id=\"43279\"\n               data-title=\"IMG_4966\"\n               data-description=\"\"\n               data-image-slug=\"img_4966\"\n               class='thickbox' rel='c4230b2491144c368ce287e3337344d6'>\n                <img\n                    title=\"IMG_4966\"\n                    alt=\"IMG_4966\"\n                    src=\"http:\/\/16lo.tarman.pl\/wp-content\/gallery\/dni-otwarte-xvi-lo\/thumbs\/thumbs_IMG_4966.JPG\"\n                    width=\"120\"\n                    height=\"90\"\n                    style=\"max-width:100%;\"\n                \/>\n            <\/a>\n        <\/div>\n\t\t\t\t\t\t\t<\/div> \n\t\t\t\n                            \n\t\t\t\t<div id=\"ngg-image-6\" class=\"ngg-gallery-thumbnail-box\" >\n\t\t\t\t        <div class=\"ngg-gallery-thumbnail\">\n            <a href=\"http:\/\/16lo.tarman.pl\/wp-content\/gallery\/dni-otwarte-xvi-lo\/IMG_4967.JPG\"\n               title=\"\"\n               data-src=\"http:\/\/16lo.tarman.pl\/wp-content\/gallery\/dni-otwarte-xvi-lo\/IMG_4967.JPG\"\n               data-thumbnail=\"http:\/\/16lo.tarman.pl\/wp-content\/gallery\/dni-otwarte-xvi-lo\/thumbs\/thumbs_IMG_4967.JPG\"\n               data-image-id=\"43280\"\n               data-title=\"IMG_4967\"\n               data-description=\"\"\n               data-image-slug=\"img_4967\"\n               class='thickbox' rel='c4230b2491144c368ce287e3337344d6'>\n                <img\n                    title=\"IMG_4967\"\n                    alt=\"IMG_4967\"\n                    src=\"http:\/\/16lo.tarman.pl\/wp-content\/gallery\/dni-otwarte-xvi-lo\/thumbs\/thumbs_IMG_4967.JPG\"\n                    width=\"120\"\n                    height=\"90\"\n                    style=\"max-width:100%;\"\n                \/>\n            <\/a>\n        <\/div>\n\t\t\t\t\t\t\t<\/div> \n\t\t\t\n                            \n\t\t\t\t<div id=\"ngg-image-7\" class=\"ngg-gallery-thumbnail-box\" >\n\t\t\t\t        <div class=\"ngg-gallery-thumbnail\">\n            <a href=\"http:\/\/16lo.tarman.pl\/wp-content\/gallery\/dni-otwarte-xvi-lo\/IMG_4970.JPG\"\n               title=\"\"\n               data-src=\"http:\/\/16lo.tarman.pl\/wp-content\/gallery\/dni-otwarte-xvi-lo\/IMG_4970.JPG\"\n               data-thumbnail=\"http:\/\/16lo.tarman.pl\/wp-content\/gallery\/dni-otwarte-xvi-lo\/thumbs\/thumbs_IMG_4970.JPG\"\n               data-image-id=\"43281\"\n               data-title=\"IMG_4970\"\n               data-description=\"\"\n               data-image-slug=\"img_4970-1\"\n               class='thickbox' rel='c4230b2491144c368ce287e3337344d6'>\n                <img\n                    title=\"IMG_4970\"\n                    alt=\"IMG_4970\"\n                    src=\"http:\/\/16lo.tarman.pl\/wp-content\/gallery\/dni-otwarte-xvi-lo\/thumbs\/thumbs_IMG_4970.JPG\"\n                    width=\"120\"\n                    height=\"90\"\n                    style=\"max-width:100%;\"\n                \/>\n            <\/a>\n        <\/div>\n\t\t\t\t\t\t\t<\/div> \n\t\t\t\n                            \n\t\t\t\t<div id=\"ngg-image-8\" class=\"ngg-gallery-thumbnail-box\" >\n\t\t\t\t        <div class=\"ngg-gallery-thumbnail\">\n            <a href=\"http:\/\/16lo.tarman.pl\/wp-content\/gallery\/dni-otwarte-xvi-lo\/IMG_4971.JPG\"\n               title=\"\"\n               data-src=\"http:\/\/16lo.tarman.pl\/wp-content\/gallery\/dni-otwarte-xvi-lo\/IMG_4971.JPG\"\n               data-thumbnail=\"http:\/\/16lo.tarman.pl\/wp-content\/gallery\/dni-otwarte-xvi-lo\/thumbs\/thumbs_IMG_4971.JPG\"\n               data-image-id=\"43282\"\n               data-title=\"IMG_4971\"\n               data-description=\"\"\n               data-image-slug=\"img_4971\"\n               class='thickbox' rel='c4230b2491144c368ce287e3337344d6'>\n                <img\n                    title=\"IMG_4971\"\n                    alt=\"IMG_4971\"\n                    src=\"http:\/\/16lo.tarman.pl\/wp-content\/gallery\/dni-otwarte-xvi-lo\/thumbs\/thumbs_IMG_4971.JPG\"\n                    width=\"120\"\n                    height=\"90\"\n                    style=\"max-width:100%;\"\n                \/>\n            <\/a>\n        <\/div>\n\t\t\t\t\t\t\t<\/div> \n\t\t\t\n                            \n\t\t\t\t<div id=\"ngg-image-9\" class=\"ngg-gallery-thumbnail-box\" >\n\t\t\t\t        <div class=\"ngg-gallery-thumbnail\">\n            <a href=\"http:\/\/16lo.tarman.pl\/wp-content\/gallery\/dni-otwarte-xvi-lo\/IMG_4974.JPG\"\n               title=\"\"\n               data-src=\"http:\/\/16lo.tarman.pl\/wp-content\/gallery\/dni-otwarte-xvi-lo\/IMG_4974.JPG\"\n               data-thumbnail=\"http:\/\/16lo.tarman.pl\/wp-content\/gallery\/dni-otwarte-xvi-lo\/thumbs\/thumbs_IMG_4974.JPG\"\n               data-image-id=\"43283\"\n               data-title=\"IMG_4974\"\n               data-description=\"\"\n               data-image-slug=\"img_4974\"\n               class='thickbox' rel='c4230b2491144c368ce287e3337344d6'>\n                <img\n                    title=\"IMG_4974\"\n                    alt=\"IMG_4974\"\n                    src=\"http:\/\/16lo.tarman.pl\/wp-content\/gallery\/dni-otwarte-xvi-lo\/thumbs\/thumbs_IMG_4974.JPG\"\n                    width=\"120\"\n                    height=\"90\"\n                    style=\"max-width:100%;\"\n                \/>\n            <\/a>\n        <\/div>\n\t\t\t\t\t\t\t<\/div> \n\t\t\t\n                                    <br style=\"clear: both\" \/>\n                    \n\t\t\t\t<div id=\"ngg-image-10\" class=\"ngg-gallery-thumbnail-box\" >\n\t\t\t\t        <div class=\"ngg-gallery-thumbnail\">\n            <a href=\"http:\/\/16lo.tarman.pl\/wp-content\/gallery\/dni-otwarte-xvi-lo\/IMG_4976.JPG\"\n               title=\"\"\n               data-src=\"http:\/\/16lo.tarman.pl\/wp-content\/gallery\/dni-otwarte-xvi-lo\/IMG_4976.JPG\"\n               data-thumbnail=\"http:\/\/16lo.tarman.pl\/wp-content\/gallery\/dni-otwarte-xvi-lo\/thumbs\/thumbs_IMG_4976.JPG\"\n               data-image-id=\"43284\"\n               data-title=\"IMG_4976\"\n               data-description=\"\"\n               data-image-slug=\"img_4976\"\n               class='thickbox' rel='c4230b2491144c368ce287e3337344d6'>\n                <img\n                    title=\"IMG_4976\"\n                    alt=\"IMG_4976\"\n                    src=\"http:\/\/16lo.tarman.pl\/wp-content\/gallery\/dni-otwarte-xvi-lo\/thumbs\/thumbs_IMG_4976.JPG\"\n                    width=\"120\"\n                    height=\"90\"\n                    style=\"max-width:100%;\"\n                \/>\n            <\/a>\n        <\/div>\n\t\t\t\t\t\t\t<\/div> \n\t\t\t\n                            \n\t\t\t\t<div id=\"ngg-image-11\" class=\"ngg-gallery-thumbnail-box\" >\n\t\t\t\t        <div class=\"ngg-gallery-thumbnail\">\n            <a href=\"http:\/\/16lo.tarman.pl\/wp-content\/gallery\/dni-otwarte-xvi-lo\/IMG_4977.JPG\"\n               title=\"\"\n               data-src=\"http:\/\/16lo.tarman.pl\/wp-content\/gallery\/dni-otwarte-xvi-lo\/IMG_4977.JPG\"\n               data-thumbnail=\"http:\/\/16lo.tarman.pl\/wp-content\/gallery\/dni-otwarte-xvi-lo\/thumbs\/thumbs_IMG_4977.JPG\"\n               data-image-id=\"43285\"\n               data-title=\"IMG_4977\"\n               data-description=\"\"\n               data-image-slug=\"img_4977\"\n               class='thickbox' rel='c4230b2491144c368ce287e3337344d6'>\n                <img\n                    title=\"IMG_4977\"\n                    alt=\"IMG_4977\"\n                    src=\"http:\/\/16lo.tarman.pl\/wp-content\/gallery\/dni-otwarte-xvi-lo\/thumbs\/thumbs_IMG_4977.JPG\"\n                    width=\"120\"\n                    height=\"90\"\n                    style=\"max-width:100%;\"\n                \/>\n            <\/a>\n        <\/div>\n\t\t\t\t\t\t\t<\/div> \n\t\t\t\n                            \n\t\t\t\t<div id=\"ngg-image-12\" class=\"ngg-gallery-thumbnail-box\" >\n\t\t\t\t        <div class=\"ngg-gallery-thumbnail\">\n            <a href=\"http:\/\/16lo.tarman.pl\/wp-content\/gallery\/dni-otwarte-xvi-lo\/IMG_4979.JPG\"\n               title=\"\"\n               data-src=\"http:\/\/16lo.tarman.pl\/wp-content\/gallery\/dni-otwarte-xvi-lo\/IMG_4979.JPG\"\n               data-thumbnail=\"http:\/\/16lo.tarman.pl\/wp-content\/gallery\/dni-otwarte-xvi-lo\/thumbs\/thumbs_IMG_4979.JPG\"\n               data-image-id=\"43286\"\n               data-title=\"IMG_4979\"\n               data-description=\"\"\n               data-image-slug=\"img_4979\"\n               class='thickbox' rel='c4230b2491144c368ce287e3337344d6'>\n                <img\n                    title=\"IMG_4979\"\n                    alt=\"IMG_4979\"\n                    src=\"http:\/\/16lo.tarman.pl\/wp-content\/gallery\/dni-otwarte-xvi-lo\/thumbs\/thumbs_IMG_4979.JPG\"\n                    width=\"120\"\n                    height=\"90\"\n                    style=\"max-width:100%;\"\n                \/>\n            <\/a>\n        <\/div>\n\t\t\t\t\t\t\t<\/div> \n\t\t\t\n                            \n\t\t\t\t<div id=\"ngg-image-13\" class=\"ngg-gallery-thumbnail-box\" >\n\t\t\t\t        <div class=\"ngg-gallery-thumbnail\">\n            <a href=\"http:\/\/16lo.tarman.pl\/wp-content\/gallery\/dni-otwarte-xvi-lo\/IMG_4980.JPG\"\n               title=\"\"\n               data-src=\"http:\/\/16lo.tarman.pl\/wp-content\/gallery\/dni-otwarte-xvi-lo\/IMG_4980.JPG\"\n               data-thumbnail=\"http:\/\/16lo.tarman.pl\/wp-content\/gallery\/dni-otwarte-xvi-lo\/thumbs\/thumbs_IMG_4980.JPG\"\n               data-image-id=\"43287\"\n               data-title=\"IMG_4980\"\n               data-description=\"\"\n               data-image-slug=\"img_4980-1\"\n               class='thickbox' rel='c4230b2491144c368ce287e3337344d6'>\n                <img\n                    title=\"IMG_4980\"\n                    alt=\"IMG_4980\"\n                    src=\"http:\/\/16lo.tarman.pl\/wp-content\/gallery\/dni-otwarte-xvi-lo\/thumbs\/thumbs_IMG_4980.JPG\"\n                    width=\"120\"\n                    height=\"90\"\n                    style=\"max-width:100%;\"\n                \/>\n            <\/a>\n        <\/div>\n\t\t\t\t\t\t\t<\/div> \n\t\t\t\n                            \n\t\t\t\t<div id=\"ngg-image-14\" class=\"ngg-gallery-thumbnail-box\" >\n\t\t\t\t        <div class=\"ngg-gallery-thumbnail\">\n            <a href=\"http:\/\/16lo.tarman.pl\/wp-content\/gallery\/dni-otwarte-xvi-lo\/IMG_4982.JPG\"\n               title=\"\"\n               data-src=\"http:\/\/16lo.tarman.pl\/wp-content\/gallery\/dni-otwarte-xvi-lo\/IMG_4982.JPG\"\n               data-thumbnail=\"http:\/\/16lo.tarman.pl\/wp-content\/gallery\/dni-otwarte-xvi-lo\/thumbs\/thumbs_IMG_4982.JPG\"\n               data-image-id=\"43288\"\n               data-title=\"IMG_4982\"\n               data-description=\"\"\n               data-image-slug=\"img_4982\"\n               class='thickbox' rel='c4230b2491144c368ce287e3337344d6'>\n                <img\n                    title=\"IMG_4982\"\n                    alt=\"IMG_4982\"\n                    src=\"http:\/\/16lo.tarman.pl\/wp-content\/gallery\/dni-otwarte-xvi-lo\/thumbs\/thumbs_IMG_4982.JPG\"\n                    width=\"120\"\n                    height=\"90\"\n                    style=\"max-width:100%;\"\n                \/>\n            <\/a>\n        <\/div>\n\t\t\t\t\t\t\t<\/div> \n\t\t\t\n                                    <br style=\"clear: both\" \/>\n                    \n\t\t\t\t<div id=\"ngg-image-15\" class=\"ngg-gallery-thumbnail-box\" >\n\t\t\t\t        <div class=\"ngg-gallery-thumbnail\">\n            <a href=\"http:\/\/16lo.tarman.pl\/wp-content\/gallery\/dni-otwarte-xvi-lo\/IMG_4983.JPG\"\n               title=\"\"\n               data-src=\"http:\/\/16lo.tarman.pl\/wp-content\/gallery\/dni-otwarte-xvi-lo\/IMG_4983.JPG\"\n               data-thumbnail=\"http:\/\/16lo.tarman.pl\/wp-content\/gallery\/dni-otwarte-xvi-lo\/thumbs\/thumbs_IMG_4983.JPG\"\n               data-image-id=\"43289\"\n               data-title=\"IMG_4983\"\n               data-description=\"\"\n               data-image-slug=\"img_4983\"\n               class='thickbox' rel='c4230b2491144c368ce287e3337344d6'>\n                <img\n                    title=\"IMG_4983\"\n                    alt=\"IMG_4983\"\n                    src=\"http:\/\/16lo.tarman.pl\/wp-content\/gallery\/dni-otwarte-xvi-lo\/thumbs\/thumbs_IMG_4983.JPG\"\n                    width=\"120\"\n                    height=\"90\"\n                    style=\"max-width:100%;\"\n                \/>\n            <\/a>\n        <\/div>\n\t\t\t\t\t\t\t<\/div> \n\t\t\t\n                            \n\t\t\t\t<div id=\"ngg-image-16\" class=\"ngg-gallery-thumbnail-box\" >\n\t\t\t\t        <div class=\"ngg-gallery-thumbnail\">\n            <a href=\"http:\/\/16lo.tarman.pl\/wp-content\/gallery\/dni-otwarte-xvi-lo\/IMG_4984.JPG\"\n               title=\"\"\n               data-src=\"http:\/\/16lo.tarman.pl\/wp-content\/gallery\/dni-otwarte-xvi-lo\/IMG_4984.JPG\"\n               data-thumbnail=\"http:\/\/16lo.tarman.pl\/wp-content\/gallery\/dni-otwarte-xvi-lo\/thumbs\/thumbs_IMG_4984.JPG\"\n               data-image-id=\"43290\"\n               data-title=\"IMG_4984\"\n               data-description=\"\"\n               data-image-slug=\"img_4984\"\n               class='thickbox' rel='c4230b2491144c368ce287e3337344d6'>\n                <img\n                    title=\"IMG_4984\"\n                    alt=\"IMG_4984\"\n                    src=\"http:\/\/16lo.tarman.pl\/wp-content\/gallery\/dni-otwarte-xvi-lo\/thumbs\/thumbs_IMG_4984.JPG\"\n                    width=\"120\"\n                    height=\"90\"\n                    style=\"max-width:100%;\"\n                \/>\n            <\/a>\n        <\/div>\n\t\t\t\t\t\t\t<\/div> \n\t\t\t\n                            \n\t\t\t\t<div id=\"ngg-image-17\" class=\"ngg-gallery-thumbnail-box\" >\n\t\t\t\t        <div class=\"ngg-gallery-thumbnail\">\n            <a href=\"http:\/\/16lo.tarman.pl\/wp-content\/gallery\/dni-otwarte-xvi-lo\/IMG_4985.JPG\"\n               title=\"\"\n               data-src=\"http:\/\/16lo.tarman.pl\/wp-content\/gallery\/dni-otwarte-xvi-lo\/IMG_4985.JPG\"\n               data-thumbnail=\"http:\/\/16lo.tarman.pl\/wp-content\/gallery\/dni-otwarte-xvi-lo\/thumbs\/thumbs_IMG_4985.JPG\"\n               data-image-id=\"43291\"\n               data-title=\"IMG_4985\"\n               data-description=\"\"\n               data-image-slug=\"img_4985\"\n               class='thickbox' rel='c4230b2491144c368ce287e3337344d6'>\n                <img\n                    title=\"IMG_4985\"\n                    alt=\"IMG_4985\"\n                    src=\"http:\/\/16lo.tarman.pl\/wp-content\/gallery\/dni-otwarte-xvi-lo\/thumbs\/thumbs_IMG_4985.JPG\"\n                    width=\"120\"\n                    height=\"90\"\n                    style=\"max-width:100%;\"\n                \/>\n            <\/a>\n        <\/div>\n\t\t\t\t\t\t\t<\/div> \n\t\t\t\n                            \n\t\t\t\t<div id=\"ngg-image-18\" class=\"ngg-gallery-thumbnail-box\" >\n\t\t\t\t        <div class=\"ngg-gallery-thumbnail\">\n            <a href=\"http:\/\/16lo.tarman.pl\/wp-content\/gallery\/dni-otwarte-xvi-lo\/IMG_4986.JPG\"\n               title=\"\"\n               data-src=\"http:\/\/16lo.tarman.pl\/wp-content\/gallery\/dni-otwarte-xvi-lo\/IMG_4986.JPG\"\n               data-thumbnail=\"http:\/\/16lo.tarman.pl\/wp-content\/gallery\/dni-otwarte-xvi-lo\/thumbs\/thumbs_IMG_4986.JPG\"\n               data-image-id=\"43292\"\n               data-title=\"IMG_4986\"\n               data-description=\"\"\n               data-image-slug=\"img_4986\"\n               class='thickbox' rel='c4230b2491144c368ce287e3337344d6'>\n                <img\n                    title=\"IMG_4986\"\n                    alt=\"IMG_4986\"\n                    src=\"http:\/\/16lo.tarman.pl\/wp-content\/gallery\/dni-otwarte-xvi-lo\/thumbs\/thumbs_IMG_4986.JPG\"\n                    width=\"120\"\n                    height=\"90\"\n                    style=\"max-width:100%;\"\n                \/>\n            <\/a>\n        <\/div>\n\t\t\t\t\t\t\t<\/div> \n\t\t\t\n                            \n\t\t\t\t<div id=\"ngg-image-19\" class=\"ngg-gallery-thumbnail-box\" >\n\t\t\t\t        <div class=\"ngg-gallery-thumbnail\">\n            <a href=\"http:\/\/16lo.tarman.pl\/wp-content\/gallery\/dni-otwarte-xvi-lo\/IMG_4988.JPG\"\n               title=\"\"\n               data-src=\"http:\/\/16lo.tarman.pl\/wp-content\/gallery\/dni-otwarte-xvi-lo\/IMG_4988.JPG\"\n               data-thumbnail=\"http:\/\/16lo.tarman.pl\/wp-content\/gallery\/dni-otwarte-xvi-lo\/thumbs\/thumbs_IMG_4988.JPG\"\n               data-image-id=\"43293\"\n               data-title=\"IMG_4988\"\n               data-description=\"\"\n               data-image-slug=\"img_4988-1\"\n               class='thickbox' rel='c4230b2491144c368ce287e3337344d6'>\n                <img\n                    title=\"IMG_4988\"\n                    alt=\"IMG_4988\"\n                    src=\"http:\/\/16lo.tarman.pl\/wp-content\/gallery\/dni-otwarte-xvi-lo\/thumbs\/thumbs_IMG_4988.JPG\"\n                    width=\"120\"\n                    height=\"90\"\n                    style=\"max-width:100%;\"\n                \/>\n            <\/a>\n        <\/div>\n\t\t\t\t\t\t\t<\/div> \n\t\t\t\n                                    <br style=\"clear: both\" \/>\n                    \n\t\t\t\t<div id=\"ngg-image-20\" class=\"ngg-gallery-thumbnail-box\" >\n\t\t\t\t        <div class=\"ngg-gallery-thumbnail\">\n            <a href=\"http:\/\/16lo.tarman.pl\/wp-content\/gallery\/dni-otwarte-xvi-lo\/IMG_4989.JPG\"\n               title=\"\"\n               data-src=\"http:\/\/16lo.tarman.pl\/wp-content\/gallery\/dni-otwarte-xvi-lo\/IMG_4989.JPG\"\n               data-thumbnail=\"http:\/\/16lo.tarman.pl\/wp-content\/gallery\/dni-otwarte-xvi-lo\/thumbs\/thumbs_IMG_4989.JPG\"\n               data-image-id=\"43294\"\n               data-title=\"IMG_4989\"\n               data-description=\"\"\n               data-image-slug=\"img_4989\"\n               class='thickbox' rel='c4230b2491144c368ce287e3337344d6'>\n                <img\n                    title=\"IMG_4989\"\n                    alt=\"IMG_4989\"\n                    src=\"http:\/\/16lo.tarman.pl\/wp-content\/gallery\/dni-otwarte-xvi-lo\/thumbs\/thumbs_IMG_4989.JPG\"\n                    width=\"120\"\n                    height=\"90\"\n                    style=\"max-width:100%;\"\n                \/>\n            <\/a>\n        <\/div>\n\t\t\t\t\t\t\t<\/div> \n\t\t\t\n                            \n\t\t\t\t<div id=\"ngg-image-21\" class=\"ngg-gallery-thumbnail-box\" >\n\t\t\t\t        <div class=\"ngg-gallery-thumbnail\">\n            <a href=\"http:\/\/16lo.tarman.pl\/wp-content\/gallery\/dni-otwarte-xvi-lo\/IMG_4990.JPG\"\n               title=\"\"\n               data-src=\"http:\/\/16lo.tarman.pl\/wp-content\/gallery\/dni-otwarte-xvi-lo\/IMG_4990.JPG\"\n               data-thumbnail=\"http:\/\/16lo.tarman.pl\/wp-content\/gallery\/dni-otwarte-xvi-lo\/thumbs\/thumbs_IMG_4990.JPG\"\n               data-image-id=\"43295\"\n               data-title=\"IMG_4990\"\n               data-description=\"\"\n               data-image-slug=\"img_4990-1\"\n               class='thickbox' rel='c4230b2491144c368ce287e3337344d6'>\n                <img\n                    title=\"IMG_4990\"\n                    alt=\"IMG_4990\"\n                    src=\"http:\/\/16lo.tarman.pl\/wp-content\/gallery\/dni-otwarte-xvi-lo\/thumbs\/thumbs_IMG_4990.JPG\"\n                    width=\"120\"\n                    height=\"90\"\n                    style=\"max-width:100%;\"\n                \/>\n            <\/a>\n        <\/div>\n\t\t\t\t\t\t\t<\/div> \n\t\t\t\n                            \n\t\t\t\t<div id=\"ngg-image-22\" class=\"ngg-gallery-thumbnail-box\" >\n\t\t\t\t        <div class=\"ngg-gallery-thumbnail\">\n            <a href=\"http:\/\/16lo.tarman.pl\/wp-content\/gallery\/dni-otwarte-xvi-lo\/IMG_4991.JPG\"\n               title=\"\"\n               data-src=\"http:\/\/16lo.tarman.pl\/wp-content\/gallery\/dni-otwarte-xvi-lo\/IMG_4991.JPG\"\n               data-thumbnail=\"http:\/\/16lo.tarman.pl\/wp-content\/gallery\/dni-otwarte-xvi-lo\/thumbs\/thumbs_IMG_4991.JPG\"\n               data-image-id=\"43296\"\n               data-title=\"IMG_4991\"\n               data-description=\"\"\n               data-image-slug=\"img_4991\"\n               class='thickbox' rel='c4230b2491144c368ce287e3337344d6'>\n                <img\n                    title=\"IMG_4991\"\n                    alt=\"IMG_4991\"\n                    src=\"http:\/\/16lo.tarman.pl\/wp-content\/gallery\/dni-otwarte-xvi-lo\/thumbs\/thumbs_IMG_4991.JPG\"\n                    width=\"120\"\n                    height=\"90\"\n                    style=\"max-width:100%;\"\n                \/>\n            <\/a>\n        <\/div>\n\t\t\t\t\t\t\t<\/div> \n\t\t\t\n                            \n\t\t\t\t<div id=\"ngg-image-23\" class=\"ngg-gallery-thumbnail-box\" >\n\t\t\t\t        <div class=\"ngg-gallery-thumbnail\">\n            <a href=\"http:\/\/16lo.tarman.pl\/wp-content\/gallery\/dni-otwarte-xvi-lo\/IMG_4992.JPG\"\n               title=\"\"\n               data-src=\"http:\/\/16lo.tarman.pl\/wp-content\/gallery\/dni-otwarte-xvi-lo\/IMG_4992.JPG\"\n               data-thumbnail=\"http:\/\/16lo.tarman.pl\/wp-content\/gallery\/dni-otwarte-xvi-lo\/thumbs\/thumbs_IMG_4992.JPG\"\n               data-image-id=\"43297\"\n               data-title=\"IMG_4992\"\n               data-description=\"\"\n               data-image-slug=\"img_4992-1\"\n               class='thickbox' rel='c4230b2491144c368ce287e3337344d6'>\n                <img\n                    title=\"IMG_4992\"\n                    alt=\"IMG_4992\"\n                    src=\"http:\/\/16lo.tarman.pl\/wp-content\/gallery\/dni-otwarte-xvi-lo\/thumbs\/thumbs_IMG_4992.JPG\"\n                    width=\"120\"\n                    height=\"90\"\n                    style=\"max-width:100%;\"\n                \/>\n            <\/a>\n        <\/div>\n\t\t\t\t\t\t\t<\/div> \n\t\t\t\n                            \n\t\t\t\t<div id=\"ngg-image-24\" class=\"ngg-gallery-thumbnail-box\" >\n\t\t\t\t        <div class=\"ngg-gallery-thumbnail\">\n            <a href=\"http:\/\/16lo.tarman.pl\/wp-content\/gallery\/dni-otwarte-xvi-lo\/IMG_4994.JPG\"\n               title=\"\"\n               data-src=\"http:\/\/16lo.tarman.pl\/wp-content\/gallery\/dni-otwarte-xvi-lo\/IMG_4994.JPG\"\n               data-thumbnail=\"http:\/\/16lo.tarman.pl\/wp-content\/gallery\/dni-otwarte-xvi-lo\/thumbs\/thumbs_IMG_4994.JPG\"\n               data-image-id=\"43298\"\n               data-title=\"IMG_4994\"\n               data-description=\"\"\n               data-image-slug=\"img_4994\"\n               class='thickbox' rel='c4230b2491144c368ce287e3337344d6'>\n                <img\n                    title=\"IMG_4994\"\n                    alt=\"IMG_4994\"\n                    src=\"http:\/\/16lo.tarman.pl\/wp-content\/gallery\/dni-otwarte-xvi-lo\/thumbs\/thumbs_IMG_4994.JPG\"\n                    width=\"120\"\n                    height=\"90\"\n                    style=\"max-width:100%;\"\n                \/>\n            <\/a>\n        <\/div>\n\t\t\t\t\t\t\t<\/div> \n\t\t\t\n                                    <br style=\"clear: both\" \/>\n                    \n\t\t\n\t\t<!-- Pagination -->\n\t<div class='ngg-navigation'><span class=\"current\">1<\/span><a class=\"page-numbers\" data-pageid=\"2\" href=\"http:\/\/16lo.tarman.pl\/index.php\/nggallery\/page\/2?p=58989\">2<\/a><a class=\"page-numbers\" data-pageid=\"3\" href=\"http:\/\/16lo.tarman.pl\/index.php\/nggallery\/page\/3?p=58989\">3<\/a><a class=\"page-numbers\" data-pageid=\"4\" href=\"http:\/\/16lo.tarman.pl\/index.php\/nggallery\/page\/4?p=58989\">4<\/a><a class=\"page-numbers\" data-pageid=\"5\" href=\"http:\/\/16lo.tarman.pl\/index.php\/nggallery\/page\/5?p=58989\">5<\/a><a class=\"page-numbers\" data-pageid=\"6\" href=\"http:\/\/16lo.tarman.pl\/index.php\/nggallery\/page\/6?p=58989\">6<\/a><a class=\"page-numbers\" data-pageid=\"7\" href=\"http:\/\/16lo.tarman.pl\/index.php\/nggallery\/page\/7?p=58989\">7<\/a><a class=\"next\" data-pageid=\"2\" id=\"ngg-next-2\" href=\"http:\/\/16lo.tarman.pl\/index.php\/nggallery\/page\/2?p=58989\">&#9658;<\/a><\/div>\t<\/div>\n\n\n\n\n<figure class=\"wp-block-embed-youtube aligncenter wp-block-embed is-type-video is-provider-youtube wp-embed-aspect-4-3 wp-has-aspect-ratio\"><div class=\"wp-block-embed__wrapper\">\n<iframe loading=\"lazy\"  id=\"_ytid_68874\"  width=\"860\" height=\"645\"  data-origwidth=\"860\" data-origheight=\"645\" src=\"https:\/\/www.youtube.com\/embed\/OAN3MFDWuNc?enablejsapi=1&#038;autoplay=0&#038;cc_load_policy=0&#038;cc_lang_pref=&#038;iv_load_policy=1&#038;loop=0&#038;modestbranding=0&#038;rel=0&#038;fs=1&#038;playsinline=0&#038;autohide=2&#038;theme=dark&#038;color=red&#038;controls=1&#038;\" class=\"__youtube_prefs__  epyt-is-override  no-lazyload\" title=\"YouTube player\"  allow=\"accelerometer; autoplay; clipboard-write; encrypted-media; gyroscope; picture-in-picture\" allowfullscreen data-no-lazy=\"1\" data-skipgform_ajax_framebjll=\"\"><\/iframe>\n<\/div><\/figure>\n","protected":false},"excerpt":{"rendered":"<p>W dniach 28-29 marca drzwi naszej szko\u0142y by\u0142y otwarte dla ka\u017cdego gimnazjalisty oraz ucznia klasy [&#8230;]<\/p>\n","protected":false},"author":1,"featured_media":0,"comment_status":"closed","ping_status":"closed","sticky":false,"template":"","format":"standard","meta":{"ngg_post_thumbnail":0},"categories":[1,342],"tags":[],"_links":{"self":[{"href":"http:\/\/16lo.tarman.pl\/index.php?rest_route=\/wp\/v2\/posts\/58989"}],"collection":[{"href":"http:\/\/16lo.tarman.pl\/index.php?rest_route=\/wp\/v2\/posts"}],"about":[{"href":"http:\/\/16lo.tarman.pl\/index.php?rest_route=\/wp\/v2\/types\/post"}],"author":[{"embeddable":true,"href":"http:\/\/16lo.tarman.pl\/index.php?rest_route=\/wp\/v2\/users\/1"}],"replies":[{"embeddable":true,"href":"http:\/\/16lo.tarman.pl\/index.php?rest_route=%2Fwp%2Fv2%2Fcomments&post=58989"}],"version-history":[{"count":4,"href":"http:\/\/16lo.tarman.pl\/index.php?rest_route=\/wp\/v2\/posts\/58989\/revisions"}],"predecessor-version":[{"id":59203,"href":"http:\/\/16lo.tarman.pl\/index.php?rest_route=\/wp\/v2\/posts\/58989\/revisions\/59203"}],"wp:attachment":[{"href":"http:\/\/16lo.tarman.pl\/index.php?rest_route=%2Fwp%2Fv2%2Fmedia&parent=58989"}],"wp:term":[{"taxonomy":"category","embeddable":true,"href":"http:\/\/16lo.tarman.pl\/index.php?rest_route=%2Fwp%2Fv2%2Fcategories&post=58989"},{"taxonomy":"post_tag","embeddable":true,"href":"http:\/\/16lo.tarman.pl\/index.php?rest_route=%2Fwp%2Fv2%2Ftags&post=58989"}],"curies":[{"name":"wp","href":"https:\/\/api.w.org\/{rel}","templated":true}]}}