{"id":58439,"date":"2019-02-21T12:41:57","date_gmt":"2019-02-21T12:41:57","guid":{"rendered":"http:\/\/16lo.tarman.pl\/?p=58439"},"modified":"2019-02-21T12:41:57","modified_gmt":"2019-02-21T12:41:57","slug":"szkolny-etap-xi-edycji-konkursu-jezyka-niemieckiego-fit-in-deutsch","status":"publish","type":"post","link":"http:\/\/16lo.tarman.pl\/?p=58439","title":{"rendered":"SZKOLNY ETAP XI EDYCJI KONKURSU J\u0118ZYKA NIEMIECKIEGO \u201eFIT IN DEUTSCH\u201d"},"content":{"rendered":"\n<p style=\"text-align:center\"><strong><em>Honorowy Patronat Ma\u0142opolskiego Kuratora O\u015bwiaty, <\/em><\/strong><\/p>\n\n\n\n<p style=\"text-align:center\"><strong><em>Prezydenta Miasta Tarnowa, Starosty Tarnowskiego <\/em><\/strong><\/p>\n\n\n\n<p style=\"text-align:center\"><strong><em>oraz Rektora PWSZ w Tarnowie<\/em><\/strong><\/p>\n\n\n\n<p><strong>Polskie Stowarzyszenie Nauczycieli J\u0119zyka Niemieckiego- Oddzia\u0142 Tarn\u00f3w, Ma\u0142e Centrum Biblioteczne Instytutu Goethego w Tarnowie przy XVI LO im. Armii Krajowej, III LO im. Adama Mickiewicza oraz PWSZ w Tarnowie, <\/strong>zapraszaj\u0105 do udzia\u0142u w <strong>XI Edycji<\/strong> <strong>Konkursu J\u0119zyka Niemieckiego &#8222;Fit in Deutsch&#8221;,<\/strong> kt\u00f3ry odb\u0119dzie si\u0119\u00a0 <strong>29 marca <\/strong>o godz. 10.00 w auli PWSZ w Tarnowie.  Konkurs rozgrywany na trzech poziomach j\u0119zykowych (A1, A2, B1) w zale\u017cno\u015bci od liczby godzin j\u0119zyka niemieckiego w tygodniu.  <\/p>\n\n\n\n<p>Etap szkolny 1 marca (pi\u0105tek) w godz. 13.00-14.15. S.\nnr 22.<\/p>\n\n\n\n<p>Poziom A2- dla uczni\u00f3w z 2 godzinami j\u0119zyka\nniemieckiego w tygodniu, <\/p>\n\n\n\n<p>Poziom B1- dla uczni\u00f3w z 3 i wi\u0119cej godzinami\nj\u0119zyka niemieckiego w tygodniu oraz wszystkich ch\u0119tnych, kt\u00f3rzy chc\u0105 sprawdzi\u0107\nswe umiej\u0119tno\u015bci na tym poziomie. <\/p>\n\n\n\n<p><strong>Zg\u0142oszenia przyjmuje koordynator konkursu, mgr Agnieszka Ju\u015bko, do 25 lutego 2019 r. na adres <\/strong><a href=\"mailto:centrumbibl.tarnow@gmail.com\"><strong>centrumbibl.tarnow@gmail.com<\/strong><\/a><\/p>\n\n\n\n<p>Nagrody- stypendia egzaminacyjne Instytutu\nGoethego oraz nagrody rzeczowe. <\/p>\n\n\n\n<p><strong>Instytut Goethego w Krakowie<\/strong>, jak co roku, ufundowa\u0142 stypendia egzaminacyjnych\ndla laureat\u00f3w konkursu, dzi\u0119ki kt\u00f3rym uczniowie b\u0119d\u0105 mogli podej\u015b\u0107 bezp\u0142atnie\ndo egzamin\u00f3w Instytutu Goethego w maju i czerwcu 2019 r. w Centrum\nEgzaminacyjnym przy PWSZ w Tarnowie.<\/p>\n\n\n\n<p><strong><em>Zapraszamy!<\/em><\/strong><\/p>\n","protected":false},"excerpt":{"rendered":"<p>Honorowy Patronat Ma\u0142opolskiego Kuratora O\u015bwiaty, Prezydenta Miasta Tarnowa, Starosty Tarnowskiego oraz Rektora PWSZ w Tarnowie [&#8230;]<\/p>\n","protected":false},"author":1,"featured_media":0,"comment_status":"closed","ping_status":"closed","sticky":false,"template":"","format":"standard","meta":{"ngg_post_thumbnail":0},"categories":[146,114,339],"tags":[],"_links":{"self":[{"href":"http:\/\/16lo.tarman.pl\/index.php?rest_route=\/wp\/v2\/posts\/58439"}],"collection":[{"href":"http:\/\/16lo.tarman.pl\/index.php?rest_route=\/wp\/v2\/posts"}],"about":[{"href":"http:\/\/16lo.tarman.pl\/index.php?rest_route=\/wp\/v2\/types\/post"}],"author":[{"embeddable":true,"href":"http:\/\/16lo.tarman.pl\/index.php?rest_route=\/wp\/v2\/users\/1"}],"replies":[{"embeddable":true,"href":"http:\/\/16lo.tarman.pl\/index.php?rest_route=%2Fwp%2Fv2%2Fcomments&post=58439"}],"version-history":[{"count":1,"href":"http:\/\/16lo.tarman.pl\/index.php?rest_route=\/wp\/v2\/posts\/58439\/revisions"}],"predecessor-version":[{"id":58440,"href":"http:\/\/16lo.tarman.pl\/index.php?rest_route=\/wp\/v2\/posts\/58439\/revisions\/58440"}],"wp:attachment":[{"href":"http:\/\/16lo.tarman.pl\/index.php?rest_route=%2Fwp%2Fv2%2Fmedia&parent=58439"}],"wp:term":[{"taxonomy":"category","embeddable":true,"href":"http:\/\/16lo.tarman.pl\/index.php?rest_route=%2Fwp%2Fv2%2Fcategories&post=58439"},{"taxonomy":"post_tag","embeddable":true,"href":"http:\/\/16lo.tarman.pl\/index.php?rest_route=%2Fwp%2Fv2%2Ftags&post=58439"}],"curies":[{"name":"wp","href":"https:\/\/api.w.org\/{rel}","templated":true}]}}