{"id":58426,"date":"2019-02-21T05:27:26","date_gmt":"2019-02-21T05:27:26","guid":{"rendered":"http:\/\/16lo.tarman.pl\/?p=58426"},"modified":"2019-02-21T05:27:32","modified_gmt":"2019-02-21T05:27:32","slug":"warsztaty-w-ramach-konkursu-policjanci-w-sluzbie-historii-2","status":"publish","type":"post","link":"http:\/\/16lo.tarman.pl\/?p=58426","title":{"rendered":"WARSZTATY W RAMACH KONKURSU &#8222;POLICJANCI W S\u0141U\u017bBIE HISTORII&#8221;"},"content":{"rendered":"\n<p>W dniu 18 lutego w Centrum Edukacyjnym Przystanek Historia IPN w Krakowie uczennice klasy 2c Oliwia Uzna\u0144ska, Wiktoria Tomala, Aleksandra Zaj\u0105c wzi\u0119\u0142y udzia\u0142 w warsztatach zorganizowanych w ramach konkursu &#8222;Policjanci w s\u0142u\u017cbie historii&#8221;. W czasie spotkania m\u0142odzie\u017c wys\u0142ucha\u0142a wyk\u0142adu- \u201eHistoria Policji Polskiej na przyk\u0142adzie Krakowa (1918-1939)\u201d, uczestniczy\u0142a w\u00a0zaj\u0119ciach warsztatowych ze \u017ar\u00f3d\u0142ami historycznymi- \u201eHistoria w policyjnym mundurze\u201d oraz\u00a0warsztatach- \u201eZ kamer\u0105 w historii\u201d, dotycz\u0105cych wytwarzania i opracowywania materia\u0142\u00f3w audiowizualnych. Zdobyta wiedza na pewno zostanie wykorzystana przez uczennice w trakcie realizacji zada\u0144 konkursowych. <\/p>\n\n\n\n<!-- index.php -->\n<div\n\tclass=\"ngg-galleryoverview ngg-ajax-pagination-none\"\n\tid=\"ngg-gallery-376a9ba83468e5c697acb73b90362350-1\">\n\n    \t<div class=\"slideshowlink\">\n        <a href='http:\/\/16lo.tarman.pl\/index.php\/nggallery\/slideshow?p=58426'>[Show slideshow]<\/a>\n\t\t\n\t<\/div>\n\t\t\t<!-- Thumbnails -->\n\t\t\t\t<div id=\"ngg-image-0\" class=\"ngg-gallery-thumbnail-box\" >\n\t\t\t\t        <div class=\"ngg-gallery-thumbnail\">\n            <a href=\"http:\/\/16lo.tarman.pl\/wp-content\/gallery\/warsztaty-w-ramach-konkursu-policjanci-w-sluzbie-historii_1\/20190218_103909.jpg\"\n               title=\"\"\n               data-src=\"http:\/\/16lo.tarman.pl\/wp-content\/gallery\/warsztaty-w-ramach-konkursu-policjanci-w-sluzbie-historii_1\/20190218_103909.jpg\"\n               data-thumbnail=\"http:\/\/16lo.tarman.pl\/wp-content\/gallery\/warsztaty-w-ramach-konkursu-policjanci-w-sluzbie-historii_1\/thumbs\/thumbs_20190218_103909.jpg\"\n               data-image-id=\"42828\"\n               data-title=\"20190218_103909\"\n               data-description=\"\"\n               data-image-slug=\"20190218_103909\"\n               class='thickbox' rel='376a9ba83468e5c697acb73b90362350'>\n                <img\n                    title=\"20190218_103909\"\n                    alt=\"20190218_103909\"\n                    src=\"http:\/\/16lo.tarman.pl\/wp-content\/gallery\/warsztaty-w-ramach-konkursu-policjanci-w-sluzbie-historii_1\/thumbs\/thumbs_20190218_103909.jpg\"\n                    width=\"120\"\n                    height=\"90\"\n                    style=\"max-width:100%;\"\n                \/>\n            <\/a>\n        <\/div>\n\t\t\t\t\t\t\t<\/div> \n\t\t\t\n                            \n\t\t\t\t<div id=\"ngg-image-1\" class=\"ngg-gallery-thumbnail-box\" >\n\t\t\t\t        <div class=\"ngg-gallery-thumbnail\">\n            <a href=\"http:\/\/16lo.tarman.pl\/wp-content\/gallery\/warsztaty-w-ramach-konkursu-policjanci-w-sluzbie-historii_1\/20190218_103919.jpg\"\n               title=\"\"\n               data-src=\"http:\/\/16lo.tarman.pl\/wp-content\/gallery\/warsztaty-w-ramach-konkursu-policjanci-w-sluzbie-historii_1\/20190218_103919.jpg\"\n               data-thumbnail=\"http:\/\/16lo.tarman.pl\/wp-content\/gallery\/warsztaty-w-ramach-konkursu-policjanci-w-sluzbie-historii_1\/thumbs\/thumbs_20190218_103919.jpg\"\n               data-image-id=\"42829\"\n               data-title=\"20190218_103919\"\n               data-description=\"\"\n               data-image-slug=\"20190218_103919\"\n               class='thickbox' rel='376a9ba83468e5c697acb73b90362350'>\n                <img\n                    title=\"20190218_103919\"\n                    alt=\"20190218_103919\"\n                    src=\"http:\/\/16lo.tarman.pl\/wp-content\/gallery\/warsztaty-w-ramach-konkursu-policjanci-w-sluzbie-historii_1\/thumbs\/thumbs_20190218_103919.jpg\"\n                    width=\"120\"\n                    height=\"90\"\n                    style=\"max-width:100%;\"\n                \/>\n            <\/a>\n        <\/div>\n\t\t\t\t\t\t\t<\/div> \n\t\t\t\n                            \n\t\t\t\t<div id=\"ngg-image-2\" class=\"ngg-gallery-thumbnail-box\" >\n\t\t\t\t        <div class=\"ngg-gallery-thumbnail\">\n            <a href=\"http:\/\/16lo.tarman.pl\/wp-content\/gallery\/warsztaty-w-ramach-konkursu-policjanci-w-sluzbie-historii_1\/20190218_104019.jpg\"\n               title=\"\"\n               data-src=\"http:\/\/16lo.tarman.pl\/wp-content\/gallery\/warsztaty-w-ramach-konkursu-policjanci-w-sluzbie-historii_1\/20190218_104019.jpg\"\n               data-thumbnail=\"http:\/\/16lo.tarman.pl\/wp-content\/gallery\/warsztaty-w-ramach-konkursu-policjanci-w-sluzbie-historii_1\/thumbs\/thumbs_20190218_104019.jpg\"\n               data-image-id=\"42830\"\n               data-title=\"20190218_104019\"\n               data-description=\"\"\n               data-image-slug=\"20190218_104019\"\n               class='thickbox' rel='376a9ba83468e5c697acb73b90362350'>\n                <img\n                    title=\"20190218_104019\"\n                    alt=\"20190218_104019\"\n                    src=\"http:\/\/16lo.tarman.pl\/wp-content\/gallery\/warsztaty-w-ramach-konkursu-policjanci-w-sluzbie-historii_1\/thumbs\/thumbs_20190218_104019.jpg\"\n                    width=\"120\"\n                    height=\"90\"\n                    style=\"max-width:100%;\"\n                \/>\n            <\/a>\n        <\/div>\n\t\t\t\t\t\t\t<\/div> \n\t\t\t\n                            \n\t\t\t\t<div id=\"ngg-image-3\" class=\"ngg-gallery-thumbnail-box\" >\n\t\t\t\t        <div class=\"ngg-gallery-thumbnail\">\n            <a href=\"http:\/\/16lo.tarman.pl\/wp-content\/gallery\/warsztaty-w-ramach-konkursu-policjanci-w-sluzbie-historii_1\/20190218_110305.jpg\"\n               title=\"\"\n               data-src=\"http:\/\/16lo.tarman.pl\/wp-content\/gallery\/warsztaty-w-ramach-konkursu-policjanci-w-sluzbie-historii_1\/20190218_110305.jpg\"\n               data-thumbnail=\"http:\/\/16lo.tarman.pl\/wp-content\/gallery\/warsztaty-w-ramach-konkursu-policjanci-w-sluzbie-historii_1\/thumbs\/thumbs_20190218_110305.jpg\"\n               data-image-id=\"42831\"\n               data-title=\"20190218_110305\"\n               data-description=\"\"\n               data-image-slug=\"20190218_110305\"\n               class='thickbox' rel='376a9ba83468e5c697acb73b90362350'>\n                <img\n                    title=\"20190218_110305\"\n                    alt=\"20190218_110305\"\n                    src=\"http:\/\/16lo.tarman.pl\/wp-content\/gallery\/warsztaty-w-ramach-konkursu-policjanci-w-sluzbie-historii_1\/thumbs\/thumbs_20190218_110305.jpg\"\n                    width=\"120\"\n                    height=\"90\"\n                    style=\"max-width:100%;\"\n                \/>\n            <\/a>\n        <\/div>\n\t\t\t\t\t\t\t<\/div> \n\t\t\t\n                            \n\t\t\t\t<div id=\"ngg-image-4\" class=\"ngg-gallery-thumbnail-box\" >\n\t\t\t\t        <div class=\"ngg-gallery-thumbnail\">\n            <a href=\"http:\/\/16lo.tarman.pl\/wp-content\/gallery\/warsztaty-w-ramach-konkursu-policjanci-w-sluzbie-historii_1\/20190218_121853.jpg\"\n               title=\"\"\n               data-src=\"http:\/\/16lo.tarman.pl\/wp-content\/gallery\/warsztaty-w-ramach-konkursu-policjanci-w-sluzbie-historii_1\/20190218_121853.jpg\"\n               data-thumbnail=\"http:\/\/16lo.tarman.pl\/wp-content\/gallery\/warsztaty-w-ramach-konkursu-policjanci-w-sluzbie-historii_1\/thumbs\/thumbs_20190218_121853.jpg\"\n               data-image-id=\"42832\"\n               data-title=\"20190218_121853\"\n               data-description=\"\"\n               data-image-slug=\"20190218_121853\"\n               class='thickbox' rel='376a9ba83468e5c697acb73b90362350'>\n                <img\n                    title=\"20190218_121853\"\n                    alt=\"20190218_121853\"\n                    src=\"http:\/\/16lo.tarman.pl\/wp-content\/gallery\/warsztaty-w-ramach-konkursu-policjanci-w-sluzbie-historii_1\/thumbs\/thumbs_20190218_121853.jpg\"\n                    width=\"120\"\n                    height=\"90\"\n                    style=\"max-width:100%;\"\n                \/>\n            <\/a>\n        <\/div>\n\t\t\t\t\t\t\t<\/div> \n\t\t\t\n                                    <br style=\"clear: both\" \/>\n                    \n\t\t\t\t<div id=\"ngg-image-5\" class=\"ngg-gallery-thumbnail-box\" >\n\t\t\t\t        <div class=\"ngg-gallery-thumbnail\">\n            <a href=\"http:\/\/16lo.tarman.pl\/wp-content\/gallery\/warsztaty-w-ramach-konkursu-policjanci-w-sluzbie-historii_1\/20190218_121900.jpg\"\n               title=\"\"\n               data-src=\"http:\/\/16lo.tarman.pl\/wp-content\/gallery\/warsztaty-w-ramach-konkursu-policjanci-w-sluzbie-historii_1\/20190218_121900.jpg\"\n               data-thumbnail=\"http:\/\/16lo.tarman.pl\/wp-content\/gallery\/warsztaty-w-ramach-konkursu-policjanci-w-sluzbie-historii_1\/thumbs\/thumbs_20190218_121900.jpg\"\n               data-image-id=\"42833\"\n               data-title=\"20190218_121900\"\n               data-description=\"\"\n               data-image-slug=\"20190218_121900\"\n               class='thickbox' rel='376a9ba83468e5c697acb73b90362350'>\n                <img\n                    title=\"20190218_121900\"\n                    alt=\"20190218_121900\"\n                    src=\"http:\/\/16lo.tarman.pl\/wp-content\/gallery\/warsztaty-w-ramach-konkursu-policjanci-w-sluzbie-historii_1\/thumbs\/thumbs_20190218_121900.jpg\"\n                    width=\"120\"\n                    height=\"90\"\n                    style=\"max-width:100%;\"\n                \/>\n            <\/a>\n        <\/div>\n\t\t\t\t\t\t\t<\/div> \n\t\t\t\n                            \n\t\t\t\t<div id=\"ngg-image-6\" class=\"ngg-gallery-thumbnail-box\" >\n\t\t\t\t        <div class=\"ngg-gallery-thumbnail\">\n            <a href=\"http:\/\/16lo.tarman.pl\/wp-content\/gallery\/warsztaty-w-ramach-konkursu-policjanci-w-sluzbie-historii_1\/20190218_122011.jpg\"\n               title=\"\"\n               data-src=\"http:\/\/16lo.tarman.pl\/wp-content\/gallery\/warsztaty-w-ramach-konkursu-policjanci-w-sluzbie-historii_1\/20190218_122011.jpg\"\n               data-thumbnail=\"http:\/\/16lo.tarman.pl\/wp-content\/gallery\/warsztaty-w-ramach-konkursu-policjanci-w-sluzbie-historii_1\/thumbs\/thumbs_20190218_122011.jpg\"\n               data-image-id=\"42834\"\n               data-title=\"20190218_122011\"\n               data-description=\"\"\n               data-image-slug=\"20190218_122011\"\n               class='thickbox' rel='376a9ba83468e5c697acb73b90362350'>\n                <img\n                    title=\"20190218_122011\"\n                    alt=\"20190218_122011\"\n                    src=\"http:\/\/16lo.tarman.pl\/wp-content\/gallery\/warsztaty-w-ramach-konkursu-policjanci-w-sluzbie-historii_1\/thumbs\/thumbs_20190218_122011.jpg\"\n                    width=\"120\"\n                    height=\"90\"\n                    style=\"max-width:100%;\"\n                \/>\n            <\/a>\n        <\/div>\n\t\t\t\t\t\t\t<\/div> \n\t\t\t\n                            \n\t\t\t\t<div id=\"ngg-image-7\" class=\"ngg-gallery-thumbnail-box\" >\n\t\t\t\t        <div class=\"ngg-gallery-thumbnail\">\n            <a href=\"http:\/\/16lo.tarman.pl\/wp-content\/gallery\/warsztaty-w-ramach-konkursu-policjanci-w-sluzbie-historii_1\/20190218_122030.jpg\"\n               title=\"\"\n               data-src=\"http:\/\/16lo.tarman.pl\/wp-content\/gallery\/warsztaty-w-ramach-konkursu-policjanci-w-sluzbie-historii_1\/20190218_122030.jpg\"\n               data-thumbnail=\"http:\/\/16lo.tarman.pl\/wp-content\/gallery\/warsztaty-w-ramach-konkursu-policjanci-w-sluzbie-historii_1\/thumbs\/thumbs_20190218_122030.jpg\"\n               data-image-id=\"42835\"\n               data-title=\"20190218_122030\"\n               data-description=\"\"\n               data-image-slug=\"20190218_122030\"\n               class='thickbox' rel='376a9ba83468e5c697acb73b90362350'>\n                <img\n                    title=\"20190218_122030\"\n                    alt=\"20190218_122030\"\n                    src=\"http:\/\/16lo.tarman.pl\/wp-content\/gallery\/warsztaty-w-ramach-konkursu-policjanci-w-sluzbie-historii_1\/thumbs\/thumbs_20190218_122030.jpg\"\n                    width=\"120\"\n                    height=\"90\"\n                    style=\"max-width:100%;\"\n                \/>\n            <\/a>\n        <\/div>\n\t\t\t\t\t\t\t<\/div> \n\t\t\t\n                            \n\t\t\n\t\t<!-- Pagination -->\n\t<div class='ngg-clear'><\/div>\t<\/div>\n\n","protected":false},"excerpt":{"rendered":"<p>W dniu 18 lutego w Centrum Edukacyjnym Przystanek Historia IPN w Krakowie uczennice klasy 2c [&#8230;]<\/p>\n","protected":false},"author":1,"featured_media":0,"comment_status":"closed","ping_status":"closed","sticky":false,"template":"","format":"standard","meta":{"ngg_post_thumbnail":0},"categories":[1,339],"tags":[],"_links":{"self":[{"href":"http:\/\/16lo.tarman.pl\/index.php?rest_route=\/wp\/v2\/posts\/58426"}],"collection":[{"href":"http:\/\/16lo.tarman.pl\/index.php?rest_route=\/wp\/v2\/posts"}],"about":[{"href":"http:\/\/16lo.tarman.pl\/index.php?rest_route=\/wp\/v2\/types\/post"}],"author":[{"embeddable":true,"href":"http:\/\/16lo.tarman.pl\/index.php?rest_route=\/wp\/v2\/users\/1"}],"replies":[{"embeddable":true,"href":"http:\/\/16lo.tarman.pl\/index.php?rest_route=%2Fwp%2Fv2%2Fcomments&post=58426"}],"version-history":[{"count":1,"href":"http:\/\/16lo.tarman.pl\/index.php?rest_route=\/wp\/v2\/posts\/58426\/revisions"}],"predecessor-version":[{"id":58436,"href":"http:\/\/16lo.tarman.pl\/index.php?rest_route=\/wp\/v2\/posts\/58426\/revisions\/58436"}],"wp:attachment":[{"href":"http:\/\/16lo.tarman.pl\/index.php?rest_route=%2Fwp%2Fv2%2Fmedia&parent=58426"}],"wp:term":[{"taxonomy":"category","embeddable":true,"href":"http:\/\/16lo.tarman.pl\/index.php?rest_route=%2Fwp%2Fv2%2Fcategories&post=58426"},{"taxonomy":"post_tag","embeddable":true,"href":"http:\/\/16lo.tarman.pl\/index.php?rest_route=%2Fwp%2Fv2%2Ftags&post=58426"}],"curies":[{"name":"wp","href":"https:\/\/api.w.org\/{rel}","templated":true}]}}