{"id":58156,"date":"2019-01-31T05:45:32","date_gmt":"2019-01-31T05:45:32","guid":{"rendered":"http:\/\/16lo.tarman.pl\/?p=58156"},"modified":"2019-01-31T05:45:34","modified_gmt":"2019-01-31T05:45:34","slug":"uroczyste-przekazanie-sprzetu-wojskowego-xvi-liceum-ogolnoksztalcacemu-im-armii-krajowej-w-tarnowie","status":"publish","type":"post","link":"http:\/\/16lo.tarman.pl\/?p=58156","title":{"rendered":"UROCZYSTE PRZEKAZANIE SPRZ\u0118TU WOJSKOWEGO XVI LICEUM OG\u00d3LNOKSZTA\u0141C\u0104CEMU im. ARMII KRAJOWEJ W TARNOWIE"},"content":{"rendered":"\n<p>XVI Liceum Og\u00f3lnokszta\u0142c\u0105ce im. Armii Krajowej w Tarnowie zgodnie z realizowanymi tradycjami patriotycznymi i obronnymi zosta\u0142o wyr\u00f3\u017cnione uczestnictwem w \u201ePilota\u017cowym programie wspierania szk\u00f3\u0142 ponadgimnazjalnych prowadz\u0105cych piony Certyfikowanych Wojskowych Klas Mundurowych\u201d. Organizatorem II edycji programu jest Ministerstwo Obrony Narodowej, kt\u00f3re przeznaczy\u0142o na jego realizacj\u0119 w XVI LO\u00a0 58 tys. z\u0142. a wk\u0142ad w\u0142asny miasta wyni\u00f3s\u0142 14.5 tys. z\u0142. \u00a0Od wrze\u015bnia 2018 roku uczniowie klasy wojskowej im. p\u0142k.\u00a0 Jerzego Pertkiewicza \u00a0nie tylko kontynuuj\u0105 \u0107wiczenia w ramach przedmiotu edukacja wojskowa, lecz r\u00f3wnie\u017c szkol\u0105 si\u0119 pod okiem \u017co\u0142nierzy 5 kompanii 33. Batalionu Lekkiej Piechoty WOT \u00a0w D\u0119bicy. 29 stycznia br. odby\u0142o si\u0119 uroczyste przekazanie sprz\u0119tu szkoleniowego, kt\u00f3rego fundatorem zosta\u0142o Ministerstwo Obrony Narodowej oraz Urz\u0105d Miasta Tarnowa. Wysokiej klasy wyposa\u017cenie zosta\u0142o zaprezentowane w obecno\u015bci znamienitych go\u015bci: Komendanta WKU pp\u0142k. Piotra War\u0119ckiego, Skarbnika Miasta Tarnowa p. S\u0142awomira Kolasi\u0144skiego, Dyrektora Wydzia\u0142u Edukacji p. Bogumi\u0142y Por\u0119bskiej, Wizytatora Ma\u0142opolskiego Kuratorium\u00a0 O\u015bwiaty p. Tadeusza Bernady oraz Dyrektora XVI LO p. Piotra Duszy. Opr\u00f3cz dodatkowego umundurowania dla 20 uczni\u00f3w bior\u0105cych udzia\u0142 w projekcie, szko\u0142a otrzyma\u0142a m.in. pakiet broni szkoleniowej, he\u0142my i\u00a0 kamizelki taktyczne, maski przeciwgazowe, radiotelefony PMR, pistolet pneumatyczny HW 40 oraz karabinki pneumatyczne FWB 601. Sprz\u0119t zostanie wykorzystany m.in. podczas zaj\u0119\u0107 praktycznych ze strzelectwa, taktyki pierwszej pomocy i ratownictwa taktycznego, musztry indywidualnej i zespo\u0142owej.<\/p>\n\n\n\n<p>Zapraszamy do galerii dost\u0119pnych pod linkami: <\/p>\n\n\n\n<p><a rel=\"noreferrer noopener\" aria-label=\"http:\/\/www.tarnow.pl\/Dla-mieszkancow\/Galerie-zdjec\/Miasto\/Galeria-Miasto-2019\/XVI-LO-uroczyste-przekazanie-sprzetu-wojskowego (otwiera si\u0119 w nowej karcie)\" href=\"http:\/\/www.tarnow.pl\/Dla-mieszkancow\/Galerie-zdjec\/Miasto\/Galeria-Miasto-2019\/XVI-LO-uroczyste-przekazanie-sprzetu-wojskowego\" target=\"_blank\">http:\/\/www.tarnow.pl\/Dla-mieszkancow\/Galerie-zdjec\/Miasto\/Galeria-Miasto-2019\/XVI-LO-uroczyste-przekazanie-sprzetu-wojskowego<\/a> <\/p>\n\n\n\n<p><a rel=\"noreferrer noopener\" aria-label=\"http:\/\/tarnow.naszemiasto.pl\/artykul\/tarnow-xvi-liceum-ogolnoksztalcace-dostalo-nowy-sprzet,4973572,artgal,t,id,tm.html (otwiera si\u0119 w nowej karcie)\" href=\"http:\/\/tarnow.naszemiasto.pl\/artykul\/tarnow-xvi-liceum-ogolnoksztalcace-dostalo-nowy-sprzet,4973572,artgal,t,id,tm.html\" target=\"_blank\">http:\/\/tarnow.naszemiasto.pl\/artykul\/tarnow-xvi-liceum-ogolnoksztalcace-dostalo-nowy-sprzet,4973572,artgal,t,id,tm.html<\/a><\/p>\n\n\n\n<p><a href=\"http:\/\/pollyana.nazwa.pl\/kadr\/2019\/01\/29\/program-wojsko-w-szkole\/#\" target=\"_blank\" rel=\"noreferrer noopener\" aria-label=\"http:\/\/pollyana.nazwa.pl\/kadr\/2019\/01\/29\/program-wojsko-w-szkole\/# (otwiera si\u0119 w nowej karcie)\">http:\/\/pollyana.nazwa.pl\/kadr\/2019\/01\/29\/program-wojsko-w-szkole\/#<\/a><\/p>\n","protected":false},"excerpt":{"rendered":"<p>XVI Liceum Og\u00f3lnokszta\u0142c\u0105ce im. Armii Krajowej w Tarnowie zgodnie z realizowanymi tradycjami patriotycznymi i obronnymi [&#8230;]<\/p>\n","protected":false},"author":1,"featured_media":0,"comment_status":"closed","ping_status":"closed","sticky":false,"template":"","format":"standard","meta":{"ngg_post_thumbnail":0},"categories":[338],"tags":[],"_links":{"self":[{"href":"http:\/\/16lo.tarman.pl\/index.php?rest_route=\/wp\/v2\/posts\/58156"}],"collection":[{"href":"http:\/\/16lo.tarman.pl\/index.php?rest_route=\/wp\/v2\/posts"}],"about":[{"href":"http:\/\/16lo.tarman.pl\/index.php?rest_route=\/wp\/v2\/types\/post"}],"author":[{"embeddable":true,"href":"http:\/\/16lo.tarman.pl\/index.php?rest_route=\/wp\/v2\/users\/1"}],"replies":[{"embeddable":true,"href":"http:\/\/16lo.tarman.pl\/index.php?rest_route=%2Fwp%2Fv2%2Fcomments&post=58156"}],"version-history":[{"count":1,"href":"http:\/\/16lo.tarman.pl\/index.php?rest_route=\/wp\/v2\/posts\/58156\/revisions"}],"predecessor-version":[{"id":58157,"href":"http:\/\/16lo.tarman.pl\/index.php?rest_route=\/wp\/v2\/posts\/58156\/revisions\/58157"}],"wp:attachment":[{"href":"http:\/\/16lo.tarman.pl\/index.php?rest_route=%2Fwp%2Fv2%2Fmedia&parent=58156"}],"wp:term":[{"taxonomy":"category","embeddable":true,"href":"http:\/\/16lo.tarman.pl\/index.php?rest_route=%2Fwp%2Fv2%2Fcategories&post=58156"},{"taxonomy":"post_tag","embeddable":true,"href":"http:\/\/16lo.tarman.pl\/index.php?rest_route=%2Fwp%2Fv2%2Ftags&post=58156"}],"curies":[{"name":"wp","href":"https:\/\/api.w.org\/{rel}","templated":true}]}}