{"id":5452,"date":"2015-02-20T08:22:29","date_gmt":"2015-02-20T08:22:29","guid":{"rendered":"http:\/\/16lo.tarman.pl\/?p=5452"},"modified":"2015-02-20T08:22:29","modified_gmt":"2015-02-20T08:22:29","slug":"sebastian-tott-stypendysta-stypendium-prezydenta-miasta-tarnowa","status":"publish","type":"post","link":"http:\/\/16lo.tarman.pl\/?p=5452","title":{"rendered":"SEBASTIAN TOTT stypendyst\u0105 Stypendium Prezydenta Miasta Tarnowa!"},"content":{"rendered":"<p style=\"text-align: justify;\">Z ogromn\u0105 satysfakcj\u0105 informuj\u0119, \u017ce Sebastian Tott \u2013 ucze\u0144 klasy IIa &#8211; otrzyma\u0142 stypendium Prezydenta Miasta Tarnowa za wybitne osi\u0105gni\u0119cia sportowe w roku szkolnym 2013\/2014. <strong>Ciesz\u0119 si\u0119 bardzo i gratuluj\u0119 takiego wyr\u00f3\u017cnienia!! <\/strong>Gala rozdania dyplom\u00f3w stypendystom odb\u0119dzie si\u0119 9 marca 2015 r. o godz. 14.00 w Sali Lustrzanej, na kt\u00f3r\u0105 gor\u0105co w imieniu Prezydenta Miasta Tarnowa zapraszam Sebastiana wraz z Rodzicami.<\/p>\n<p style=\"text-align: justify;\">Dyrektor szko\u0142y<\/p>\n<p style=\"text-align: justify;\">Ewa Witecka<\/p>\n","protected":false},"excerpt":{"rendered":"<p>Z ogromn\u0105 satysfakcj\u0105 informuj\u0119, \u017ce Sebastian Tott \u2013 ucze\u0144 klasy IIa &#8211; otrzyma\u0142 stypendium Prezydenta [&#8230;]<\/p>\n","protected":false},"author":1,"featured_media":0,"comment_status":"closed","ping_status":"closed","sticky":false,"template":"","format":"standard","meta":{"ngg_post_thumbnail":0},"categories":[226,85],"tags":[],"_links":{"self":[{"href":"http:\/\/16lo.tarman.pl\/index.php?rest_route=\/wp\/v2\/posts\/5452"}],"collection":[{"href":"http:\/\/16lo.tarman.pl\/index.php?rest_route=\/wp\/v2\/posts"}],"about":[{"href":"http:\/\/16lo.tarman.pl\/index.php?rest_route=\/wp\/v2\/types\/post"}],"author":[{"embeddable":true,"href":"http:\/\/16lo.tarman.pl\/index.php?rest_route=\/wp\/v2\/users\/1"}],"replies":[{"embeddable":true,"href":"http:\/\/16lo.tarman.pl\/index.php?rest_route=%2Fwp%2Fv2%2Fcomments&post=5452"}],"version-history":[{"count":1,"href":"http:\/\/16lo.tarman.pl\/index.php?rest_route=\/wp\/v2\/posts\/5452\/revisions"}],"predecessor-version":[{"id":5453,"href":"http:\/\/16lo.tarman.pl\/index.php?rest_route=\/wp\/v2\/posts\/5452\/revisions\/5453"}],"wp:attachment":[{"href":"http:\/\/16lo.tarman.pl\/index.php?rest_route=%2Fwp%2Fv2%2Fmedia&parent=5452"}],"wp:term":[{"taxonomy":"category","embeddable":true,"href":"http:\/\/16lo.tarman.pl\/index.php?rest_route=%2Fwp%2Fv2%2Fcategories&post=5452"},{"taxonomy":"post_tag","embeddable":true,"href":"http:\/\/16lo.tarman.pl\/index.php?rest_route=%2Fwp%2Fv2%2Ftags&post=5452"}],"curies":[{"name":"wp","href":"https:\/\/api.w.org\/{rel}","templated":true}]}}