{"id":49827,"date":"2017-12-01T22:40:47","date_gmt":"2017-12-01T22:40:47","guid":{"rendered":"http:\/\/16lo.tarman.pl\/?p=49827"},"modified":"2017-12-01T22:40:47","modified_gmt":"2017-12-01T22:40:47","slug":"mikolajkowe-targi-pracy","status":"publish","type":"post","link":"http:\/\/16lo.tarman.pl\/?p=49827","title":{"rendered":"Miko\u0142ajkowe Targi Pracy"},"content":{"rendered":"<p style=\"text-align: justify;\">29 listopada uczniowie klas 3A i 3C wzi\u0119li udzia\u0142 w MIKO\u0141AJKOWYCH TARGACH PRACY w obiektach Ochotniczych Hufc\u00f3w Pracy w Tarnowie. Przy stoiskach wystawienniczych mieli mo\u017cliwo\u015b\u0107 uzyskania informacji na temat pracy sta\u0142ej i kr\u00f3tkoterminowej prezentowanej przez przedstawicieli firm lokalnych i og\u00f3lnopolskich. Uczniowi mogli skorzysta\u0107 z us\u0142ug doradc\u00f3w zawodowych z Mobilnego Centrum Informacji Zawodowej. Podczas spotkania zaprezentowana zosta\u0142a sie\u0107 Eures, kt\u00f3ra oferuje zatrudnienie w krajach Unii Europejskiej.&nbsp;<\/p>\n<p><strong><!-- index.php -->\n<div\n\tclass=\"ngg-galleryoverview ngg-ajax-pagination-none\"\n\tid=\"ngg-gallery-377d02e7f0763b05176ef2fc4c2e9ad2-1\">\n\n    \t<div class=\"slideshowlink\">\n        <a href='http:\/\/16lo.tarman.pl\/index.php\/nggallery\/slideshow?p=49827'>[Show slideshow]<\/a>\n\t\t\n\t<\/div>\n\t\t\t<!-- Thumbnails -->\n\t\t\t\t<div id=\"ngg-image-0\" class=\"ngg-gallery-thumbnail-box\" >\n\t\t\t\t        <div class=\"ngg-gallery-thumbnail\">\n            <a href=\"http:\/\/16lo.tarman.pl\/wp-content\/gallery\/mikolajkowe-targi-pracy\/IMG_20171129_112241.jpg\"\n               title=\"\"\n               data-src=\"http:\/\/16lo.tarman.pl\/wp-content\/gallery\/mikolajkowe-targi-pracy\/IMG_20171129_112241.jpg\"\n               data-thumbnail=\"http:\/\/16lo.tarman.pl\/wp-content\/gallery\/mikolajkowe-targi-pracy\/thumbs\/thumbs_IMG_20171129_112241.jpg\"\n               data-image-id=\"38897\"\n               data-title=\"dav\"\n               data-description=\"\"\n               data-image-slug=\"img_20171129_112241\"\n               class='thickbox' rel='377d02e7f0763b05176ef2fc4c2e9ad2'>\n                <img\n                    title=\"dav\"\n                    alt=\"dav\"\n                    src=\"http:\/\/16lo.tarman.pl\/wp-content\/gallery\/mikolajkowe-targi-pracy\/thumbs\/thumbs_IMG_20171129_112241.jpg\"\n                    width=\"120\"\n                    height=\"90\"\n                    style=\"max-width:100%;\"\n                \/>\n            <\/a>\n        <\/div>\n\t\t\t\t\t\t\t<\/div> \n\t\t\t\n                            \n\t\t\t\t<div id=\"ngg-image-1\" class=\"ngg-gallery-thumbnail-box\" >\n\t\t\t\t        <div class=\"ngg-gallery-thumbnail\">\n            <a href=\"http:\/\/16lo.tarman.pl\/wp-content\/gallery\/mikolajkowe-targi-pracy\/IMG_20171129_112259.jpg\"\n               title=\"\"\n               data-src=\"http:\/\/16lo.tarman.pl\/wp-content\/gallery\/mikolajkowe-targi-pracy\/IMG_20171129_112259.jpg\"\n               data-thumbnail=\"http:\/\/16lo.tarman.pl\/wp-content\/gallery\/mikolajkowe-targi-pracy\/thumbs\/thumbs_IMG_20171129_112259.jpg\"\n               data-image-id=\"38898\"\n               data-title=\"dav\"\n               data-description=\"\"\n               data-image-slug=\"img_20171129_112259\"\n               class='thickbox' rel='377d02e7f0763b05176ef2fc4c2e9ad2'>\n                <img\n                    title=\"dav\"\n                    alt=\"dav\"\n                    src=\"http:\/\/16lo.tarman.pl\/wp-content\/gallery\/mikolajkowe-targi-pracy\/thumbs\/thumbs_IMG_20171129_112259.jpg\"\n                    width=\"120\"\n                    height=\"90\"\n                    style=\"max-width:100%;\"\n                \/>\n            <\/a>\n        <\/div>\n\t\t\t\t\t\t\t<\/div> \n\t\t\t\n                            \n\t\t\t\t<div id=\"ngg-image-2\" class=\"ngg-gallery-thumbnail-box\" >\n\t\t\t\t        <div class=\"ngg-gallery-thumbnail\">\n            <a href=\"http:\/\/16lo.tarman.pl\/wp-content\/gallery\/mikolajkowe-targi-pracy\/IMG_20171129_112315.jpg\"\n               title=\"\"\n               data-src=\"http:\/\/16lo.tarman.pl\/wp-content\/gallery\/mikolajkowe-targi-pracy\/IMG_20171129_112315.jpg\"\n               data-thumbnail=\"http:\/\/16lo.tarman.pl\/wp-content\/gallery\/mikolajkowe-targi-pracy\/thumbs\/thumbs_IMG_20171129_112315.jpg\"\n               data-image-id=\"38899\"\n               data-title=\"dav\"\n               data-description=\"\"\n               data-image-slug=\"img_20171129_112315\"\n               class='thickbox' rel='377d02e7f0763b05176ef2fc4c2e9ad2'>\n                <img\n                    title=\"dav\"\n                    alt=\"dav\"\n                    src=\"http:\/\/16lo.tarman.pl\/wp-content\/gallery\/mikolajkowe-targi-pracy\/thumbs\/thumbs_IMG_20171129_112315.jpg\"\n                    width=\"120\"\n                    height=\"90\"\n                    style=\"max-width:100%;\"\n                \/>\n            <\/a>\n        <\/div>\n\t\t\t\t\t\t\t<\/div> \n\t\t\t\n                            \n\t\t\t\t<div id=\"ngg-image-3\" class=\"ngg-gallery-thumbnail-box\" >\n\t\t\t\t        <div class=\"ngg-gallery-thumbnail\">\n            <a href=\"http:\/\/16lo.tarman.pl\/wp-content\/gallery\/mikolajkowe-targi-pracy\/IMG_20171129_112326.jpg\"\n               title=\"\"\n               data-src=\"http:\/\/16lo.tarman.pl\/wp-content\/gallery\/mikolajkowe-targi-pracy\/IMG_20171129_112326.jpg\"\n               data-thumbnail=\"http:\/\/16lo.tarman.pl\/wp-content\/gallery\/mikolajkowe-targi-pracy\/thumbs\/thumbs_IMG_20171129_112326.jpg\"\n               data-image-id=\"38900\"\n               data-title=\"dav\"\n               data-description=\"\"\n               data-image-slug=\"img_20171129_112326\"\n               class='thickbox' rel='377d02e7f0763b05176ef2fc4c2e9ad2'>\n                <img\n                    title=\"dav\"\n                    alt=\"dav\"\n                    src=\"http:\/\/16lo.tarman.pl\/wp-content\/gallery\/mikolajkowe-targi-pracy\/thumbs\/thumbs_IMG_20171129_112326.jpg\"\n                    width=\"120\"\n                    height=\"90\"\n                    style=\"max-width:100%;\"\n                \/>\n            <\/a>\n        <\/div>\n\t\t\t\t\t\t\t<\/div> \n\t\t\t\n                            \n\t\t\t\t<div id=\"ngg-image-4\" class=\"ngg-gallery-thumbnail-box\" >\n\t\t\t\t        <div class=\"ngg-gallery-thumbnail\">\n            <a href=\"http:\/\/16lo.tarman.pl\/wp-content\/gallery\/mikolajkowe-targi-pracy\/IMG_20171129_112331.jpg\"\n               title=\"\"\n               data-src=\"http:\/\/16lo.tarman.pl\/wp-content\/gallery\/mikolajkowe-targi-pracy\/IMG_20171129_112331.jpg\"\n               data-thumbnail=\"http:\/\/16lo.tarman.pl\/wp-content\/gallery\/mikolajkowe-targi-pracy\/thumbs\/thumbs_IMG_20171129_112331.jpg\"\n               data-image-id=\"38901\"\n               data-title=\"dav\"\n               data-description=\"\"\n               data-image-slug=\"img_20171129_112331\"\n               class='thickbox' rel='377d02e7f0763b05176ef2fc4c2e9ad2'>\n                <img\n                    title=\"dav\"\n                    alt=\"dav\"\n                    src=\"http:\/\/16lo.tarman.pl\/wp-content\/gallery\/mikolajkowe-targi-pracy\/thumbs\/thumbs_IMG_20171129_112331.jpg\"\n                    width=\"120\"\n                    height=\"90\"\n                    style=\"max-width:100%;\"\n                \/>\n            <\/a>\n        <\/div>\n\t\t\t\t\t\t\t<\/div> \n\t\t\t\n                                    <br style=\"clear: both\" \/>\n                    \n\t\t\t\t<div id=\"ngg-image-5\" class=\"ngg-gallery-thumbnail-box\" >\n\t\t\t\t        <div class=\"ngg-gallery-thumbnail\">\n            <a href=\"http:\/\/16lo.tarman.pl\/wp-content\/gallery\/mikolajkowe-targi-pracy\/IMG_20171129_112543.jpg\"\n               title=\"\"\n               data-src=\"http:\/\/16lo.tarman.pl\/wp-content\/gallery\/mikolajkowe-targi-pracy\/IMG_20171129_112543.jpg\"\n               data-thumbnail=\"http:\/\/16lo.tarman.pl\/wp-content\/gallery\/mikolajkowe-targi-pracy\/thumbs\/thumbs_IMG_20171129_112543.jpg\"\n               data-image-id=\"38902\"\n               data-title=\"dav\"\n               data-description=\"\"\n               data-image-slug=\"img_20171129_112543\"\n               class='thickbox' rel='377d02e7f0763b05176ef2fc4c2e9ad2'>\n                <img\n                    title=\"dav\"\n                    alt=\"dav\"\n                    src=\"http:\/\/16lo.tarman.pl\/wp-content\/gallery\/mikolajkowe-targi-pracy\/thumbs\/thumbs_IMG_20171129_112543.jpg\"\n                    width=\"120\"\n                    height=\"90\"\n                    style=\"max-width:100%;\"\n                \/>\n            <\/a>\n        <\/div>\n\t\t\t\t\t\t\t<\/div> \n\t\t\t\n                            \n\t\t\t\t<div id=\"ngg-image-6\" class=\"ngg-gallery-thumbnail-box\" >\n\t\t\t\t        <div class=\"ngg-gallery-thumbnail\">\n            <a href=\"http:\/\/16lo.tarman.pl\/wp-content\/gallery\/mikolajkowe-targi-pracy\/IMG_20171129_112605.jpg\"\n               title=\"\"\n               data-src=\"http:\/\/16lo.tarman.pl\/wp-content\/gallery\/mikolajkowe-targi-pracy\/IMG_20171129_112605.jpg\"\n               data-thumbnail=\"http:\/\/16lo.tarman.pl\/wp-content\/gallery\/mikolajkowe-targi-pracy\/thumbs\/thumbs_IMG_20171129_112605.jpg\"\n               data-image-id=\"38903\"\n               data-title=\"dav\"\n               data-description=\"\"\n               data-image-slug=\"img_20171129_112605\"\n               class='thickbox' rel='377d02e7f0763b05176ef2fc4c2e9ad2'>\n                <img\n                    title=\"dav\"\n                    alt=\"dav\"\n                    src=\"http:\/\/16lo.tarman.pl\/wp-content\/gallery\/mikolajkowe-targi-pracy\/thumbs\/thumbs_IMG_20171129_112605.jpg\"\n                    width=\"120\"\n                    height=\"90\"\n                    style=\"max-width:100%;\"\n                \/>\n            <\/a>\n        <\/div>\n\t\t\t\t\t\t\t<\/div> \n\t\t\t\n                            \n\t\t\t\t<div id=\"ngg-image-7\" class=\"ngg-gallery-thumbnail-box\" >\n\t\t\t\t        <div class=\"ngg-gallery-thumbnail\">\n            <a href=\"http:\/\/16lo.tarman.pl\/wp-content\/gallery\/mikolajkowe-targi-pracy\/IMG_20171129_112638.jpg\"\n               title=\"\"\n               data-src=\"http:\/\/16lo.tarman.pl\/wp-content\/gallery\/mikolajkowe-targi-pracy\/IMG_20171129_112638.jpg\"\n               data-thumbnail=\"http:\/\/16lo.tarman.pl\/wp-content\/gallery\/mikolajkowe-targi-pracy\/thumbs\/thumbs_IMG_20171129_112638.jpg\"\n               data-image-id=\"38904\"\n               data-title=\"dav\"\n               data-description=\"\"\n               data-image-slug=\"img_20171129_112638\"\n               class='thickbox' rel='377d02e7f0763b05176ef2fc4c2e9ad2'>\n                <img\n                    title=\"dav\"\n                    alt=\"dav\"\n                    src=\"http:\/\/16lo.tarman.pl\/wp-content\/gallery\/mikolajkowe-targi-pracy\/thumbs\/thumbs_IMG_20171129_112638.jpg\"\n                    width=\"120\"\n                    height=\"90\"\n                    style=\"max-width:100%;\"\n                \/>\n            <\/a>\n        <\/div>\n\t\t\t\t\t\t\t<\/div> \n\t\t\t\n                            \n\t\t\t\t<div id=\"ngg-image-8\" class=\"ngg-gallery-thumbnail-box\" >\n\t\t\t\t        <div class=\"ngg-gallery-thumbnail\">\n            <a href=\"http:\/\/16lo.tarman.pl\/wp-content\/gallery\/mikolajkowe-targi-pracy\/IMG_20171129_114642.jpg\"\n               title=\"\"\n               data-src=\"http:\/\/16lo.tarman.pl\/wp-content\/gallery\/mikolajkowe-targi-pracy\/IMG_20171129_114642.jpg\"\n               data-thumbnail=\"http:\/\/16lo.tarman.pl\/wp-content\/gallery\/mikolajkowe-targi-pracy\/thumbs\/thumbs_IMG_20171129_114642.jpg\"\n               data-image-id=\"38905\"\n               data-title=\"dav\"\n               data-description=\"\"\n               data-image-slug=\"img_20171129_114642\"\n               class='thickbox' rel='377d02e7f0763b05176ef2fc4c2e9ad2'>\n                <img\n                    title=\"dav\"\n                    alt=\"dav\"\n                    src=\"http:\/\/16lo.tarman.pl\/wp-content\/gallery\/mikolajkowe-targi-pracy\/thumbs\/thumbs_IMG_20171129_114642.jpg\"\n                    width=\"120\"\n                    height=\"90\"\n                    style=\"max-width:100%;\"\n                \/>\n            <\/a>\n        <\/div>\n\t\t\t\t\t\t\t<\/div> \n\t\t\t\n                            \n\t\t\n\t\t<!-- Pagination -->\n\t<div class='ngg-clear'><\/div>\t<\/div>\n<\/strong><\/p>\n","protected":false},"excerpt":{"rendered":"<p>29 listopada uczniowie klas 3A i 3C wzi\u0119li udzia\u0142 w MIKO\u0141AJKOWYCH TARGACH PRACY w obiektach [&#8230;]<\/p>\n","protected":false},"author":1,"featured_media":0,"comment_status":"closed","ping_status":"closed","sticky":false,"template":"","format":"standard","meta":{"ngg_post_thumbnail":0},"categories":[306],"tags":[],"_links":{"self":[{"href":"http:\/\/16lo.tarman.pl\/index.php?rest_route=\/wp\/v2\/posts\/49827"}],"collection":[{"href":"http:\/\/16lo.tarman.pl\/index.php?rest_route=\/wp\/v2\/posts"}],"about":[{"href":"http:\/\/16lo.tarman.pl\/index.php?rest_route=\/wp\/v2\/types\/post"}],"author":[{"embeddable":true,"href":"http:\/\/16lo.tarman.pl\/index.php?rest_route=\/wp\/v2\/users\/1"}],"replies":[{"embeddable":true,"href":"http:\/\/16lo.tarman.pl\/index.php?rest_route=%2Fwp%2Fv2%2Fcomments&post=49827"}],"version-history":[{"count":1,"href":"http:\/\/16lo.tarman.pl\/index.php?rest_route=\/wp\/v2\/posts\/49827\/revisions"}],"predecessor-version":[{"id":49847,"href":"http:\/\/16lo.tarman.pl\/index.php?rest_route=\/wp\/v2\/posts\/49827\/revisions\/49847"}],"wp:attachment":[{"href":"http:\/\/16lo.tarman.pl\/index.php?rest_route=%2Fwp%2Fv2%2Fmedia&parent=49827"}],"wp:term":[{"taxonomy":"category","embeddable":true,"href":"http:\/\/16lo.tarman.pl\/index.php?rest_route=%2Fwp%2Fv2%2Fcategories&post=49827"},{"taxonomy":"post_tag","embeddable":true,"href":"http:\/\/16lo.tarman.pl\/index.php?rest_route=%2Fwp%2Fv2%2Ftags&post=49827"}],"curies":[{"name":"wp","href":"https:\/\/api.w.org\/{rel}","templated":true}]}}