{"id":49293,"date":"2017-11-22T07:08:39","date_gmt":"2017-11-22T07:08:39","guid":{"rendered":"http:\/\/16lo.tarman.pl\/?p=49293"},"modified":"2017-11-22T07:53:53","modified_gmt":"2017-11-22T07:53:53","slug":"42-edycja-olimpiady-z-jezyka-angielskiego","status":"publish","type":"post","link":"http:\/\/16lo.tarman.pl\/?p=49293","title":{"rendered":"42. edycja Olimpiady z J\u0119zyka Angielskiego"},"content":{"rendered":"<p style=\"text-align: justify;\"><em><img decoding=\"async\" loading=\"lazy\" class=\"alignleft size-full wp-image-49294\" src=\"http:\/\/16lo.tarman.pl\/wp-content\/uploads\/2017\/11\/imagesanglia.jpg\" alt=\"\" width=\"290\" height=\"174\"\/><\/em><\/p>\n<p style=\"text-align: justify;\"><em>W dniu 13 listopada &nbsp;2017 roku w naszej szkole &nbsp;odby\u0142a si\u0119 42. edycja &nbsp;<\/em><\/p>\n<p style=\"text-align: justify;\"><em>Olimpiady z J\u0119zyka Angielskiego, kt\u00f3rej&nbsp; organizatorem jest<\/em><\/p>\n<p style=\"text-align: justify;\"><em>&nbsp; Wy\u017csza Szko\u0142a im. Samula Lindego w Poznaniu. <\/em><\/p>\n<p style=\"text-align: justify;\"><em>Celem tej Olimpiady by\u0142a&nbsp; aktywizacja uczni\u00f3w, aby poprzez celowe zdobywanie wiadomo\u015bci podnosili og\u00f3lny poziom wiedzy.&nbsp; Ucz\u0105c si\u0119 j\u0119zyka angielskiego, mo\u017cna uczy\u0107 si\u0119 my\u015ble\u0107 analitycznie- maj\u0105 na to wp\u0142yw konstrukcje gramatyczne, kt\u00f3re wymagaj\u0105 przemy\u015blenia przed ich u\u017cyciem. &nbsp;Z r\u00f3\u017cnymi zadaniami gramatycznymi zmierzyli si\u0119 najlepsi uczniowie naszej szko\u0142y. <\/em><\/p>\n<p style=\"text-align: justify;\"><em>Opiekunami uczni\u00f3w byli nauczyciele j\u0119zyka angielskiego z XVI LO w Tarnowie natomiast przebieg Olimpiady nadzorowa\u0142 pan magister Piotr Stec i pani magister &nbsp;Beata Libera.<\/em><\/p>\n<p>Wyniki Olimpiady :<\/p>\n<ol>\n<li>Mateusz J\u0119drzejec 3A<\/li>\n<li>Kacz\u00f3wka Zofia 3C \/ Hubert Zdziebko 3C<\/li>\n<li>Party\u0144ski Patryk 1A<\/li>\n<li>Magdalena Pi\u0119ta 1C \/ Damian Ku\u0142aga 1C<\/li>\n<li>Pawe\u0142 Lekarczyk 3B<\/li>\n<li>Tomasz Skubisz 1A \/ Kevin Lech, Gabriela Kwolek 3A \/ Weronika Szczypta 3C \/ Krzysztof Janik 2B<\/li>\n<li>Natalia Charnicka 1C<\/li>\n<li>Micha\u0142ek Karol 1A, Dominika Opoka 2C<\/li>\n<li>Wioletta Pach 3 D\/Aldo Mirga 3D \/Oleksy Patryk 3B<\/li>\n<\/ol>\n<p>WSZYSTKIM UCZESTNIKOM GRATULUJEMY !<\/p>\n","protected":false},"excerpt":{"rendered":"<p>W dniu 13 listopada &nbsp;2017 roku w naszej szkole &nbsp;odby\u0142a si\u0119 42. edycja &nbsp; Olimpiady [&#8230;]<\/p>\n","protected":false},"author":1,"featured_media":0,"comment_status":"closed","ping_status":"closed","sticky":false,"template":"","format":"standard","meta":{"ngg_post_thumbnail":0},"categories":[306],"tags":[],"_links":{"self":[{"href":"http:\/\/16lo.tarman.pl\/index.php?rest_route=\/wp\/v2\/posts\/49293"}],"collection":[{"href":"http:\/\/16lo.tarman.pl\/index.php?rest_route=\/wp\/v2\/posts"}],"about":[{"href":"http:\/\/16lo.tarman.pl\/index.php?rest_route=\/wp\/v2\/types\/post"}],"author":[{"embeddable":true,"href":"http:\/\/16lo.tarman.pl\/index.php?rest_route=\/wp\/v2\/users\/1"}],"replies":[{"embeddable":true,"href":"http:\/\/16lo.tarman.pl\/index.php?rest_route=%2Fwp%2Fv2%2Fcomments&post=49293"}],"version-history":[{"count":5,"href":"http:\/\/16lo.tarman.pl\/index.php?rest_route=\/wp\/v2\/posts\/49293\/revisions"}],"predecessor-version":[{"id":49398,"href":"http:\/\/16lo.tarman.pl\/index.php?rest_route=\/wp\/v2\/posts\/49293\/revisions\/49398"}],"wp:attachment":[{"href":"http:\/\/16lo.tarman.pl\/index.php?rest_route=%2Fwp%2Fv2%2Fmedia&parent=49293"}],"wp:term":[{"taxonomy":"category","embeddable":true,"href":"http:\/\/16lo.tarman.pl\/index.php?rest_route=%2Fwp%2Fv2%2Fcategories&post=49293"},{"taxonomy":"post_tag","embeddable":true,"href":"http:\/\/16lo.tarman.pl\/index.php?rest_route=%2Fwp%2Fv2%2Ftags&post=49293"}],"curies":[{"name":"wp","href":"https:\/\/api.w.org\/{rel}","templated":true}]}}