{"id":48633,"date":"2017-10-26T10:02:51","date_gmt":"2017-10-26T10:02:51","guid":{"rendered":"http:\/\/16lo.tarman.pl\/?p=48633"},"modified":"2017-10-26T10:02:51","modified_gmt":"2017-10-26T10:02:51","slug":"szanowni-panstwo-rodzice-uczniow-klas-trzecich-2","status":"publish","type":"post","link":"http:\/\/16lo.tarman.pl\/?p=48633","title":{"rendered":"Szanowni Pa\u0144stwo!  Rodzice Uczni\u00f3w Klas Trzecich!"},"content":{"rendered":"<p style=\"text-align: justify;\">Uprzejmie Pa\u0144stwa informuj\u0119, \u017ce spotkania z Wychowawcami klas trzecich, &nbsp;kt\u00f3re by\u0142y zaplanowane na dzie\u0144 30 pa\u017adziernika, zosta\u0142y przeniesione na dzie\u0144&nbsp; 6 listopada 2017 r. (tj. poniedzia\u0142ek), na godz. 16. 30.<\/p>\n<p style=\"text-align: justify;\">Godz. 16.30 spotkanie&nbsp; dyrektora&nbsp;&nbsp; szko\u0142y z Rodzicami uczni\u00f3w wszystkich klas trzecich&nbsp; &#8211; sala gimnastyczna (egzamin maturalny, przedmioty rozszerzone)<\/p>\n<p style=\"text-align: justify;\">Godz. 17.00 spotkania z Wychowawcami klas<\/p>\n<p style=\"text-align: justify;\">&nbsp;<\/p>\n<p style=\"text-align: justify;\">Gor\u0105co Pa\u0144stwa przepraszam za zmian\u0119 terminu.<\/p>\n<p style=\"text-align: justify;\">Z wyrazami szacunku<\/p>\n<p style=\"text-align: justify;\">Ewa Witecka<\/p>\n<p style=\"text-align: justify;\">Dyrektor szko\u0142y<\/p>\n","protected":false},"excerpt":{"rendered":"<p>Uprzejmie Pa\u0144stwa informuj\u0119, \u017ce spotkania z Wychowawcami klas trzecich, &nbsp;kt\u00f3re by\u0142y zaplanowane na dzie\u0144 30 [&#8230;]<\/p>\n","protected":false},"author":1,"featured_media":0,"comment_status":"closed","ping_status":"closed","sticky":false,"template":"","format":"standard","meta":{"ngg_post_thumbnail":0},"categories":[110,303],"tags":[],"_links":{"self":[{"href":"http:\/\/16lo.tarman.pl\/index.php?rest_route=\/wp\/v2\/posts\/48633"}],"collection":[{"href":"http:\/\/16lo.tarman.pl\/index.php?rest_route=\/wp\/v2\/posts"}],"about":[{"href":"http:\/\/16lo.tarman.pl\/index.php?rest_route=\/wp\/v2\/types\/post"}],"author":[{"embeddable":true,"href":"http:\/\/16lo.tarman.pl\/index.php?rest_route=\/wp\/v2\/users\/1"}],"replies":[{"embeddable":true,"href":"http:\/\/16lo.tarman.pl\/index.php?rest_route=%2Fwp%2Fv2%2Fcomments&post=48633"}],"version-history":[{"count":1,"href":"http:\/\/16lo.tarman.pl\/index.php?rest_route=\/wp\/v2\/posts\/48633\/revisions"}],"predecessor-version":[{"id":48634,"href":"http:\/\/16lo.tarman.pl\/index.php?rest_route=\/wp\/v2\/posts\/48633\/revisions\/48634"}],"wp:attachment":[{"href":"http:\/\/16lo.tarman.pl\/index.php?rest_route=%2Fwp%2Fv2%2Fmedia&parent=48633"}],"wp:term":[{"taxonomy":"category","embeddable":true,"href":"http:\/\/16lo.tarman.pl\/index.php?rest_route=%2Fwp%2Fv2%2Fcategories&post=48633"},{"taxonomy":"post_tag","embeddable":true,"href":"http:\/\/16lo.tarman.pl\/index.php?rest_route=%2Fwp%2Fv2%2Ftags&post=48633"}],"curies":[{"name":"wp","href":"https:\/\/api.w.org\/{rel}","templated":true}]}}