{"id":47226,"date":"2017-06-26T09:22:08","date_gmt":"2017-06-26T09:22:08","guid":{"rendered":"http:\/\/16lo.tarman.pl\/?p=47226"},"modified":"2017-06-26T09:23:10","modified_gmt":"2017-06-26T09:23:10","slug":"konkurs-piosenki-niemieckojezycznej","status":"publish","type":"post","link":"http:\/\/16lo.tarman.pl\/?p=47226","title":{"rendered":"Konkurs piosenki niemieckoj\u0119zycznej"},"content":{"rendered":"<p style=\"text-align: justify;\">Monika \u015awi\u0119tek z klasy 2 D reprezentowa\u0142a w tym roku nasz\u0105 szko\u0142\u0119 w X Edycji Konkursu Piosenki Niemieckoj\u0119zycznej organizowanym przez ZSO Nr 2.<\/p>\n<p style=\"text-align: justify;\">Monika zaprezentowa\u0142a piosenk\u0119 Maxa Giesingera pt. \u201eWenn si\u0119 tanzt\u201d z akompaniamentem gitary.<\/p>\n<p style=\"text-align: justify;\">Do konkursu przygotowa\u0142a uczennic\u0119 p. Agnieszka Ju\u015bko.<\/p>\n<p style=\"text-align: justify;\">Serdecznie gratulujemy Monice wspania\u0142ego wyst\u0119pu!!!<\/p>\n<p><strong><!-- index.php -->\n<div\n\tclass=\"ngg-galleryoverview ngg-ajax-pagination-none\"\n\tid=\"ngg-gallery-aa9636dae24537117687271e19a55057-1\">\n\n    \t<div class=\"slideshowlink\">\n        <a href='http:\/\/16lo.tarman.pl\/index.php\/nggallery\/slideshow?p=47226'>[Show slideshow]<\/a>\n\t\t\n\t<\/div>\n\t\t\t<!-- Thumbnails -->\n\t\t\t\t<div id=\"ngg-image-0\" class=\"ngg-gallery-thumbnail-box\" >\n\t\t\t\t        <div class=\"ngg-gallery-thumbnail\">\n            <a href=\"http:\/\/16lo.tarman.pl\/wp-content\/gallery\/konkurs-piosenki-niemieckojezycznej\/20170614_102900.jpg\"\n               title=\"\"\n               data-src=\"http:\/\/16lo.tarman.pl\/wp-content\/gallery\/konkurs-piosenki-niemieckojezycznej\/20170614_102900.jpg\"\n               data-thumbnail=\"http:\/\/16lo.tarman.pl\/wp-content\/gallery\/konkurs-piosenki-niemieckojezycznej\/thumbs\/thumbs_20170614_102900.jpg\"\n               data-image-id=\"37786\"\n               data-title=\"20170614_102900\"\n               data-description=\"\"\n               data-image-slug=\"20170614_102900\"\n               class='thickbox' rel='aa9636dae24537117687271e19a55057'>\n                <img\n                    title=\"20170614_102900\"\n                    alt=\"20170614_102900\"\n                    src=\"http:\/\/16lo.tarman.pl\/wp-content\/gallery\/konkurs-piosenki-niemieckojezycznej\/thumbs\/thumbs_20170614_102900.jpg\"\n                    width=\"120\"\n                    height=\"90\"\n                    style=\"max-width:100%;\"\n                \/>\n            <\/a>\n        <\/div>\n\t\t\t\t\t\t\t<\/div> \n\t\t\t\n                            \n\t\t\t\t<div id=\"ngg-image-1\" class=\"ngg-gallery-thumbnail-box\" >\n\t\t\t\t        <div class=\"ngg-gallery-thumbnail\">\n            <a href=\"http:\/\/16lo.tarman.pl\/wp-content\/gallery\/konkurs-piosenki-niemieckojezycznej\/20170614_102916.jpg\"\n               title=\"\"\n               data-src=\"http:\/\/16lo.tarman.pl\/wp-content\/gallery\/konkurs-piosenki-niemieckojezycznej\/20170614_102916.jpg\"\n               data-thumbnail=\"http:\/\/16lo.tarman.pl\/wp-content\/gallery\/konkurs-piosenki-niemieckojezycznej\/thumbs\/thumbs_20170614_102916.jpg\"\n               data-image-id=\"37787\"\n               data-title=\"20170614_102916\"\n               data-description=\"\"\n               data-image-slug=\"20170614_102916\"\n               class='thickbox' rel='aa9636dae24537117687271e19a55057'>\n                <img\n                    title=\"20170614_102916\"\n                    alt=\"20170614_102916\"\n                    src=\"http:\/\/16lo.tarman.pl\/wp-content\/gallery\/konkurs-piosenki-niemieckojezycznej\/thumbs\/thumbs_20170614_102916.jpg\"\n                    width=\"120\"\n                    height=\"90\"\n                    style=\"max-width:100%;\"\n                \/>\n            <\/a>\n        <\/div>\n\t\t\t\t\t\t\t<\/div> \n\t\t\t\n                            \n\t\t\t\t<div id=\"ngg-image-2\" class=\"ngg-gallery-thumbnail-box\" >\n\t\t\t\t        <div class=\"ngg-gallery-thumbnail\">\n            <a href=\"http:\/\/16lo.tarman.pl\/wp-content\/gallery\/konkurs-piosenki-niemieckojezycznej\/20170614_103636.jpg\"\n               title=\"\"\n               data-src=\"http:\/\/16lo.tarman.pl\/wp-content\/gallery\/konkurs-piosenki-niemieckojezycznej\/20170614_103636.jpg\"\n               data-thumbnail=\"http:\/\/16lo.tarman.pl\/wp-content\/gallery\/konkurs-piosenki-niemieckojezycznej\/thumbs\/thumbs_20170614_103636.jpg\"\n               data-image-id=\"37788\"\n               data-title=\"20170614_103636\"\n               data-description=\"\"\n               data-image-slug=\"20170614_103636\"\n               class='thickbox' rel='aa9636dae24537117687271e19a55057'>\n                <img\n                    title=\"20170614_103636\"\n                    alt=\"20170614_103636\"\n                    src=\"http:\/\/16lo.tarman.pl\/wp-content\/gallery\/konkurs-piosenki-niemieckojezycznej\/thumbs\/thumbs_20170614_103636.jpg\"\n                    width=\"120\"\n                    height=\"90\"\n                    style=\"max-width:100%;\"\n                \/>\n            <\/a>\n        <\/div>\n\t\t\t\t\t\t\t<\/div> \n\t\t\t\n                            \n\t\t\t\t<div id=\"ngg-image-3\" class=\"ngg-gallery-thumbnail-box\" >\n\t\t\t\t        <div class=\"ngg-gallery-thumbnail\">\n            <a href=\"http:\/\/16lo.tarman.pl\/wp-content\/gallery\/konkurs-piosenki-niemieckojezycznej\/20170614_103742.jpg\"\n               title=\"\"\n               data-src=\"http:\/\/16lo.tarman.pl\/wp-content\/gallery\/konkurs-piosenki-niemieckojezycznej\/20170614_103742.jpg\"\n               data-thumbnail=\"http:\/\/16lo.tarman.pl\/wp-content\/gallery\/konkurs-piosenki-niemieckojezycznej\/thumbs\/thumbs_20170614_103742.jpg\"\n               data-image-id=\"37789\"\n               data-title=\"20170614_103742\"\n               data-description=\"\"\n               data-image-slug=\"20170614_103742\"\n               class='thickbox' rel='aa9636dae24537117687271e19a55057'>\n                <img\n                    title=\"20170614_103742\"\n                    alt=\"20170614_103742\"\n                    src=\"http:\/\/16lo.tarman.pl\/wp-content\/gallery\/konkurs-piosenki-niemieckojezycznej\/thumbs\/thumbs_20170614_103742.jpg\"\n                    width=\"120\"\n                    height=\"90\"\n                    style=\"max-width:100%;\"\n                \/>\n            <\/a>\n        <\/div>\n\t\t\t\t\t\t\t<\/div> \n\t\t\t\n                            \n\t\t\t\t<div id=\"ngg-image-4\" class=\"ngg-gallery-thumbnail-box\" >\n\t\t\t\t        <div class=\"ngg-gallery-thumbnail\">\n            <a href=\"http:\/\/16lo.tarman.pl\/wp-content\/gallery\/konkurs-piosenki-niemieckojezycznej\/20170614_104105.jpg\"\n               title=\"\"\n               data-src=\"http:\/\/16lo.tarman.pl\/wp-content\/gallery\/konkurs-piosenki-niemieckojezycznej\/20170614_104105.jpg\"\n               data-thumbnail=\"http:\/\/16lo.tarman.pl\/wp-content\/gallery\/konkurs-piosenki-niemieckojezycznej\/thumbs\/thumbs_20170614_104105.jpg\"\n               data-image-id=\"37790\"\n               data-title=\"20170614_104105\"\n               data-description=\"\"\n               data-image-slug=\"20170614_104105\"\n               class='thickbox' rel='aa9636dae24537117687271e19a55057'>\n                <img\n                    title=\"20170614_104105\"\n                    alt=\"20170614_104105\"\n                    src=\"http:\/\/16lo.tarman.pl\/wp-content\/gallery\/konkurs-piosenki-niemieckojezycznej\/thumbs\/thumbs_20170614_104105.jpg\"\n                    width=\"120\"\n                    height=\"90\"\n                    style=\"max-width:100%;\"\n                \/>\n            <\/a>\n        <\/div>\n\t\t\t\t\t\t\t<\/div> \n\t\t\t\n                                    <br style=\"clear: both\" \/>\n                    \n\t\t\t\t<div id=\"ngg-image-5\" class=\"ngg-gallery-thumbnail-box\" >\n\t\t\t\t        <div class=\"ngg-gallery-thumbnail\">\n            <a href=\"http:\/\/16lo.tarman.pl\/wp-content\/gallery\/konkurs-piosenki-niemieckojezycznej\/20170614_111250.jpg\"\n               title=\"\"\n               data-src=\"http:\/\/16lo.tarman.pl\/wp-content\/gallery\/konkurs-piosenki-niemieckojezycznej\/20170614_111250.jpg\"\n               data-thumbnail=\"http:\/\/16lo.tarman.pl\/wp-content\/gallery\/konkurs-piosenki-niemieckojezycznej\/thumbs\/thumbs_20170614_111250.jpg\"\n               data-image-id=\"37791\"\n               data-title=\"20170614_111250\"\n               data-description=\"\"\n               data-image-slug=\"20170614_111250\"\n               class='thickbox' rel='aa9636dae24537117687271e19a55057'>\n                <img\n                    title=\"20170614_111250\"\n                    alt=\"20170614_111250\"\n                    src=\"http:\/\/16lo.tarman.pl\/wp-content\/gallery\/konkurs-piosenki-niemieckojezycznej\/thumbs\/thumbs_20170614_111250.jpg\"\n                    width=\"120\"\n                    height=\"90\"\n                    style=\"max-width:100%;\"\n                \/>\n            <\/a>\n        <\/div>\n\t\t\t\t\t\t\t<\/div> \n\t\t\t\n                            \n\t\t\t\t<div id=\"ngg-image-6\" class=\"ngg-gallery-thumbnail-box\" >\n\t\t\t\t        <div class=\"ngg-gallery-thumbnail\">\n            <a href=\"http:\/\/16lo.tarman.pl\/wp-content\/gallery\/konkurs-piosenki-niemieckojezycznej\/20170614_115822.jpg\"\n               title=\"\"\n               data-src=\"http:\/\/16lo.tarman.pl\/wp-content\/gallery\/konkurs-piosenki-niemieckojezycznej\/20170614_115822.jpg\"\n               data-thumbnail=\"http:\/\/16lo.tarman.pl\/wp-content\/gallery\/konkurs-piosenki-niemieckojezycznej\/thumbs\/thumbs_20170614_115822.jpg\"\n               data-image-id=\"37792\"\n               data-title=\"20170614_115822\"\n               data-description=\"\"\n               data-image-slug=\"20170614_115822\"\n               class='thickbox' rel='aa9636dae24537117687271e19a55057'>\n                <img\n                    title=\"20170614_115822\"\n                    alt=\"20170614_115822\"\n                    src=\"http:\/\/16lo.tarman.pl\/wp-content\/gallery\/konkurs-piosenki-niemieckojezycznej\/thumbs\/thumbs_20170614_115822.jpg\"\n                    width=\"120\"\n                    height=\"90\"\n                    style=\"max-width:100%;\"\n                \/>\n            <\/a>\n        <\/div>\n\t\t\t\t\t\t\t<\/div> \n\t\t\t\n                            \n\t\t\n\t\t<!-- Pagination -->\n\t<div class='ngg-clear'><\/div>\t<\/div>\n<\/strong><\/p>\n","protected":false},"excerpt":{"rendered":"<p>Monika \u015awi\u0119tek z klasy 2 D reprezentowa\u0142a w tym roku nasz\u0105 szko\u0142\u0119 w X Edycji [&#8230;]<\/p>\n","protected":false},"author":1,"featured_media":0,"comment_status":"closed","ping_status":"closed","sticky":false,"template":"","format":"standard","meta":{"ngg_post_thumbnail":0},"categories":[298,114],"tags":[],"_links":{"self":[{"href":"http:\/\/16lo.tarman.pl\/index.php?rest_route=\/wp\/v2\/posts\/47226"}],"collection":[{"href":"http:\/\/16lo.tarman.pl\/index.php?rest_route=\/wp\/v2\/posts"}],"about":[{"href":"http:\/\/16lo.tarman.pl\/index.php?rest_route=\/wp\/v2\/types\/post"}],"author":[{"embeddable":true,"href":"http:\/\/16lo.tarman.pl\/index.php?rest_route=\/wp\/v2\/users\/1"}],"replies":[{"embeddable":true,"href":"http:\/\/16lo.tarman.pl\/index.php?rest_route=%2Fwp%2Fv2%2Fcomments&post=47226"}],"version-history":[{"count":1,"href":"http:\/\/16lo.tarman.pl\/index.php?rest_route=\/wp\/v2\/posts\/47226\/revisions"}],"predecessor-version":[{"id":47242,"href":"http:\/\/16lo.tarman.pl\/index.php?rest_route=\/wp\/v2\/posts\/47226\/revisions\/47242"}],"wp:attachment":[{"href":"http:\/\/16lo.tarman.pl\/index.php?rest_route=%2Fwp%2Fv2%2Fmedia&parent=47226"}],"wp:term":[{"taxonomy":"category","embeddable":true,"href":"http:\/\/16lo.tarman.pl\/index.php?rest_route=%2Fwp%2Fv2%2Fcategories&post=47226"},{"taxonomy":"post_tag","embeddable":true,"href":"http:\/\/16lo.tarman.pl\/index.php?rest_route=%2Fwp%2Fv2%2Ftags&post=47226"}],"curies":[{"name":"wp","href":"https:\/\/api.w.org\/{rel}","templated":true}]}}