{"id":43560,"date":"2017-04-20T10:32:37","date_gmt":"2017-04-20T10:32:37","guid":{"rendered":"http:\/\/16lo.tarman.pl\/?p=43560"},"modified":"2017-04-20T10:32:37","modified_gmt":"2017-04-20T10:32:37","slug":"wielkanoc-z-pck-2","status":"publish","type":"post","link":"http:\/\/16lo.tarman.pl\/?p=43560","title":{"rendered":"Wielkanoc z PCK"},"content":{"rendered":"<p style=\"text-align: justify;\"><img decoding=\"async\" loading=\"lazy\" class=\"alignleft wp-image-43561 size-thumbnail\" src=\"http:\/\/16lo.tarman.pl\/wp-content\/uploads\/2017\/04\/BIG20090411_blog_wielkanoc_2009.jpg-150x150.jpg\" alt=\"\" height=\"150\" width=\"150\" srcset=\"http:\/\/16lo.tarman.pl\/wp-content\/uploads\/2017\/04\/BIG20090411_blog_wielkanoc_2009.jpg-150x150.jpg 150w, http:\/\/16lo.tarman.pl\/wp-content\/uploads\/2017\/04\/BIG20090411_blog_wielkanoc_2009.jpg-300x300.jpg 300w, http:\/\/16lo.tarman.pl\/wp-content\/uploads\/2017\/04\/BIG20090411_blog_wielkanoc_2009.jpg-90x90.jpg 90w, http:\/\/16lo.tarman.pl\/wp-content\/uploads\/2017\/04\/BIG20090411_blog_wielkanoc_2009.jpg-75x75.jpg 75w, http:\/\/16lo.tarman.pl\/wp-content\/uploads\/2017\/04\/BIG20090411_blog_wielkanoc_2009.jpg.jpg 720w\" sizes=\"(max-width: 150px) 100vw, 150px\" \/>Zako\u0144czy\u0142a si\u0119 kolejna ju\u017c, szkolna edycja akcji charytatywnej&nbsp; ,,Wielkanoc z PCK\u201d.&nbsp; Akcja ma na celu przekazanie paczek zawieraj\u0105cych artyku\u0142y \u017cywno\u015bciowe najubo\u017cszym rodzin z naszego miasta i jest odpowiedzi\u0105 na apel Zarz\u0105du Rejonowego PCK dla Powiatu Grodzkiego w Tarnowie.<\/p>\n<p style=\"text-align: justify;\">Jak co roku uczniowie naszej szko\u0142y nie zawiedli i ochoczo odpowiedzieli na pro\u015bb\u0119 cz\u0142onk\u00f3w SK PCK, &nbsp;ofiarowuj\u0105c zar\u00f3wno indywidualnie jak i klasowo,&nbsp; produkty \u017cywno\u015bciowe o d\u0142ugim okresie przydatno\u015bci do spo\u017cycia. Wszystkie dary przed \u015awi\u0119tami dotar\u0142y do potrzebuj\u0105cych.<\/p>\n<p style=\"text-align: justify;\">Wszystkim, kt\u00f3rzy wsparli t\u0119 akcj\u0119 charytatywn\u0105 serdecznie dzi\u0119kujemy.<\/p>\n<p style=\"text-align: justify;\">Opiekun akcji&nbsp; <strong>mgr Anna Krakowska<\/strong><\/p>\n","protected":false},"excerpt":{"rendered":"<p>Zako\u0144czy\u0142a si\u0119 kolejna ju\u017c, szkolna edycja akcji charytatywnej&nbsp; ,,Wielkanoc z PCK\u201d.&nbsp; Akcja ma na celu [&#8230;]<\/p>\n","protected":false},"author":1,"featured_media":0,"comment_status":"closed","ping_status":"closed","sticky":false,"template":"","format":"standard","meta":{"ngg_post_thumbnail":0},"categories":[291,30],"tags":[],"_links":{"self":[{"href":"http:\/\/16lo.tarman.pl\/index.php?rest_route=\/wp\/v2\/posts\/43560"}],"collection":[{"href":"http:\/\/16lo.tarman.pl\/index.php?rest_route=\/wp\/v2\/posts"}],"about":[{"href":"http:\/\/16lo.tarman.pl\/index.php?rest_route=\/wp\/v2\/types\/post"}],"author":[{"embeddable":true,"href":"http:\/\/16lo.tarman.pl\/index.php?rest_route=\/wp\/v2\/users\/1"}],"replies":[{"embeddable":true,"href":"http:\/\/16lo.tarman.pl\/index.php?rest_route=%2Fwp%2Fv2%2Fcomments&post=43560"}],"version-history":[{"count":1,"href":"http:\/\/16lo.tarman.pl\/index.php?rest_route=\/wp\/v2\/posts\/43560\/revisions"}],"predecessor-version":[{"id":43562,"href":"http:\/\/16lo.tarman.pl\/index.php?rest_route=\/wp\/v2\/posts\/43560\/revisions\/43562"}],"wp:attachment":[{"href":"http:\/\/16lo.tarman.pl\/index.php?rest_route=%2Fwp%2Fv2%2Fmedia&parent=43560"}],"wp:term":[{"taxonomy":"category","embeddable":true,"href":"http:\/\/16lo.tarman.pl\/index.php?rest_route=%2Fwp%2Fv2%2Fcategories&post=43560"},{"taxonomy":"post_tag","embeddable":true,"href":"http:\/\/16lo.tarman.pl\/index.php?rest_route=%2Fwp%2Fv2%2Ftags&post=43560"}],"curies":[{"name":"wp","href":"https:\/\/api.w.org\/{rel}","templated":true}]}}