{"id":3860,"date":"2014-07-01T07:00:16","date_gmt":"2014-07-01T07:00:16","guid":{"rendered":"http:\/\/16lo.tarman.pl\/?p=3860"},"modified":"2014-07-01T07:32:53","modified_gmt":"2014-07-01T07:32:53","slug":"zakonczenie-roku-szkolnego-2","status":"publish","type":"post","link":"http:\/\/16lo.tarman.pl\/?p=3860","title":{"rendered":"Wakacje 2014"},"content":{"rendered":"<p style=\"text-align: justify;\"><a href=\"http:\/\/16lo.tarman.pl\/wp-content\/uploads\/2014\/06\/slonko.gif\"><img decoding=\"async\" loading=\"lazy\" class=\"alignleft size-thumbnail wp-image-3867\" title=\"slonko\" src=\"http:\/\/16lo.tarman.pl\/wp-content\/uploads\/2014\/06\/slonko-150x150.gif\" alt=\"\" width=\"150\" height=\"150\" \/><\/a>Z okazji zako\u0144czenia roku szkolnego dzi\u0119kuj\u0105c za ca\u0142oroczn\u0105 prac\u0119, trud i wysi\u0142ek oraz sukcesy i osi\u0105gni\u0119cia, \u017cycz\u0119 Gronu Pedagogicznemu, Pracownikom AiO,\u00a0 Rodzicom, a przede wszystkim Wam Moi Uczniowie wspania\u0142ych, s\u0142onecznych, pe\u0142nych wra\u017ce\u0144 wakacji. Niech pogoda ducha, rado\u015b\u0107 i realizacja wakacyjnych marze\u0144 dadz\u0105 Wam si\u0142\u0119 do podejmowania nowych wyzwa\u0144 i zamierze\u0144. Darii, Kamili, Adamowi wspania\u0142ej tr\u00f3jce uczni\u00f3w, kt\u00f3rzy w nagrod\u0119 za wzorowe wyniki w nauce wyje\u017cd\u017caj\u0105 na szkoleniowy \u2013 skoki na spadochronie \u2013 ob\u00f3z\u00a0 sportowy,\u00a0 gratuluj\u0119 i \u017cycz\u0119\u00a0 podniebnych wra\u017ce\u0144 i szcz\u0119\u015bliwego powrotu. Trzymamy za Was kciuki!<\/p>\n<p style=\"text-align: justify;\">Ewa Witecka<\/p>\n<p style=\"text-align: justify;\">Dyrektor szko\u0142y<\/p>\n","protected":false},"excerpt":{"rendered":"<p>Z okazji zako\u0144czenia roku szkolnego dzi\u0119kuj\u0105c za ca\u0142oroczn\u0105 prac\u0119, trud i wysi\u0142ek oraz sukcesy i [&#8230;]<\/p>\n","protected":false},"author":1,"featured_media":0,"comment_status":"closed","ping_status":"closed","sticky":false,"template":"","format":"standard","meta":{"ngg_post_thumbnail":0},"categories":[203],"tags":[],"_links":{"self":[{"href":"http:\/\/16lo.tarman.pl\/index.php?rest_route=\/wp\/v2\/posts\/3860"}],"collection":[{"href":"http:\/\/16lo.tarman.pl\/index.php?rest_route=\/wp\/v2\/posts"}],"about":[{"href":"http:\/\/16lo.tarman.pl\/index.php?rest_route=\/wp\/v2\/types\/post"}],"author":[{"embeddable":true,"href":"http:\/\/16lo.tarman.pl\/index.php?rest_route=\/wp\/v2\/users\/1"}],"replies":[{"embeddable":true,"href":"http:\/\/16lo.tarman.pl\/index.php?rest_route=%2Fwp%2Fv2%2Fcomments&post=3860"}],"version-history":[{"count":4,"href":"http:\/\/16lo.tarman.pl\/index.php?rest_route=\/wp\/v2\/posts\/3860\/revisions"}],"predecessor-version":[{"id":3862,"href":"http:\/\/16lo.tarman.pl\/index.php?rest_route=\/wp\/v2\/posts\/3860\/revisions\/3862"}],"wp:attachment":[{"href":"http:\/\/16lo.tarman.pl\/index.php?rest_route=%2Fwp%2Fv2%2Fmedia&parent=3860"}],"wp:term":[{"taxonomy":"category","embeddable":true,"href":"http:\/\/16lo.tarman.pl\/index.php?rest_route=%2Fwp%2Fv2%2Fcategories&post=3860"},{"taxonomy":"post_tag","embeddable":true,"href":"http:\/\/16lo.tarman.pl\/index.php?rest_route=%2Fwp%2Fv2%2Ftags&post=3860"}],"curies":[{"name":"wp","href":"https:\/\/api.w.org\/{rel}","templated":true}]}}